{"id":1079,"date":"2012-03-02T22:22:39","date_gmt":"2012-03-02T21:22:39","guid":{"rendered":"http:\/\/novysmer.cz\/index.php\/2012\/03\/02\/k-volb-noveho-presidenta-srn\/"},"modified":"2012-03-02T22:22:39","modified_gmt":"2012-03-02T21:22:39","slug":"k-volb-noveho-presidenta-srn","status":"publish","type":"post","link":"http:\/\/novysmer.cz\/index.php\/2012\/03\/02\/k-volb-noveho-presidenta-srn\/","title":{"rendered":"K volb\u011b nov\u00e9ho presidenta SRN"},"content":{"rendered":"<p><strong><img loading=\"lazy\" class=\" alignleft size-full wp-image-1078\" style=\"float: left;\" alt=\"dielinke\" src=\"http:\/\/novysmer.cz\/wp-content\/uploads\/2012\/03\/dielinke.jpg\" height=\"60\" width=\"200\" \/>Hlavn\u00ed body postoje Die Linke k volb\u011b nov\u00e9ho spolkov\u00e9ho presidenta<\/strong><\/p>\n<p> <!--more--> <\/p>\n<p style=\"text-align: justify;\">Je skand\u00e1ln\u00ed, \u017ee kancl\u00e9\u0159ka pozvala jen p\u011bt ze \u0161esti stran Bundestagu k nalezen\u00ed spole\u010dn\u00e9ho kandid\u00e1ta. T\u00edmto \u0159ekla p\u011bti mili\u00f3n\u016fm lid\u00ed, kte\u0159\u00ed volili Die Linke, \u017ee jejich n\u00e1zor nen\u00ed d\u016fle\u017eit\u00fd.<\/p>\n<p style=\"text-align: justify;\">&nbsp;<\/p>\n<p style=\"text-align: justify;\">DIE LINKE byla p\u0159ipravena hledat kandid\u00e1ta v\u0161ech stran. V diskusi byla i jm\u00e9na, kter\u00e1 byla i pro n\u00e1s p\u0159ijateln\u00e1.<\/p>\n<p style=\"text-align: justify;\">Joachim Gauck pro n\u00e1s p\u0159ijateln\u00fd nen\u00ed, proto\u017ee jeho stanoviska v minulosti jej ukazuj\u00ed jako politicky zna\u010dn\u011b konzervativn\u00edho.<\/p>\n<p style=\"text-align: justify;\">Hlavn\u00ed kritika je:<\/p>\n<p style=\"text-align: justify;\">&#8211; Obhajuje finan\u010dn\u00ed trh \u0159\u00edzen\u00fd kapitalismem. Nazval \u201ez\u00e1borov\u00e9\u201c (\u201coccupy\u201d) hnut\u00ed za ob\u010dansk\u00e1 pr\u00e1va \u201ehloup\u00fdm\u201c.<\/p>\n<p style=\"text-align: justify;\">&#8211; Obhajoval trh pr\u00e1ce a spole\u010densk\u00e9 \u201ereformy\u201c posledn\u00edch let (Hartz IV) a hanobil nezam\u011bstnan\u00e9.<\/p>\n<p style=\"text-align: justify;\">&#8211; Ozna\u010dil afgh\u00e1nskou misi n\u011bmeck\u00e9 arm\u00e1dy za \u201ep\u0159ijatelnou\u201c.<\/p>\n<p style=\"text-align: justify;\">&#8211; Byl pro zachyt\u00e1v\u00e1n\u00ed telekomunika\u010dn\u00edch dat, co\u017e je \u00fatok na ob\u010dansk\u00e1 pr\u00e1va.<\/p>\n<p style=\"text-align: justify;\">&#8211; M\u011bl velmi konzervativn\u00ed p\u0159\u00edstup k ot\u00e1zce za\u010dlen\u011bn\u00ed migrant\u016f. Po odpov\u011bdi sd\u011blovac\u00edm prost\u0159edk\u016fm, kter\u00e1 nazvala Gaucka \u201epresidentem srdc\u00ed\u201c po jeho prvn\u00ed kandidatu\u0159e (proti Wulffovi v r. 2010), Gesine L\u00f6tzschov\u00e1 prohl\u00e1sila, \u017ee on bude \u201epresidentem chladn\u00fdch srdc\u00ed\u201c.<\/p>\n<p style=\"text-align: justify;\">V\u00fdkonn\u00fd v\u00fdbor DIE LINKE se sejde s p\u0159edsedy st\u00e1tn\u00edch organizac\u00ed DIE LINKE ve \u010dtvrtek (23. \u00fanora 2012) odpoledne a rozhodne o vlastn\u00edm kandid\u00e1tovi DIE LINKE. Ot\u00e1zka, zda DIE LINKE p\u0159edstav\u00ed vlastn\u00edho kandid\u00e1ta, je otev\u0159en\u00e1.<\/p>\n<p style=\"text-align: justify;\">Andreas G\u00fcnther,&nbsp;<\/p>\n<p style=\"text-align: justify;\">DIE LINKE<\/p>\n","protected":false},"excerpt":{"rendered":"<p>Hlavn\u00ed body postoje Die Linke k volb\u011b nov\u00e9ho spolkov\u00e9ho presidenta<\/p>\n","protected":false},"author":1,"featured_media":1078,"comment_status":"open","ping_status":"open","sticky":false,"template":"","format":"standard","meta":{"_mi_skip_tracking":false,"_exactmetrics_sitenote_active":false,"_exactmetrics_sitenote_note":"","_exactmetrics_sitenote_category":0},"categories":[9],"tags":[47],"_links":{"self":[{"href":"http:\/\/novysmer.cz\/index.php\/wp-json\/wp\/v2\/posts\/1079"}],"collection":[{"href":"http:\/\/novysmer.cz\/index.php\/wp-json\/wp\/v2\/posts"}],"about":[{"href":"http:\/\/novysmer.cz\/index.php\/wp-json\/wp\/v2\/types\/post"}],"author":[{"embeddable":true,"href":"http:\/\/novysmer.cz\/index.php\/wp-json\/wp\/v2\/users\/1"}],"replies":[{"embeddable":true,"href":"http:\/\/novysmer.cz\/index.php\/wp-json\/wp\/v2\/comments?post=1079"}],"version-history":[{"count":0,"href":"http:\/\/novysmer.cz\/index.php\/wp-json\/wp\/v2\/posts\/1079\/revisions"}],"wp:featuredmedia":[{"embeddable":true,"href":"http:\/\/novysmer.cz\/index.php\/wp-json\/wp\/v2\/media\/1078"}],"wp:attachment":[{"href":"http:\/\/novysmer.cz\/index.php\/wp-json\/wp\/v2\/media?parent=1079"}],"wp:term":[{"taxonomy":"category","embeddable":true,"href":"http:\/\/novysmer.cz\/index.php\/wp-json\/wp\/v2\/categories?post=1079"},{"taxonomy":"post_tag","embeddable":true,"href":"http:\/\/novysmer.cz\/index.php\/wp-json\/wp\/v2\/tags?post=1079"}],"curies":[{"name":"wp","href":"https:\/\/api.w.org\/{rel}","templated":true}]}}