{"id":1299,"date":"2012-08-10T18:42:31","date_gmt":"2012-08-10T16:42:31","guid":{"rendered":"http:\/\/novysmer.cz\/index.php\/2012\/08\/10\/kdo-byl-jan-nalepka\/"},"modified":"2012-08-10T18:42:31","modified_gmt":"2012-08-10T16:42:31","slug":"kdo-byl-jan-nalepka","status":"publish","type":"post","link":"http:\/\/novysmer.cz\/index.php\/2012\/08\/10\/kdo-byl-jan-nalepka\/","title":{"rendered":"Kdo byl J\u00e1n N\u00e1lepka?"},"content":{"rendered":"<p style=\"text-align: justify;\"><strong><img loading=\"lazy\" class=\" alignleft size-full wp-image-1298\" style=\"float: left;\" alt=\"nalepka\" src=\"http:\/\/novysmer.cz\/wp-content\/uploads\/2012\/08\/nalepka.jpg\" height=\"162\" width=\"120\" \/>Presidium Nejvy\u0161\u0161\u00edho sov\u011btu SSSR ud\u011blilo tituly hrdin\u016f Sov\u011btsk\u00e9ho svazu \u010dtrn\u00e1cti zahrani\u010dn\u00edm \u00fa\u010dastn\u00edk\u016fm Velk\u00e9 vlasteneck\u00e9 v\u00e1lky (\u010dty\u0159em \u010cech\u016fm, \u010dty\u0159em Francouz\u016fm, t\u0159em Pol\u00e1k\u016fm, jednomu Slov\u00e1kovi, jednomu zakarpatsk\u00e9mu Ukrajinci a jednomu \u0160pan\u011blovi).<\/strong><\/p>\n<p style=\"text-align: justify;\"><strong>T\u00edmto nejvy\u0161\u0161\u00edm vyznamen\u00e1n\u00edm byl poct\u011bn i legend\u00e1rn\u00ed kapit\u00e1n J\u00e1n N\u00e1lepka-Repkin.<\/strong><\/p>\n<p> <!--more--> <\/p>\n<p style=\"text-align: justify;\">Dvakr\u00e1t musel putovat tesa\u0159 N\u00e1lepka ze zaostal\u00e9ho Slovenska za oce\u00e1n, aby si tam v pensylv\u00e1nsk\u00fdch dolech vyd\u011blal n\u011bjak\u00e9 dolary, za n\u011b\u017e by si mohl koupit mal\u00e9 gazdovstv\u00ed. M\u011bl na krku osm d\u011bt\u00ed a ty byly v\u011b\u010dn\u011b bos\u00e9 i hladov\u00e9. A musely se je\u0161t\u011b v\u00edc uskrovnit, kdy\u017e kanto\u0159i p\u0159emluvili star\u00e9ho N\u00e1lepku, aby dal sv\u00e9ho t\u0159et\u00edho synka J\u00e1na (narodil se 21. 12. 1912 ve Smi\u017eanech u Spi\u0161sk\u00e9 Nov\u00e9 Vsi) na u\u010ditelsk\u00fd \u00fastav.<\/p>\n<p style=\"text-align: justify;\">Mlad\u00fd kantor N\u00e1lepka u\u010diteloval v Mar\u00edkovej, v Bielej Vode a ve Stupav\u011b. A v\u0161ude nar\u00e1\u017eel na b\u00eddu, zaostalost, alkoholismus a n\u00e1bo\u017eensk\u00e9 tm\u00e1\u0159stv\u00ed. Organizuje chalupn\u00edky proti vyd\u0159idu\u0161sk\u00e9mu da\u0148ov\u00e9mu syst\u00e9mu a Krajinsk\u00fd \u00fa\u0159ad v Bratislav\u011b ho za pobu\u0159ov\u00e1n\u00ed 16.2.1934 odsuzuje na 24 hodin do v\u011bzen\u00ed a ukl\u00e1d\u00e1 mu pokutu. P\u00ed\u0161e \u010dl\u00e1nky do novin, po\u0159\u00e1d\u00e1 osv\u011btov\u00e9 a politick\u00e9 p\u0159edn\u00e1\u0161ky a za to ho zfanatizovan\u00ed lu\u010f\u00e1ci vyh\u00e1n\u011bj\u00ed ze Stupavy do Nemeckej Poruby a tam je definitivn\u011b zbaven u\u010ditelsk\u00e9ho dekretu.<\/p>\n<p style=\"text-align: justify;\">\u00da\u0159ady rozhodly, jak dostat \u201erud\u00e9ho socana&#8220; N\u00e1lepku pod kontrolu: je povol\u00e1n do arm\u00e1dy a z moci \u00fa\u0159edn\u00ed aktivov\u00e1n jako d\u016fstojn\u00edk z povol\u00e1n\u00ed. Nejprve ho nasadili do v\u00e1le\u010dn\u00e9 kampan\u011b proti Ma\u010farsku a proti Polsku a pak kone\u010dn\u011b do v\u00e1lky proti SSSR. Odch\u00e1z\u00ed na v\u00fdchodn\u00ed frontu se \u0161t\u00e1bem tzv. zaji\u0161\u0165ovac\u00ed divize. Doma rodi\u010d\u016fm p\u0159i n\u00e1v\u0161t\u011bv\u011b \u0159ekl, \u017ee v\u00ed, kde je jeho m\u00edsto, a podle toho tak\u00e9 jednal. Proto ho z trestu p\u0159emis\u0165uj\u00ed ke \u0161t\u00e1bu slovensk\u00e9ho 101. pluku, kter\u00fd m\u00e1 zaji\u0161\u0165ovat bezpe\u010dn\u00fd provoz na strategicky v\u00fdznamn\u00e9 trati Gomel\u2014Pinsk.<\/p>\n<p style=\"text-align: justify;\">Stotn\u00edk N\u00e1lepka hore\u010dn\u011b rozv\u00edj\u00ed svou antifa\u0161istickou \u010dinnost a je to zn\u00e1t \u2014 sloven\u0161t\u00ed voj\u00e1ci propou\u0161t\u011bj\u00ed zajat\u00e9 partyz\u00e1ny, sami vyhazuj\u00ed koleje do vzduchu, odm\u00edtaj\u00ed se pod\u00edlet na k\u00e1rn\u00fdch v\u00fdprav\u00e1ch, uj\u00ed\u017ed\u011bj\u00ed k bol\u0161evik\u016fm v tanc\u00edch a dokonce za ta\u017een\u00ed proti partyz\u00e1n\u016fm obracej\u00ed hlavn\u011b sv\u00fdch bateri\u00ed na okupanty. Partyz\u00e1ni svazku gener\u00e1la Saburova, s nimi\u017e je N\u00e1lepka v denn\u00edm spojen\u00ed, znaj\u00ed tohoto nen\u00e1padn\u00e9ho slovensk\u00e9ho stotn\u00edka v br\u00fdl\u00edch pod kryc\u00edm jm\u00e9nem \u201eRepkin&#8220;. V noci na 15.5.1943 mu spojka vy\u0159\u00eddila vzkaz hrdiny Sov\u011btsk\u00e9ho svazu A.B.Saburova, aby okam\u017eit\u011b p\u0159i\u0161el k n\u011bmu do lesn\u00edho t\u00e1bora, nebo\u0165 fa\u0161ist\u00e9 chystaj\u00ed s \u201evelezr\u00e1dn\u00fdmi Slov\u00e1ky&#8220; poln\u00ed soud. Setn\u00edk N\u00e1lepka sedl na kon\u011b a v doprovodu n\u011bkolika nejohro\u017een\u011bj\u0161\u00edch spolupracovn\u00edk\u016f p\u0159e\u0161el definitivn\u011b na stranu sv\u00fdch slovansk\u00fdch brat\u0159\u00ed.<\/p>\n<p style=\"text-align: justify;\">18.5.1943 se z uprchl\u00fdch slovensk\u00fdch voj\u00e1k\u016f a d\u016fstojn\u00edk\u016f zrodil \u010deskoslovensk\u00fd partyz\u00e1nsk\u00fd odd\u00edl, jeho\u017e velitelem se stal kapit\u00e1n Repkin (J\u00e1n N\u00e1lepka byl \u201emrtev&#8220;, aby gardisti nemohli perzekuovat jeho rodinu). Velel mu v mnoha boj\u00edch a bitv\u00e1ch a\u017e do 16.listopadu 1943. Tehdy sov\u011bt\u0161t\u00ed a na\u0161i partyz\u00e1ni sv\u00e1d\u011bli t\u011b\u017ek\u00e9 boje o opevn\u011bn\u00e9 ukrajinsk\u00e9 m\u011bsto Ovru\u010d. P\u0159i zte\u010di posledn\u00edho odporu ovru\u010dsk\u00e9ho n\u00e1dra\u017e\u00ed, padl kapit\u00e1n Repkin smrt\u00ed hrdiny.<\/p>\n","protected":false},"excerpt":{"rendered":"<p>Presidium Nejvy\u0161\u0161\u00edho sov\u011btu SSSR ud\u011blilo tituly hrdin\u016f Sov\u011btsk\u00e9ho svazu \u010dtrn\u00e1cti zahrani\u010dn\u00edm \u00fa\u010dastn\u00edk\u016fm Velk\u00e9 vlasteneck\u00e9 v\u00e1lky (\u010dty\u0159em \u010cech\u016fm, \u010dty\u0159em Francouz\u016fm, t\u0159em<\/p>\n","protected":false},"author":1,"featured_media":1298,"comment_status":"open","ping_status":"open","sticky":false,"template":"","format":"standard","meta":{"_mi_skip_tracking":false,"_exactmetrics_sitenote_active":false,"_exactmetrics_sitenote_note":"","_exactmetrics_sitenote_category":0},"categories":[8],"tags":[57],"_links":{"self":[{"href":"http:\/\/novysmer.cz\/index.php\/wp-json\/wp\/v2\/posts\/1299"}],"collection":[{"href":"http:\/\/novysmer.cz\/index.php\/wp-json\/wp\/v2\/posts"}],"about":[{"href":"http:\/\/novysmer.cz\/index.php\/wp-json\/wp\/v2\/types\/post"}],"author":[{"embeddable":true,"href":"http:\/\/novysmer.cz\/index.php\/wp-json\/wp\/v2\/users\/1"}],"replies":[{"embeddable":true,"href":"http:\/\/novysmer.cz\/index.php\/wp-json\/wp\/v2\/comments?post=1299"}],"version-history":[{"count":0,"href":"http:\/\/novysmer.cz\/index.php\/wp-json\/wp\/v2\/posts\/1299\/revisions"}],"wp:featuredmedia":[{"embeddable":true,"href":"http:\/\/novysmer.cz\/index.php\/wp-json\/wp\/v2\/media\/1298"}],"wp:attachment":[{"href":"http:\/\/novysmer.cz\/index.php\/wp-json\/wp\/v2\/media?parent=1299"}],"wp:term":[{"taxonomy":"category","embeddable":true,"href":"http:\/\/novysmer.cz\/index.php\/wp-json\/wp\/v2\/categories?post=1299"},{"taxonomy":"post_tag","embeddable":true,"href":"http:\/\/novysmer.cz\/index.php\/wp-json\/wp\/v2\/tags?post=1299"}],"curies":[{"name":"wp","href":"https:\/\/api.w.org\/{rel}","templated":true}]}}