{"id":1418,"date":"2011-12-24T10:28:59","date_gmt":"2011-12-24T09:28:59","guid":{"rendered":"http:\/\/novysmer.cz\/index.php\/2011\/12\/24\/vzpominka-na-pravdu-o-ktere-se-nepie-a-nemluvi\/"},"modified":"2011-12-24T10:28:59","modified_gmt":"2011-12-24T09:28:59","slug":"vzpominka-na-pravdu-o-ktere-se-nepie-a-nemluvi","status":"publish","type":"post","link":"http:\/\/novysmer.cz\/index.php\/2011\/12\/24\/vzpominka-na-pravdu-o-ktere-se-nepie-a-nemluvi\/","title":{"rendered":"Vzpom\u00ednka na PRAVDU o kter\u00e9 se nep\u00ed\u0161e a nemluv\u00ed"},"content":{"rendered":"<p style=\"text-align: justify;\"><img loading=\"lazy\" class=\" alignleft size-full wp-image-1344\" style=\"float: left;\" alt=\"1989\" src=\"http:\/\/novysmer.cz\/wp-content\/uploads\/2012\/10\/1989.jpg\" width=\"150\" height=\"101\" \/>V roce 2005 p\u0159i\u0161el do m\u00e9 kancel\u00e1\u0159e mu\u017e, kter\u00fd mi otev\u00edral o\u010di jak\u00fd byl podvod na\u0161e &#8222;SAMETOV\u00c1 REVOLUCE&#8220;. Vypr\u00e1v\u011bl, jak se dostal p\u0159es Rakousko do It\u00e1lie a Francie&#8230;.<\/p>\n<p> <!--more--> <\/p>\n<p style=\"text-align: justify;\">Pak mi \u0159ekl, \u017ee tu byl za\u010d\u00e1tkem b\u0159ezna roku 1989. S Mitterandem. Byli za Havlem v base a d\u011blal mu p\u0159ekladatele. Vzpomn\u011bla jsem si na zpr\u00e1vu, kter\u00e1 mne zaujala v poledn\u00edch zpr\u00e1v\u00e1ch v rozhlase: \u201eFRANCOUZK\u00dd PREZIDENT FRANCIOS MITTERAND DNES P\u0158ICESTOVAL NA NEOFICI\u00c1LN\u00cd N\u00c1V\u0160T\u011aVU DO \u010cESKOSLOVENSK\u00c9 REPUBLIKY. NEJPRVE SE ZASTAVIL VE V\u011aZEN\u00cd ZA V\u00c1CLAVEM HAVLEM, KDE SPOLU POSN\u00cdDALI A PAK ODJEL NA HRAD ZA GUSTAVEM HUS\u00c1KEM. PO OB\u011aD\u011a ODJEL. Ve\u010der jsem marn\u011b \u010dekala na podrobnou zpr\u00e1vu, proto\u017ee mi ne\u0161lo do hlavy, pro\u010d by prezident ciz\u00edho st\u00e1tu jednal ve v\u011bzen\u00ed s n\u011bjak\u00fdm V\u00e1clavem Havlem. Mluvili o pl\u00e1nu \u201esametov\u00e9 revoluce\u201c. V\u00e1clav Havel pr\u00fd dostal instrukce jak m\u00e1 napsat sc\u00e9n\u00e1\u0159 k proveden\u00ed p\u0159evratu a pokud se v\u0161e dob\u0159e provede, bude prezidentem. M\u011bl napsat sc\u00e9n\u00e1\u0159 \u201eSametov\u00e9 revoluce. St\u00e1le jsem necht\u011bla v\u011b\u0159it vlastn\u00edm u\u0161\u00edm.<\/p>\n<p style=\"text-align: justify;\">Dodala jsem: Ale \u017ee jsme tu revoluci hezky zvl\u00e1dli \u017ee? V Jugosl\u00e1vii vra\u017edil soused souseda a u n\u00e1s to prob\u011bhlo bez zbyte\u010dn\u00e9ho zab\u00edjen\u00ed. Na to mi odpov\u011bd\u011bl, \u017ee se mus\u00ed sm\u00e1t, kdy\u017e sly\u0161\u00ed jak jsme to hezky nazvali &#8222;Sametovou revoluc\u00ed&#8220;. \u017de to byla dohoda Gorba\u010deva se z\u00e1padem. Gorba\u010dov za to, \u017ee v\u00fdchodn\u00ed Evropu pust\u00ed z\u00e1padu, dostal spoustu milion\u016f dolar\u016f. Zeptal se: Vy jste si nev\u0161imla, \u017ee od jist\u00e9 doby mohou v Rusku platit rublem i dolarem? Jugosl\u00e1vie u\u017e tenkr\u00e1t byla odb\u011bratelem z\u00e1padn\u00edho zbo\u017e\u00ed. O tu z\u00e1pad nest\u00e1ly. Proto si museli svobodu vybojovat. Ale my jsme m\u011bli nap\u0159\u00edklad zem\u011bd\u011blstv\u00ed na takov\u00e9 \u00farovni, \u017ee n\u00e1m ho z\u00e1vid\u011bl cel\u00fd sv\u011bt. Vyr\u00e1b\u011bli jsme spoustu zbo\u017e\u00ed a byli jsme velkou konkurenc\u00ed z\u00e1padn\u00edho trhu. Na\u0161i v\u00fdrobu jsme vyv\u00e1\u017eeli t\u00e9m\u011b\u0159 do cel\u00e9ho sv\u011bta. M\u011bli jsme se st\u00e1t odb\u011bratel\u00e9 jejich zbo\u017e\u00ed. Zru\u0161it na\u0161i v\u00fdrobu a podnikat jen ve slu\u017eb\u00e1ch a zprost\u0159edkovatelsk\u00e9 \u010dinnosti. \u0158ekl mi: dnes si pan\u00ed mysl\u00edte, \u017ee ta revoluce prob\u011bhla dob\u0159e, ale brzy p\u0159ijdete na to, \u017ee vlastn\u011b tento st\u00e1t dopadne z cel\u00e9 Evropy nejh\u016f\u0159.<\/p>\n<p style=\"text-align: justify;\">Pro\u010d mysl\u00edte, \u017ee Klaus v\u00e1hal s tou privatizac\u00ed? Pro\u010d mysl\u00edte, \u017ee ji provedl tak, jak ji provedl? On p\u0159ece nen\u00ed tak hloup\u00fd, aby nechal rozdat cel\u00e9 hospod\u00e1\u0159stv\u00ed za hubi\u010dku. To byl pl\u00e1n t\u00e9 va\u0161\u00ed \u201eSametov\u00e9 revoluce\u201c. Tady se m\u011blo zru\u0161it funk\u010dn\u00ed zem\u011bd\u011blstv\u00ed, ocel\u00e1rny, doly, automobilov\u00fd a zbrojn\u00ed pr\u016fmysl a v\u0161echny podniky, kter\u00e9 n\u011bco vyv\u00e1\u017eely. To v\u0161e musel jako ministr financ\u00ed ud\u011blat Klaus aby to bylo na koho sv\u00e9st. Byl to Havel, kdo podepsal dohodu a v\u011bd\u011bl, \u017ee pokud v\u0161e p\u016fjde podle jeho sc\u00e9n\u00e1\u0159e, bude prezidentem. Podle jeho sc\u00e9n\u00e1\u0159e se zalo\u017eilo Ob\u010dansk\u00e9 f\u00f3r\u016fm a po\u010d\u00edtalo se s t\u00edm, \u017ee to v\u0161echno odnese OF, kter\u00e9 se pak rozpadne. Jen\u017ee Klaus nesp\u011bchal s t\u00edm rozd\u00e1v\u00e1n\u00edm na\u0161ich podnik\u016f. Mnoho osobnost\u00ed z politiky s t\u00edm tak\u00e9 nesouhlasili. OF se rozpadlo d\u0159\u00edve, ne\u017e privatizace za\u010dala.<\/p>\n<p style=\"text-align: justify;\">Mezi Klausem a Havlem doch\u00e1zelo \u010dasto k vym\u011bn\u011b n\u00e1zor\u016f. Klaus zalo\u017eil ODS a myslel si, \u017ee to uhl\u00edd\u00e1. Mohl si tenkr\u00e1t vybrat, d\u011blat za 40 000,- a b\u00e1t se \u017ee skon\u010d\u00ed v n\u011bkter\u00e9m sudu v Orlick\u00e9 P\u0159ehrad\u011b jak skon\u010dilo mnoho nepohodln\u00fdch lid\u00ed, nebo pracovat podle pl\u00e1nu a br\u00e1t 140 000,-K\u010d. Zeptal se mne co bych si vybrala j\u00e1. Uv\u011bdomila jsem si, jak jsem Klausovi nepr\u00e1vem d\u00e1vala za vinu tu \u0161patn\u011b provedenou privatizaci. \u017d\u00e1dn\u00e9 d\u011bjiny se nepsaly podle pravdy. Kv\u016fli Havlovi se vracel lidem majetek. Nevr\u00e1til se v\u0161em. Restituce byla omezen\u00e1 jen do t\u00e9 doby, ne\u017e se vr\u00e1t\u00ed majetek Havlovi a jeho kamar\u00e1d\u016fm. Kdo ji nestihl, m\u011bl sm\u016flu.<\/p>\n<p style=\"text-align: justify;\">P\u0159\u00edli\u0161 jsem v\u011b\u0159ila, \u017ee &#8222;PRAVDA A L\u00c1SKA ZV\u00cdT\u011aZ\u00cd&#8220; O to v\u011bt\u0161\u00ed je pro mne zklam\u00e1n\u00ed, kdy\u017e vid\u00edm kolem sebe tolik l\u017e\u00ed, podvod\u016f a nen\u00e1visti. Neza\u010dala ta le\u017e n\u00e1hodou u\u017e 17.listopadu 1989? Ze z\u00e1padu nakupujeme mnoho zbo\u017e\u00ed, ale tak\u00e9 vysokou kriminalitu. \u017dEBR\u00c1KY A BEZDOMOVCE. NESPRAVEDLNOST A LE\u017d JE V TOMTO ST\u00c1T\u011a B\u011a\u017dN\u00dd JEV, NA KTER\u00dd SI ST\u00c1LE NEMOHU ZVYKNOUT. Pro\u010d tolik l\u017e\u00ed a p\u0159etv\u00e1\u0159ek? Smrt k \u017eivotu pat\u0159\u00ed a d\u016fle\u017eit\u00e9 je jak budeme na zem\u0159el\u00e9ho \u010dlov\u011bka vzpom\u00ednat. Na\u0161e vnou\u010data si o Havlovi jist\u011b budou vypr\u00e1v\u011bt podobn\u011b, jako my jsme si vypr\u00e1v\u011bli o Gottwaldovi. M\u00c9DIA NA TOM NIC NEZM\u011aN\u00cd.<\/p>\n<p style=\"text-align: justify;\">&nbsp;<\/p>\n<p style=\"text-align: justify;\">Do\u0161lo e-mailem<\/p>\n","protected":false},"excerpt":{"rendered":"<p>V roce 2005 p\u0159i\u0161el do m\u00e9 kancel\u00e1\u0159e mu\u017e, kter\u00fd mi otev\u00edral o\u010di jak\u00fd byl podvod na\u0161e &#8222;SAMETOV\u00c1 REVOLUCE&#8220;. Vypr\u00e1v\u011bl, jak<\/p>\n","protected":false},"author":1,"featured_media":1344,"comment_status":"open","ping_status":"open","sticky":false,"template":"","format":"standard","meta":{"_mi_skip_tracking":false,"_exactmetrics_sitenote_active":false,"_exactmetrics_sitenote_note":"","_exactmetrics_sitenote_category":0},"categories":[5],"tags":[36,290,125,228,148,60,94],"_links":{"self":[{"href":"http:\/\/novysmer.cz\/index.php\/wp-json\/wp\/v2\/posts\/1418"}],"collection":[{"href":"http:\/\/novysmer.cz\/index.php\/wp-json\/wp\/v2\/posts"}],"about":[{"href":"http:\/\/novysmer.cz\/index.php\/wp-json\/wp\/v2\/types\/post"}],"author":[{"embeddable":true,"href":"http:\/\/novysmer.cz\/index.php\/wp-json\/wp\/v2\/users\/1"}],"replies":[{"embeddable":true,"href":"http:\/\/novysmer.cz\/index.php\/wp-json\/wp\/v2\/comments?post=1418"}],"version-history":[{"count":0,"href":"http:\/\/novysmer.cz\/index.php\/wp-json\/wp\/v2\/posts\/1418\/revisions"}],"wp:featuredmedia":[{"embeddable":true,"href":"http:\/\/novysmer.cz\/index.php\/wp-json\/wp\/v2\/media\/1344"}],"wp:attachment":[{"href":"http:\/\/novysmer.cz\/index.php\/wp-json\/wp\/v2\/media?parent=1418"}],"wp:term":[{"taxonomy":"category","embeddable":true,"href":"http:\/\/novysmer.cz\/index.php\/wp-json\/wp\/v2\/categories?post=1418"},{"taxonomy":"post_tag","embeddable":true,"href":"http:\/\/novysmer.cz\/index.php\/wp-json\/wp\/v2\/tags?post=1418"}],"curies":[{"name":"wp","href":"https:\/\/api.w.org\/{rel}","templated":true}]}}