{"id":1512,"date":"2011-03-03T18:52:24","date_gmt":"2011-03-03T17:52:24","guid":{"rendered":"http:\/\/novysmer.cz\/index.php\/2011\/03\/03\/zastavme-hazard-s-osudy-lidi\/"},"modified":"2011-03-03T18:52:24","modified_gmt":"2011-03-03T17:52:24","slug":"zastavme-hazard-s-osudy-lidi","status":"publish","type":"post","link":"http:\/\/novysmer.cz\/index.php\/2011\/03\/03\/zastavme-hazard-s-osudy-lidi\/","title":{"rendered":"Zastavme hazard s osudy lid\u00ed!"},"content":{"rendered":"<p align=\"justify\"> <span style=\"font-size: 10pt\"><img loading=\"lazy\" class=\" alignleft size-full wp-image-3\" src=\"http:\/\/novysmer.cz\/wp-content\/uploads\/2007\/10\/logo.jpg\" border=\"0\" alt=\"logo\" title=\"logo\" hspace=\"5\" vspace=\"5\" width=\"100\" height=\"65\" align=\"left\" \/>PROHL\u00c1\u0160EN\u00cd Protestn\u00edho shrom\u00e1\u017ed\u011bn\u00ed z\u00e1stupc\u016f odborov\u00fdch organizac\u00ed (Praha \u2013 19. \u00fanora 2011) <\/span> <\/p>\n<p> <!--more--> <\/p>\n<p align=\"justify\"> <span style=\"font-size: 10pt\">  Posledn\u00edch deset let za\u017e\u00edv\u00e1 \u010cR nep\u0159etr\u017eit\u011b reformy ve\u0159ejn\u00fdch financ\u00ed s c\u00edlem sn\u00ed\u017eit zadlu\u017eov\u00e1n\u00ed. V\u00fdsledkem je lo\u0148sk\u00fd deficit 200 miliard korun! Za posledn\u00ed t\u0159i roky vzrostl st\u00e1tn\u00ed dluh dokonce o 650 miliard korun! <\/span> <\/p>\n<p align=\"justify\"> <span style=\"font-size: 10pt\">  \u010cMKOS ve v\u0161ech sv\u00fdch anal\u00fdz\u00e1ch odhalovala, \u017ee nejde o \u017e\u00e1dn\u00e9 reformy, kter\u00e9 sn\u00ed\u017e\u00ed zadlu\u017eov\u00e1n\u00ed, zabr\u00e1n\u00ed da\u0148ov\u00fdm \u00fanik\u016fm, ale jde o z\u00e1vody ve sni\u017eov\u00e1n\u00ed dan\u00ed nejbohat\u0161\u00edm ob\u010dan\u016fm a firm\u00e1m. \u010cMKOS varovala, \u017ee v tzv. reform\u00e1ch, kter\u00e9 spo\u010d\u00edvaly jen ve \u0161krtech na p\u0159\u00edjmech st\u00e1tu, byly nebezpe\u010dn\u011b skryty i nevratn\u00e9 kroky \u2013 privatizace ve\u0159ejn\u00fdch slu\u017eeb, zdravotnictv\u00ed, d\u016fchod\u016f.<\/span> <\/p>\n<p align=\"justify\"> <span style=\"font-size: 10pt\">  Vl\u00e1dn\u00ed koalice chce p\u0159evahou 118 hlas\u016f v\u0161echny restriktivn\u00ed z\u00e1m\u011bry co nejrychleji dokonat. <\/span> <\/p>\n<p align=\"justify\"> <span style=\"font-size: 10pt\">  Prvn\u00edm d\u016fkazem jsou vl\u00e1dn\u00ed restrikce, kter\u00e9 v\u00e1\u017en\u011b dopadaj\u00ed na nejzraniteln\u011bj\u0161\u00ed skupiny obyvatelstva: zdravotn\u011b posti\u017een\u00e9, rodiny s d\u011btmi, ob\u010dany s ni\u017e\u0161\u00edmi p\u0159\u00edjmy a nezam\u011bstnan\u00e9! P\u0159ed \u010d\u00edm odbory varuj\u00ed? P\u0159ed dal\u0161\u00ed zradou na voli\u010d\u00edch! Ve volebn\u00edch programech koali\u010dn\u00edch stran se nedo\u010dtete nic o tom, \u017ee: <\/span> <\/p>\n<p align=\"justify\"> <span style=\"font-size: 10pt\">  D\u016fchodov\u00fd syst\u00e9m, kter\u00fd byl posledn\u00ed jistotou ve st\u00e1\u0159\u00ed, se zm\u011bn\u00ed na povinn\u00e9 placen\u00ed do fond\u016f v dr\u017een\u00ed soukrom\u00e9ho byznysu, nav\u00edc se ztr\u00e1tou z\u00e1ruky! V\u00fdznamn\u00ed ekonomov\u00e9 tyto z\u00e1m\u011bry ozna\u010duj\u00ed za podvod tis\u00edcilet\u00ed. <\/span> <\/p>\n<p align=\"justify\"> <span style=\"font-size: 10pt\">  Zdravotnictv\u00ed se m\u00e1 zm\u011bnit na poskytov\u00e1n\u00ed nejist\u00e9 \u00farovn\u011b standardn\u00ed p\u00e9\u010de. Na velkou \u010d\u00e1st dne\u0161n\u00ed zdravotn\u00ed p\u00e9\u010de hrazen\u00e9 ze zdravotn\u00edho poji\u0161t\u011bn\u00ed si bude muset ka\u017ed\u00fd p\u0159iplatit. V souvislosti s reformou zdravotnictv\u00ed se hovo\u0159\u00ed o tom, \u017ee z\u00e1kladn\u00ed p\u00e9\u010de bude dokonce \u010d\u00e1ste\u010dn\u011b \u0159e\u0161ena sv\u00e9pomoc\u00ed. Na zdravotn\u00ed p\u00e9\u010di, kterou si budeme nuceni nakupovat, na\u0161e pen\u011b\u017eenka sta\u010dit nebude. <\/span> <\/p>\n<p align=\"justify\"> <span style=\"font-size: 10pt\">  Zam\u011bstnaneck\u00e9 v\u00fdhody maj\u00ed b\u00fdt likvidov\u00e1ny.<\/span> <\/p>\n<p align=\"justify\"> <span style=\"font-size: 10pt\">  Pr\u00e1vn\u00ed ochrana zam\u011bstnanc\u016f, ale i ob\u010dan\u016f se zhor\u0161\u00ed. Nov\u00fd ob\u010dansk\u00fd z\u00e1kon\u00edk chce v\u00fdrazn\u011b zv\u00fd\u0161it z\u00e1vislost ob\u010dan\u016f na pomoci advok\u00e1t\u016f. Odbory maj\u00ed b\u00fdt degradov\u00e1ny na spolek. Odm\u00edt\u00e1me platit dluhy za \u0161patn\u00e9 vl\u00e1dnut\u00ed! <\/span> <\/p>\n<p align=\"justify\"> <span style=\"font-size: 10pt\">\u00da\u010dastn\u00edci Protestn\u00edho shrom\u00e1\u017ed\u011bn\u00ed z\u00e1stupc\u016f odborov\u00fdch organizac\u00ed vyz\u00fdvaj\u00ed vl\u00e1du \u010cR, poslance a sen\u00e1tory Parlamentu \u010cR, prezidenta \u010cR:<\/span> <\/p>\n<p align=\"justify\"> <span style=\"font-size: 10pt\">  Nemrhejte pen\u011bzi za p\u0159edra\u017een\u00e9 st\u00e1tn\u00ed zak\u00e1zky, zastavte kone\u010dn\u011b st\u00e1tn\u00ed korupci!<\/span> <\/p>\n<p align=\"justify\"> <span style=\"font-size: 10pt\">  Neschvalujte takov\u00e9 reformy, kter\u00e9 p\u0159ivedou v\u011bt\u0161inu ob\u010dan\u016f do nejistoty v pr\u00e1ci, v nemoci a ve st\u00e1\u0159\u00ed!<\/span> <\/p>\n<p align=\"justify\"> <span style=\"font-size: 10pt\">  Zastavte c\u00edlen\u00fd rozvrat ve\u0159ejn\u00fdch slu\u017eeb se z\u00e1m\u011brem je privatizovat!<\/span> <\/p>\n<p align=\"justify\"> <span style=\"font-size: 10pt\">  Nesm\u011brujte \u010ceskou republiku na cestu n\u00edzk\u00fdch mezd a plat\u016f!<\/span> <\/p>\n<p align=\"justify\"> <span style=\"font-size: 10pt\">  Zachovejte evropsk\u00fd soci\u00e1ln\u00ed model! <\/span> <\/p>\n<p align=\"justify\"> <span style=\"font-size: 10pt\">  Nevl\u00e1dn\u011bte jen ve prosp\u011bch privilegovan\u00fdch skupin! <\/span> <\/p>\n<p align=\"justify\"> <span style=\"font-size: 10pt\">  Nel\u017eete, \u017ee restrikce jsou ve prosp\u011bch v\u0161ech! ve\u0159ejnost: <\/span><span style=\"font-size: 10pt\">Ka\u017ed\u00e1 vl\u00e1da se chov\u00e1 tak, jak ji ob\u010dan\u00e9 dovol\u00ed! <\/span> <\/p>\n<p align=\"justify\"> <span style=\"font-size: 10pt\">  Nedopus\u0165me zneu\u017e\u00edv\u00e1n\u00ed krize k dal\u0161\u00edm restrikc\u00edm na ob\u010danech!<\/span> <\/p>\n<p align=\"justify\"> <span style=\"font-size: 10pt\">  Bra\u0148me \u00farove\u0148 sv\u00fdch mezd a plat\u016f!<\/span> <\/p>\n<p align=\"justify\"> <span style=\"font-size: 10pt\">  Postavme se proti likvidaci dostupn\u00e9ho zdravotnictv\u00ed a d\u016fchodov\u00e9ho syst\u00e9mu!<\/span> <\/p>\n<p align=\"justify\"> <span style=\"font-size: 10pt\">  Nepodl\u00e9hejme medi\u00e1ln\u00edmu zkreslov\u00e1n\u00ed situace v \u010cR a snah\u00e1m rozpoutat mezi jednotliv\u00fdmi skupinami ob\u010dan\u016f z\u00e1vist a nen\u00e1vist! <\/span> <\/p>\n<p align=\"justify\"> <span style=\"font-size: 10pt\">Podpo\u0159te snahy \u010cMKOS zastavit hazard s osudy lid\u00ed! <\/span> <\/p>\n<p align=\"justify\"> <span style=\"font-size: 10pt\">V Praze 19. \u00fanora 2011<\/span> <\/p>\n","protected":false},"excerpt":{"rendered":"<p>PROHL\u00c1\u0160EN\u00cd Protestn\u00edho shrom\u00e1\u017ed\u011bn\u00ed z\u00e1stupc\u016f odborov\u00fdch organizac\u00ed (Praha \u2013 19. \u00fanora 2011)<\/p>\n","protected":false},"author":1,"featured_media":3,"comment_status":"open","ping_status":"open","sticky":false,"template":"","format":"standard","meta":{"_mi_skip_tracking":false,"_exactmetrics_sitenote_active":false,"_exactmetrics_sitenote_note":"","_exactmetrics_sitenote_category":0},"categories":[5],"tags":[60],"_links":{"self":[{"href":"http:\/\/novysmer.cz\/index.php\/wp-json\/wp\/v2\/posts\/1512"}],"collection":[{"href":"http:\/\/novysmer.cz\/index.php\/wp-json\/wp\/v2\/posts"}],"about":[{"href":"http:\/\/novysmer.cz\/index.php\/wp-json\/wp\/v2\/types\/post"}],"author":[{"embeddable":true,"href":"http:\/\/novysmer.cz\/index.php\/wp-json\/wp\/v2\/users\/1"}],"replies":[{"embeddable":true,"href":"http:\/\/novysmer.cz\/index.php\/wp-json\/wp\/v2\/comments?post=1512"}],"version-history":[{"count":0,"href":"http:\/\/novysmer.cz\/index.php\/wp-json\/wp\/v2\/posts\/1512\/revisions"}],"wp:featuredmedia":[{"embeddable":true,"href":"http:\/\/novysmer.cz\/index.php\/wp-json\/wp\/v2\/media\/3"}],"wp:attachment":[{"href":"http:\/\/novysmer.cz\/index.php\/wp-json\/wp\/v2\/media?parent=1512"}],"wp:term":[{"taxonomy":"category","embeddable":true,"href":"http:\/\/novysmer.cz\/index.php\/wp-json\/wp\/v2\/categories?post=1512"},{"taxonomy":"post_tag","embeddable":true,"href":"http:\/\/novysmer.cz\/index.php\/wp-json\/wp\/v2\/tags?post=1512"}],"curies":[{"name":"wp","href":"https:\/\/api.w.org\/{rel}","templated":true}]}}