{"id":1534,"date":"2011-06-17T11:33:15","date_gmt":"2011-06-17T09:33:15","guid":{"rendered":"http:\/\/novysmer.cz\/index.php\/2011\/06\/17\/pamatujme\/"},"modified":"2011-06-17T11:33:15","modified_gmt":"2011-06-17T09:33:15","slug":"pamatujme","status":"publish","type":"post","link":"http:\/\/novysmer.cz\/index.php\/2011\/06\/17\/pamatujme\/","title":{"rendered":"Pamatujme !"},"content":{"rendered":"<p><span style=\"color: #333333;\"><img loading=\"lazy\" class=\" alignleft size-full wp-image-1533\" style=\"width: 88px; height: 111px;\" src=\"http:\/\/novysmer.cz\/wp-content\/uploads\/2011\/06\/benes.jpg\" alt=\"benes\" title=\"benes\" align=\"left\" border=\"0\" height=\"179\" hspace=\"5\" vspace=\"5\" width=\"135\" \/><strong>Pam\u00e1tn\u00fd dopis Dr. Edvarda Bene\u0161e k dekret\u016fm<\/strong><\/span><\/p>\n<p><span style=\"color: #333333;\"><strong><em>St\u00e1le v\u0161ak trvaj\u00ed pochybnosti o autenticit\u011b tohoto dopisu. Pokud m\u016f\u017eete p\u0159edlo\u017eit argumenty k t\u00e9to ot\u00e1zce, napi\u0161te je do diskuse. D\u011bkujeme.<\/em> <br \/><\/strong><\/span><\/p>\n<p> <!--more--> <\/p>\n<p align=\"justify\">V\u00e1\u017een\u00ed spoluob\u010dan\u00e9!<\/p>\n<p align=\"justify\">V ned\u00e1vn\u00e9 dob\u011b jsme podepsali historicky v\u00fdznamn\u00e9 dokumenty pro na\u0161i \u010ceskoslovenskou republiku, tj. dekrety presidenta \u010cSR.<\/p>\n<p align=\"justify\">Tyto dokumenty n\u00e1m d\u00e1vaj\u00ed nad\u011bji, \u017ee se ji\u017e nebudou opakovat tragick\u00e9 ud\u00e1losti let 1938 -39.<\/p>\n<p align=\"justify\">V\u011bdom si neblah\u00fdch zku\u0161enost\u00ed na\u0161eho n\u00e1roda, zejm\u00e9na z druh\u00e9 sv\u011btov\u00e9 v\u00e1lky, zanech\u00e1v\u00e1m V\u00e1m odkaz, ve kter\u00e9m V\u00e1s varuj\u00ed p\u0159ed mo\u017en\u00fdmi pozd\u011bj\u0161\u00edmi po\u017eadavky na znovu os\u00eddlen\u00ed na\u0161eho pohrani\u010d\u00ed sudetsk\u00fdmi N\u011bmci, kte\u0159\u00ed byli po pr\u00e1vu, na z\u00e1klad\u011b m\u00fdch dekret\u016f z na\u0161\u00ed republiky odsunuti.<\/p>\n<p align=\"justify\">M\u016f\u017ee se st\u00e1t, \u017ee m\u00e9 dekrety, vydan\u00e9 z rozhodnut\u00ed v\u00edt\u011bzn\u00fdch mocnost\u00ed druh\u00e9 sv\u011btov\u00e9 v\u00e1lky, budou postupem \u010dasu prohla\u0161ov\u00e1ny za neplatn\u00e9. M\u016f\u017ee se st\u00e1t, tak jako v minulosti, \u017ee se najdou \u201etak zvan\u00ed \u010de\u0161t\u00ed vlastenci\u201c, kte\u0159\u00ed se budou sudetsk\u00fdm N\u011bmc\u016fm za jejich odsun omlouvat a \u017ee budou naklon\u011bni ot\u00e1zce jejich n\u00e1vratu. Nenechte se oklamat a n\u00e1vratu nedopus\u0165te.<\/p>\n<p align=\"justify\">Hitlerov\u00e9 odch\u00e1zej\u00ed, av\u0161ak snaha o ovl\u00e1dnut\u00ed Evropy N\u011bmeckem z\u016fst\u00e1v\u00e1. Mohou se naj\u00edt vlastizr\u00e1dci, kte\u0159\u00ed budou op\u011bt usilovat i o odtr\u017een\u00ed Slovenska od \u010cesk\u00e9 republiky. Bylo by to po\u0161lap\u00e1n\u00ed odkazu na\u0161eho prvn\u00edho presidenta \u010cSR T.G.Masaryka a jeho spoluzakladatele M.R.\u0160tef\u00e1nika. Vedlo by to k z\u00e1niku obou na\u0161ich n\u00e1rod\u016f.<\/p>\n<p align=\"justify\">Nezapome\u0148te, \u017ee m\u00e9 dekrety se t\u00fdkaj\u00ed i potrest\u00e1n\u00ed vlastizr\u00e1dc\u016f a \u017ee maj\u00ed trvalou platnost a potrestejte v\u0161echny vlastizr\u00e1dce, a\u0165 je to kdokoliv a v kter\u00e9koliv dob\u011b.<\/p>\n<p align=\"justify\">Dr. Edvard Bene\u0161, Praha, 11 kv\u011bten 1947<\/p>\n","protected":false},"excerpt":{"rendered":"<p>Pam\u00e1tn\u00fd dopis Dr. Edvarda Bene\u0161e k dekret\u016fm St\u00e1le v\u0161ak trvaj\u00ed pochybnosti o autenticit\u011b tohoto dopisu. Pokud m\u016f\u017eete p\u0159edlo\u017eit argumenty k<\/p>\n","protected":false},"author":1,"featured_media":1533,"comment_status":"open","ping_status":"open","sticky":false,"template":"","format":"standard","meta":{"_mi_skip_tracking":false,"_exactmetrics_sitenote_active":false,"_exactmetrics_sitenote_note":"","_exactmetrics_sitenote_category":0},"categories":[8],"tags":[47,40],"_links":{"self":[{"href":"http:\/\/novysmer.cz\/index.php\/wp-json\/wp\/v2\/posts\/1534"}],"collection":[{"href":"http:\/\/novysmer.cz\/index.php\/wp-json\/wp\/v2\/posts"}],"about":[{"href":"http:\/\/novysmer.cz\/index.php\/wp-json\/wp\/v2\/types\/post"}],"author":[{"embeddable":true,"href":"http:\/\/novysmer.cz\/index.php\/wp-json\/wp\/v2\/users\/1"}],"replies":[{"embeddable":true,"href":"http:\/\/novysmer.cz\/index.php\/wp-json\/wp\/v2\/comments?post=1534"}],"version-history":[{"count":0,"href":"http:\/\/novysmer.cz\/index.php\/wp-json\/wp\/v2\/posts\/1534\/revisions"}],"wp:featuredmedia":[{"embeddable":true,"href":"http:\/\/novysmer.cz\/index.php\/wp-json\/wp\/v2\/media\/1533"}],"wp:attachment":[{"href":"http:\/\/novysmer.cz\/index.php\/wp-json\/wp\/v2\/media?parent=1534"}],"wp:term":[{"taxonomy":"category","embeddable":true,"href":"http:\/\/novysmer.cz\/index.php\/wp-json\/wp\/v2\/categories?post=1534"},{"taxonomy":"post_tag","embeddable":true,"href":"http:\/\/novysmer.cz\/index.php\/wp-json\/wp\/v2\/tags?post=1534"}],"curies":[{"name":"wp","href":"https:\/\/api.w.org\/{rel}","templated":true}]}}