{"id":1535,"date":"2011-06-25T12:04:09","date_gmt":"2011-06-25T10:04:09","guid":{"rendered":"http:\/\/novysmer.cz\/index.php\/2011\/06\/25\/jak-to-bylo-s-loi-p2\/"},"modified":"2011-06-25T12:04:09","modified_gmt":"2011-06-25T10:04:09","slug":"jak-to-bylo-s-loi-p2","status":"publish","type":"post","link":"http:\/\/novysmer.cz\/index.php\/2011\/06\/25\/jak-to-bylo-s-loi-p2\/","title":{"rendered":"Jak to bylo s l\u00f3\u017e\u00ed P2?"},"content":{"rendered":"<p align=\"justify\"> <img loading=\"lazy\" class=\" alignleft size-full wp-image-3\" src=\"http:\/\/novysmer.cz\/wp-content\/uploads\/2007\/10\/logo.jpg\" border=\"0\" alt=\"logo\" title=\"logo\" hspace=\"5\" vspace=\"5\" width=\"100\" height=\"65\" align=\"left\" \/>O jednom skand\u00e1lu italsk\u00e9ho politick\u00e9ho \u017eivota z 80. let  <\/p>\n<p> <!--more--> <\/p>\n<p align=\"justify\"> Svobodn\u00e9 zedn\u00e1\u0159stv\u00ed? Pro drtivou v\u011bt\u0161inu sou\u010dasn\u00edk\u016f, a to i t\u011bch vzd\u011blan\u011bj\u0161\u00edch a se\u010dt\u011blej\u0161\u00edch, je to dost mlhav\u00fd pojem. V\u011bt\u0161ina by se jich asi shodla na n\u00e1zoru, \u017ee je to jak\u00e1si kuri\u00f3zn\u00ed relikvie minulosti a \u017ee vyznava\u010di zedn\u00e1\u0159stv\u00ed jsou podiv\u00edni, kte\u0159\u00ed si potrp\u00ed na tajupln\u00e9 ritu\u00e1ly a spikleneck\u00e9 p\u0159\u00edsahy. Z literatury \u010dten\u00e1\u0159i v\u011bd\u00ed, \u017ee se svobodn\u00ed zedn\u00e1\u0159i sdru\u017eovali nebo sdru\u017euj\u00ed v tzv. l\u00f3\u017e\u00edch. Obecn\u011b jsou pova\u017eov\u00e1ni za nevinn\u00fd, i kdy\u017e trochu obskurn\u00ed spolek. Pohor\u0161en\u00ed bud\u00ed u\u017e jen v c\u00edrkevn\u00edch kruz\u00edch, pon\u011bvad\u017e zedn\u00e1\u0159sk\u00e9 l\u00f3\u017ee b\u00fdvaly v\u017edy ba\u0161tou volnomy\u0161lenk\u00e1\u0159stv\u00ed, i kdy\u017e se nehl\u00e1sily p\u0159\u00edmo k ateismu. V mnohu zem\u00edch dnes zedn\u00e1\u0159sk\u00e9 spolky p\u016fsob\u00ed zcela leg\u00e1ln\u011b, nikdo je nepron\u00e1sleduje a nezasahuje do jejich z\u00e1le\u017eitost\u00ed a ob\u0159adn\u00edch ceremoni\u00e1l\u016f. <\/p>\n<p align=\"justify\"> Takov\u00e9 postaven\u00ed maj\u00ed svobodn\u00ed zedn\u00e1\u0159i i v It\u00e1lii, V l\u00f3\u017e\u00edch, jejich\u017e adresy lze nalistovat v telefonn\u00edch seznamech, je registrov\u00e1no na dvacet tis\u00edc stoupenc\u016f \u201evolnosti, rovnosti a bratrstv\u00ed&quot;, co\u017e je od 19. stolet\u00ed \u00fast\u0159edn\u00ed heslo zedn\u00e1\u0159sk\u00e9ho hnut\u00ed. A p\u0159ece propukl v kv\u011btnu 1981 na Apeninsk\u00e9m poloostrov\u011b kv\u016fli jedn\u00e9 zedn\u00e1\u0159sk\u00e9 l\u00f3\u017ei skand\u00e1l, kter\u00fd lze kvalifikovat jako politick\u00e9 zem\u011bt\u0159esen\u00ed. P\u0159inutil k demisi koali\u010dn\u00ed vl\u00e1du Arnalda Forlaniho a v jeho \u0161pinav\u00fdch vln\u00e1ch skon\u010dila kari\u00e9ra \u0159ady politick\u00fdch \u010dinitel\u016f, \u0161\u00e9f\u016f bezpe\u010dnostn\u00edch a tajn\u00fdch slo\u017eek, ozbrojen\u00fdch sil i \u201ehv\u011bzd&quot; italsk\u00fdch sd\u011blovac\u00edch prost\u0159edk\u016f. <\/p>\n<p align=\"justify\"> Skand\u00e1l se vyvalil z hn\u011bd\u00e9ho kufru opat\u0159en\u00e9ho n\u00e1pisem nab\u00e1daj\u00edc\u00edm k opatrnosti: K\u0158EHK\u00c9! NEKLOPIT! Toto zavazadlo necestovalo po \u017eeleznici, jak by se dalo z n\u00e1lepky usuzovat, n\u00fdbr\u017e bylo uskladn\u011bno ve vile Wanda v Arrezzu, kter\u00e1 pat\u0159\u00ed italsk\u00e9mu podnikateli Liciu Gellimu, a\u017e doned\u00e1vna pova\u017eovan\u00e9mu za bez\u00fahonn\u00e9ho ob\u010dana. Kufr objevili a otev\u0159eli letos v polovin\u011b b\u0159ezna policist\u00e9, kdy\u017e ve vile vykonali na p\u0159\u00edkaz prokur\u00e1tora domovn\u00ed prohl\u00eddku. Nehodlali tu ov\u0161em p\u00e1trat po \u010dinnosti zedn\u00e1\u0159sk\u00e9 l\u00f3\u017ee Propaganda Due, zkr\u00e1cen\u011b ozna\u010dovan\u00e9 P 2, v jej\u00edm\u017e \u010dele Licio Gelli st\u00e1l. Hledali d\u016fkazy souvisej\u00edc\u00ed s vy\u0161et\u0159ov\u00e1n\u00edm, krimin\u00e1ln\u00ed \u010dinnosti finan\u010dn\u00edho podvodn\u00edka velk\u00e9ho stylu Michela Sindony, kter\u00fd p\u0159ed lety p\u0159ipravil italsk\u00fd st\u00e1t i mnoho soukromn\u00edk\u016f o miliardy lir a o n\u011bm\u017e se v\u011bd\u011blo, \u017ee m\u011bl t\u011bsn\u00e9 styky s Gellim. (P\u0159ed st\u00edh\u00e1n\u00edm se Sindona zachr\u00e1nil \u00fat\u011bkem do zahrani\u010d\u00ed, i tam v\u0161ak pokra\u010doval ve sv\u00e9m ,,podnik\u00e1n\u00ed&quot;; za finan\u010dn\u00ed machinace, kter\u00e9 zruinovaly americkou banku Franklin National Bank, byl ned\u00e1vno v USA odsouzen k n\u011bkolikalet\u00e9mu v\u011bzen\u00ed.) <\/p>\n<p align=\"justify\"> Nikoho u\u017e dnes p\u0159\u00edli\u0161 nezaj\u00edm\u00e1, zda se ve vile Wanda na\u0161ly \u201edoli\u010dn\u00e9 p\u0159edm\u011bty&quot; t\u00fdkaj\u00edc\u00ed se Sindonovy defrauda\u010dn\u00ed \u010dinnosti. Policie objevila n\u011bco daleko senza\u010dn\u011bj\u0161\u00edho: zm\u00edn\u011bn\u00fd kufr s n\u00e1pisem K\u0158EHK\u00c9! NEKLOPIT!  <\/p>\n<p align=\"justify\"> Vhodn\u011bj\u0161\u00ed by bylo varov\u00e1n\u00ed NEBEZPE\u010c\u00cd V\u00ddBUCHU!, i kdy\u017e zavazadlo obsahovalo jen sam\u00e9 pap\u00edry. <\/p>\n<p align=\"justify\"> Byly to seznamy \u010dlen\u016f zedn\u00e1\u0159sk\u00e9 l\u00f3\u017ee P 2. S\u00e1m o sob\u011b by nep\u0159edstavoval takov\u00fd\u201e\u00falovek&quot; nic senza\u010dn\u00edho, \u010dlenstv\u00ed v zedn\u00e1\u0159sk\u00fdch l\u00f3\u017e\u00edch nen\u00ed trestn\u00e9 a o existenci P 2 se krom\u011b toho v\u011bd\u011blo. Koneckonc\u016f italsk\u00fd n\u00e1rodn\u00ed hrdina Giu-seppe Garibaldi byl tak\u00e9 svobodn\u00fd zedn\u00e1\u0159. Jen\u017ee v tomto p\u0159\u00edpad\u011b ne\u0161lo o ledajak\u00e9 \u010dleny ani o prost\u00fd seznam jmen. Mezi zabaven\u00fdm materi\u00e1ly byly i podez\u0159el\u00e9 z\u00e1znamy o p\u0159evodech mimo\u0159\u00e1dn\u011b vysok\u00fdch pen\u011b\u017en\u00edch \u010d\u00e1stek: od jednotlivc\u016f na l\u00f3\u017ei, od l\u00f3\u017ee na \u010dleny a od jednoho \u010dlena na druh\u00e9ho. A nav\u00edc prozrazovaly i nedovolen\u00fd v\u00fdvoz kapit\u00e1lu do zahrani\u010d\u00ed. <\/p>\n<p align=\"justify\"> Kdy\u017e si policejn\u00ed a soudn\u00ed org\u00e1ny z\u00e1znamy prostudovaly, dosp\u011bly k jednozna\u010dn\u00e9mu z\u00e1v\u011bru, \u017ee p\u0159i\u0161ly na stopu af\u00e9\u0159e, kter\u00e1 p\u00e1chne podvody, korupc\u00ed a kup\u010den\u00edm se st\u00e1tn\u00ed moc\u00ed. Diskr\u00e9tn\u00edm vy\u0161et\u0159ov\u00e1n\u00edm n\u011bkter\u00fdch z 953 lid\u00ed, kte\u0159\u00ed figurovali na zabaven\u00fdch seznamech, zjistily, \u017ee l\u00f3\u017ee P 2 si vytkla c\u00edle, kter\u00e9 nemaj\u00ed s ide\u00e1ly svobodn\u00e9ho zedn\u00e1\u0159stv\u00ed naprosto nic spole\u010dn\u00e9ho. C\u00edle tak ambici\u00f3zn\u00ed, \u017ee ohro\u017eovaly samu podstatu italsk\u00e9ho republik\u00e1nsk\u00e9ho z\u0159\u00edzen\u00ed. <\/p>\n<p align=\"justify\"> Tyto pl\u00e1ny byly o to nebezpe\u010dn\u011bj\u0161\u00ed, \u017ee za nimi st\u00e1la \u0159ada p\u0159edn\u00edch osobnost\u00ed italsk\u00e9ho politick\u00e9ho, hospod\u00e1\u0159sk\u00e9ho a kulturn\u00edho \u017eivota. Opravdu co jm\u00e9no, to pojem. K Gelliov\u00fdm ^tovary\u0161\u016fm&quot; pat\u0159ili t\u0159i minist\u0159i, t\u0159i st\u00e1tn\u00ed podtajem-n\u00edci, t\u0159icet poslanc\u016f, na 200 vy\u0161\u0161\u00edch vojensk\u00fdch a policejn\u00edch \u010dinitel\u016f, n\u011bkolik soudc\u016f a des\u00edtky vysok\u00fdch st\u00e1tn\u00edch \u00fa\u0159edn\u00edk\u016f (mezi nimi i Mario Semprini, \u0159editel kabinetu p\u0159edsedy vl\u00e1dy Arnalda Forlaniho), bank\u00e9\u0159\u016f (jeden z nich, Roberto Calvi, \u0159editel Banco Ambrosiano, byl ji\u017e zat\u010den kv\u016fli nez\u00e1konn\u00e9mu v\u00fdvozu pades\u00e1ti mili\u00f3n\u016f dolar\u016f do zahrani\u010d\u00ed), profesor\u016f a novin\u00e1\u0159\u016f. S v\u00fdjimkou komunist\u016f byly v l\u00f3\u017ei P 2 zastoupeny v\u0161echny italsk\u00e9 politick\u00e9 strany &#8211; od k\u0159es\u0165ansk\u00fdch demokrat\u016f a\u017e po neofa\u0161isty. K\u0159es\u0165anskodemokratick\u00e1 strana m\u011bla na seznamu dva ministry: ministra pr\u00e1ce Franka Foschiho a b\u00fdval\u00e9ho ministra zahrani\u010dn\u00edho obchodu Gaetana Stammati-ho; ministr spravedlnosti Adolfo Sarti nebyl zat\u00edm \u0159\u00e1dn\u00fdm \u010dlenem, ale v dokumentech zabaven\u00fdch u Gelliho se na\u0161la jeho p\u0159ihl\u00e1\u0161ka do l\u00f3\u017ee. Socialistickou stranu \u201ereprezentovali&quot; mj. ministr zahrani\u010dn\u00edho obchodu Enrico Manca a p\u0159edseda socialistick\u00e9 parlamentn\u00ed skupiny Silvano Labriola. A soci\u00e1ln\u011b demokratickou stranu ,,zastupoval&quot; s\u00e1m jej\u00ed gener\u00e1ln\u00ed tajemn\u00edk Pietro Longo. <\/p>\n<p align=\"justify\"> Obzvl\u00e1\u0161\u0165 podez\u0159el\u00e9 a znepokojiv\u00e9 bylo \u0161irok\u00e9 zastoupen\u00ed velitelsk\u00fdch slo\u017eek ozbrojen\u00fdch sil a policie. Zedn\u00e1\u0159sk\u00e9 k\u00e1p\u011b obl\u00e9kali nap\u0159\u00edklad n\u00e1\u010deln\u00edk gener\u00e1ln\u00edho \u0161t\u00e1bu ozbrojen\u00fdch sil admir\u00e1l Giovanni Torissi, n\u00e1\u010deln\u00edk vojensk\u00e9 \u0161pion\u00e1\u017ee Giuzeppe Santovito, n\u00e1\u010deln\u00edk kontra\u0161pion\u00e1\u017ee Giulio Grassini, velitel j\u00edzdn\u00edch karabin\u00edk\u016f Michele Schettino a dal\u0161\u00ed. Mezi dosud nevy\u0159\u00edzen\u00fdmi p\u0159ihl\u00e1\u0161kami se na\u0161la i \u017e\u00e1dost o p\u0159ijet\u00ed gener\u00e1la karabin\u00edk\u016f Carla Alberta Dalla Chiesy, velitele zvl\u00e1\u0161tn\u00edch odd\u00edl\u016f pro boj proti terorismu.  <\/p>\n<p align=\"justify\"> Vy\u0161et\u0159ov\u00e1n\u00edm p\u0159\u00edpadu l\u00f3\u017ee P 2 byli pov\u011b\u0159eni mil\u00e1n\u0161t\u00ed soudci Gerardo Colombo, Giuliano Turone a Guido Viola. U\u017e p\u0159i zb\u011b\u017en\u00e9m studiu zabaven\u00fdch materi\u00e1l\u016f zjistili, \u017ee zedn\u00e1\u0159sk\u00e1 l\u00f3\u017ee Propaganda Due poru\u0161uje z\u00e1kony, p\u0159inejmen\u0161\u00edm z\u00e1kony finan\u010dn\u00ed. Ale pro\u010d se zrovna v t\u00e9to l\u00f3\u017ei se\u0161lo tolik \u0161pi\u010dek italsk\u00e9ho \u017eivota? Tolik lid\u00ed, kte\u0159\u00ed maj\u00ed ruku na mocensk\u00fdch p\u00e1k\u00e1ch? Vy\u0161et\u0159ovatel\u00e9 si p\u0159irozen\u011b polo\u017eili ot\u00e1zku, zda to v\u0161echno nem\u00e1 n\u011bjak\u00fd skryt\u00fd smysl, jen\u017e se zcela vymyk\u00e1 programov\u00e9 n\u00e1plni svobodn\u00e9ho zedn\u00e1\u0159stvi. <\/p>\n<p align=\"justify\"> Odpov\u011bdi na tyto ot\u00e1zky si pak postupn\u011b slo\u017eili z v\u00fdpov\u011bd\u00ed n\u011bkolika sv\u011bdk\u016f, b\u00fdval\u00fdch i nyn\u011bj\u0161\u00edch \u010dlen\u016f l\u00f3\u017ee, kter\u00e9 vyslechli. Vyplynulo z nich, \u017ee Licio Gelli si u\u017e cel\u00e1 l\u00e9ta pod pl\u00e1\u0161t\u00edkem zedn\u00e1\u0159sk\u00e9ho spolku budoval mocensk\u00e9 centrum, kter\u00e9 by mu umo\u017e\u0148ovalo ovliv\u0148ovat italsk\u00fd politick\u00fd a hospod\u00e1\u0159sk\u00fd \u017eivot i \u0159\u00edzen\u00ed st\u00e1tu &#8211; a v krajn\u00edm p\u0159\u00edpad\u011b nebo ve vhodn\u00e9m okam\u017eiku rozhoduj\u00edc\u00edm zp\u016fsobem zas\u00e1hnout do politick\u00e9ho v\u00fdvoje zem\u011b. T\u0159eba i st\u00e1tn\u00edm p\u0159evratem, \u201ekdyby to bylo nutn\u00e9&quot;. <\/p>\n<p align=\"justify\"> Gelli si promy\u0161len\u011b rozestavoval sv\u00e9 lidi a dol\u00f3\u017ee p\u0159ij\u00edmal jen mu\u017ee, kte\u0159\u00ed pracovali na kl\u00ed\u010dov\u00fdch m\u00edstech ve st\u00e1t\u011b a mohli mu b\u00fdt u\u017eite\u010dn\u00ed. Po\u010d\u00ednal si p\u0159i tom vskutku obratn\u011b. Dok\u00e1zal to, co se snad v cel\u00e9 italsk\u00e9 historii je\u0161t\u011b nikomu nepoda\u0159ilo: soust\u0159edit pro spole\u010dnou v\u011bc pod jednotn\u00fdm veden\u00edm lidi velmi r\u016fznorod\u00e9ho politick\u00e9ho zam\u011b\u0159en\u00ed a p\u0159ekonat tradi\u010dn\u00ed bari\u00e9ry, kter\u00e9 navz\u00e1jem odd\u011bluj\u00ed politiky, byrokraty, voj\u00e1ky, policisty, podnikatele a p\u0159edstavitele kultury.  <\/p>\n<p align=\"justify\"> V\u011brnost, oddanost a poslu\u0161nost si Licio Gelli vynucoval nejr\u016fzn\u011bj\u0161\u00edmi prost\u0159edky. N\u011bkter\u00fdm lidem sta\u010dil \u00faplatek, zaopat\u0159en\u00ed tu\u010dn\u00e9 prebendy, nebo vysok\u00e9 funkce ve st\u00e1tn\u00edm apar\u00e1t\u011b. Kdy\u017e to ne\u0161lo po dobr\u00e9m, m\u011bl \u201ectihodn\u00fd&quot; velmistr v z\u00e1loze n\u011bco drsn\u011bj\u0161\u00edho. \u010clenem jeho l\u00f3\u017ee byl toti\u017e plukovn\u00edk tajn\u00e9 slu\u017eby Antonio Viezzer. A tento mu\u017e plnil v posledn\u00edch letech velice delik\u00e1tn\u00ed \u00fakol: pod jeho dohledem se ve spalovn\u011b na leti\u0161ti Fiumicino v \u0158\u00edm\u011b p\u00e1lily protokoly o vy\u0161et\u0159ov\u00e1n\u00ed r\u016fzn\u00fdch af\u00e9r, na n\u011b\u017e je italsk\u00fd politick\u00fd sv\u011bt velmi bohat\u00fd. Jen\u017ee mnoho dokument\u016f, kter\u00e9 o\u0161kliv\u011b kpmpromituj\u00ed n\u011bkter\u00e9 p\u0159edn\u00ed ofici\u00e1ln\u00ed osobnosti, neskon\u010dilo v ohni, ale v archivu l\u00f3\u017ee P 2, p\u0159esn\u011bji \u0159e\u010deno v osobn\u00edm arch\u00edvu Licia Gelliho. Ten tak dostal do rukou h\u016fl nejen na n\u011bkter\u00e9 \u010dleny sv\u00e9 l\u00f3\u017ee, ale i na mnoho vlivn\u00fdch lid\u00ed stoj\u00edc\u00edch mimo ni. Jak by se mohli opov\u00e1\u017eit nevyhov\u011bt velmistrov\u00fdm p\u0159\u00e1n\u00edm? Pohr\u016f\u017eka skand\u00e1lem zpravidla zap\u016fsobila&#8230; <\/p>\n<p align=\"justify\"> Mezi zabaven\u00fdmi listinami je tak\u00e9 text p\u0159\u00edsahy, kterou musel slo\u017eit ka\u017ed\u00fd \u201enovic&quot; p\u0159i p\u0159ij\u00edm\u00e1n\u00ed za \u0159\u00e1dn\u00e9ho \u010dlena l\u00f3\u017ee P 2. Jej\u00ed hlavn\u00ed n\u00e1pl\u0148 tvo\u0159il slib ml\u010denlivosti a \u201eslep\u00e9&quot;, \u201eabsolutn\u00ed&quot; poslu\u0161nosti, samoz\u0159ejm\u011b poslu\u0161nosti \u201ectihodn\u00e9mu&quot; velmistrovi Gellimu. Teprve pak dostal novope\u010den\u00fd \u010dlen legitimaci, podepsanou osobn\u011b Gellim, a osmistr\u00e1nkovou bro\u017eurku, kter\u00e1 p\u0159edstavuje jak\u00fdsi ,,kodex dokonal\u00e9ho zedn\u00e1\u0159e&quot;. <\/p>\n<p align=\"justify\"> Tento \u201ekodex&quot; si zaslou\u017e\u00ed pozornost. Ka\u017ed\u00e9mu \u010dlenu l\u00f3\u017ee P 2 ukl\u00e1dal: \u201eJednat tak, aby p\u0159\u00e1teI\u00e9 z\u00edsk\u00e1vali st\u00e1le v\u011bt\u0161\u00ed vliv a moc.&quot; D\u016fvod k nasnad\u011b: \u010d\u00edm siln\u011bj\u0161\u00ed bude organizace, t\u00edm v\u011bt\u0161\u00edch v\u00fdhod a zisk\u016f bude dosahovat. Velmistr Gelli se zavazoval, \u017ee se v\u0161emo\u017en\u011b vynasna\u017e\u00ed, aby se \u201eopr\u00e1vn\u011bn\u00e9 tu\u017eby&quot; jeho p\u0159\u00edvr\u017eenc\u016f splnily. Na p\u016fd\u011b l\u00f3\u017ee P 2 se tak vlastn\u011b uzav\u00edral jak\u00fdsi pakt o vz\u00e1jemn\u00e9 individu\u00e1ln\u00ed i kolektivn\u00ed pomoci, Ty pom\u016f\u017ee\u0161 mn\u011b, j\u00e1 pom\u016f\u017eu tob\u011b, a oba budeme siln\u011bj\u0161\u00ed. Bude-li l\u00f3\u017ee dost siln\u00e1, jak\u00fdpak probl\u00e9m, aby se z poslance stal ministr, z plukovn\u00edka gener\u00e1l, ze soudce gener\u00e1ln\u00ed prokur\u00e1tor republiky! <\/p>\n<p align=\"justify\"> Licio Gelli vedl a \u0159\u00eddil svou l\u00f3\u017ei jako skute\u010dn\u011b konspirativn\u00ed organizaci. Dbal hlavn\u011b o to, aby se jej\u00ed \u010dlenov\u00e9 navz\u00e1jem neznali. Rozd\u011blil l\u00f3\u017ei do p\u011bti\u010dlenn\u00fdch a\u017e \u0161esti\u010dlenn\u00fdch bun\u011bk, kter\u00e9 spolu neudr\u017eovaly \u017e\u00e1dn\u00fd osobn\u00ed styk; mezi sebou se znali jen p\u0159\u00edslu\u0161n\u00edci jedn\u00e9 bu\u0148ky. Podle platn\u00e9ho z\u00e1kona \u201eml\u010deti zlato&quot; nikdo nesm\u011bl sv\u00e9 tajemstv\u00ed vyzradit, tak\u017ee jednotliv\u00ed \u010dlenov\u00e9 se mezi sebou nemohli domluvit. Slo\u017een\u00ed bun\u011bk ur\u010doval samoz\u0159ejm\u011b s\u00e1m velmistr, a to tak, aby vylou\u010dil eventu\u00e1ln\u00ed \u201eprotispiknut\u00ed&quot;. Bu\u0148ku bu\u010f tvo\u0159ili \u201espolehliv\u011b v\u011brn\u00ed&quot;, anebo byla sestavena tak, aby se jej\u00ed \u010dlenov\u00e9 nemohli spolu nikdy dohodnout. Dokonce i Gelliho z\u00e1stupci znali asi jen p\u011bt procent p\u0159\u00edslu\u0161n\u00edk\u016f l\u00f3\u017ee. <\/p>\n<p align=\"justify\"> Cenn\u00e9 sv\u011bdectv\u00ed poskytl vy\u0161et\u0159uj\u00edc\u00edm soudc\u016fm gener\u00e1l Franco Picchiotti, b\u00fdval\u00fd z\u00e1stupce velitele karabin\u00edk\u016f, kter\u00fd v posledn\u00ed dob\u011b pracoval jako tajemn\u00edk l\u00f3\u017ee P 2. Vyplynulo z n\u011bj, \u017ee Licio Gelli p\u0159ipravoval u\u017e v roce 1977 vojensk\u00fd p\u0159evrat, aby zabr\u00e1nil eventu\u00e1ln\u00ed \u00fa\u010dasti italsk\u00fdch komunist\u016f ve vl\u00e1d\u011b. Gelli tehdy uspo\u0159\u00e1dal tajnou sch\u016fzku, na n\u00ed\u017e se se\u0161li p\u0159edstavitel\u00e9 v\u0161ech slo\u017eek italsk\u00fdch ozbrojen\u00fdch sil a karabin\u00edk\u016f. \u201eVelmistr&quot; je informoval o vzniku \u201ekomunistick\u00e9ho nebezpe\u010d\u00ed&quot; a vyzval je, aby zabr\u00e1nili vstupu Italsk\u00e9 komunistick\u00e9 strany do vl\u00e1dy. T\u0159eba i st\u00e1tn\u00edm p\u0159evratem, \u201ekdyby to bylo nezbytn\u00e9&quot;. <\/p>\n<p align=\"justify\"> Po zji\u0161t\u011bn\u00ed v\u0161ech t\u011bchto skute\u010dnost\u00ed mil\u00e1n\u0161t\u00ed vy\u0161et\u0159uj\u00edc\u00ed soudci pochopili, \u017ee se jim dostal do rukou p\u0159\u00edpad p\u0159esahuj\u00edc\u00ed r\u00e1mec b\u011b\u017en\u00e9 trestn\u00e9 \u010dinnosti, a tud\u00ed\u017e i jejich kompetenci. Nebo\u0165 tady \u0161lo o ohro\u017een\u00ed z\u00e1jmu st\u00e1tu, o pravicov\u00e9 spiknut\u00ed proti st\u00e1vaj\u00edc\u00edmu po\u0159\u00e1dku, proti \u00fastavn\u00edm instituc\u00edm. A tak neme\u0161kali a u\u017e koncem b\u0159ezna informovali o v\u00fdsledc\u00edch vy\u0161et\u0159ov\u00e1n\u00ed p\u0159edsedu italsk\u00e9 vl\u00e1dy\u00a0 Arnalda\u00a0 Forlaniho\u00a0 a\u00a0 pro\u00a0 jistotu i prezidenta republiky Alessandra Pertiniho. <\/p>\n<p align=\"justify\"> \u0158\u00edm tak dostal do rukou opravdu \u201ehork\u00fd ka\u0161tan&quot;. Forlani se ocitl v nez\u00e1vid\u011bn\u00edhodn\u00e9 situaci. Rychle pochopil, \u017ee seznam \u010dlen\u016f l\u00f3\u017ee P 2 a zejm\u00e9na dokumenty o jej\u00ed nez\u00e1konn\u00e9 \u010dinnosti kom-promituj\u00ed jeho stranu, k\u0159es\u0165anskou demokracii i celou vl\u00e1dn\u00ed koalici. A od sam\u00e9ho za\u010d\u00e1tku mu bylo jasn\u00e9, \u017ee proval\u00ed-li se af\u00e9ra na ve\u0159ejnost, jsou dny jeho vl\u00e1dy se\u010dteny. Proto p\u0159e\u0161lapoval na m\u00edst\u011b, v\u00e1hal a man\u00e9vroval. Nejd\u0159\u00edve ml\u010del, jako by se nic nebylo stalo. Pak informoval \u0159\u00edmskou prokuraturu. Ale ani t\u00e9 se do tak o\u0161emetn\u00e9 z\u00e1le\u017eitosti necht\u011blo strkat prsty. H\u00e1jila se t\u00edm, \u017ee p\u0159\u00edpad nespad\u00e1 do jej\u00ed kompetence, \u017ee je to z\u00e1le\u017eitost Mil\u00e1na. <\/p>\n<p align=\"justify\"> Ale \u0161lo o p\u0159\u00edli\u0161 z\u00e1va\u017enou v\u011bc, ne\u017e aby ji bylo mo\u017eno sprovodit ze sv\u011bta suchou cestou. O cel\u00e9 af\u00e9\u0159e se brzy rozepsal tisk, dostala se na p\u0159et\u0159es v politick\u00fdch kruz\u00edch, rozho\u0159\u010dila italskou ve\u0159ejnost. Forlani se pak pokusil o posledn\u00ed \u00fahybn\u00fd man\u00e9vr: navrhl z\u0159\u00eddit parlamentn\u00ed komisi, kter\u00e1 by z\u00e1le\u017eitost zav\u00e1n\u011bj\u00edc\u00ed velk\u00fdm skand\u00e1lem vy\u0161et\u0159ila. Komise, jak zn\u00e1mo, pracuj\u00ed v It\u00e1lii \u201ed\u016fkladn\u011b&quot; a hlavn\u011b pomalu a dlouho. Ne\u017e by se nov\u011b vytvo\u0159en\u00fd org\u00e1n n\u011b\u010deho dop\u00eddil, skoro by se na skand\u00e1l zapomn\u011blo. <\/p>\n<p align=\"justify\"> Av\u0161ak vlna zv\u011bdavosti, znepokojen\u00ed i pobou\u0159en\u00ed stoupala, a\u017e se vylila i do Quirinalu, s\u00eddla italsk\u00e9ho prezidenta. A hlava st\u00e1tu si p\u0159ece jen nemohla dovolit zav\u0159\u00edt o\u010di a p\u0159edst\u00edrat, \u017ee nic nevid\u00ed. Alessandro Pertini si uv\u011bdomil, \u017ee It\u00e1lie u\u017e v posledn\u00edch letech za\u017eila p\u0159\u00edli\u0161 mnoho skand\u00e1l\u016f, ne\u017e aby bylo mo\u017eno p\u0159\u00edpad l\u00f3\u017ee P 2 p\u0159ej\u00edt ml\u010den\u00edm. Neztratili by ob\u010dan\u00e9 posledn\u00ed \u0161petku d\u016fv\u011bry v bur\u017eoazn\u011b demokratick\u00e9 instituce? <\/p>\n<p align=\"justify\"> A tak si Pertini povolal Forlaniho a \u201edomluvil mu&quot;. V\u00fdsledkem jejich pohovoru bylo, \u017ee Arnaldo Forlani dal 20. kv\u011btna &#8211; to u\u017e uplynulo v\u00edce ne\u017e \u0161est t\u00fddn\u016f od chv\u00edle, kdy dostal usv\u011bd\u010duj\u00edc\u00ed podklady od mil\u00e1nsk\u00e9 prokuratury &#8211; souhlas k tomu, aby byl seznam \u010dlen\u016f l\u00f3\u017ee Propaganda Due zve\u0159ejn\u011bn. <\/p>\n<p align=\"justify\"> Nastal poprask. Pro Gelliho \u201etovary\u0161e&quot; nade\u0161ly zl\u00e9 \u010dasy. N\u011bkte\u0159\u00ed z nich hledali z\u00e1chranu v tom, \u017ee \u010dlenstv\u00ed v l\u00f3\u017ei P 2 jednodu\u0161e pop\u0159eli. Jin\u00ed sice \u010dlenstv\u00ed p\u0159iznali, ale h\u00e1jili se t\u00edm, \u017ee do n\u00ed vstoupili jen z obdivu k ide\u00e1l\u016fm svobodn\u00e9ho zedn\u00e1\u0159stv\u00ed. A na\u0161li se i takov\u00ed, co p\u0159\u00edslu\u0161nost k l\u00f3\u017ei zd\u016fvod\u0148ovali st\u00e1tn\u00edmi z\u00e1jmy: pr\u00fd cht\u011bli do t\u00e9to organizace proniknout jen proto, aby p\u0159i\u0161li na kloub jej\u00ed \u010dinnosti. Takov\u00fdmi u\u0161lechtil\u00fdmi pohnutkami zd\u016fvod\u0148oval svou kandidaturu na \u010dlenstv\u00ed v l\u00f3\u017ei P 2 nap\u0159\u00edklad gener\u00e1l karabin\u00edk\u016f Dalla Chiesa. <\/p>\n<p align=\"justify\"> P\u0159edseda vl\u00e1dy Arnaldo Forlani se pokusil pobou\u0159enou ve\u0159ejnost uchl\u00e1cholit t\u00edm, \u017ee zkompromitovan\u00e9 st\u00e1tn\u00ed funkcion\u00e1\u0159e zbavil \u00fa\u0159adu nebo je poslal na nucenou dovolenou. Ale polo-vi\u010dat\u00e1 \u0159e\u0161en\u00ed a man\u00e9vrov\u00e1n\u00ed ho za dan\u00e9 konstelace u\u017e nemohla zachr\u00e1nit. Pod tlakem lidov\u00e9ho hn\u011bvu se vl\u00e1dn\u00ed koalice za\u010dala hroutit, a Forlani-mu nakonec nezbylo, ne\u017e aby 26. kv\u011btna podal spolu s celou vl\u00e1dou demisi. Zedn\u00e1\u0159sk\u00e1 l\u00f3\u017ee P 2 tak zp\u016fsobila 41. vl\u00e1dn\u00ed krizi v italsk\u00fdch pov\u00e1le\u010dn\u00fdch d\u011bjin\u00e1ch. <\/p>\n<p align=\"justify\"> Hlavn\u00ed akt\u00e9r cel\u00e9ho dramatu, p\u0159esn\u011bji \u0159e\u010deno mu\u017e, kter\u00fd cel\u00fd skand\u00e1l vyvolal, mezit\u00edm obez\u0159etn\u011b zmizel ze sc\u00e9ny. \u201eCtihodn\u00fd&quot; velmistr Licio Gelli opustil It\u00e1lii, jakmile zjistil, \u017ee se jeho zedn\u00e1\u0159sk\u00e1 lo\u010f pot\u00e1p\u00ed. Pro jistotu odjel a\u017e do Ji\u017en\u00ed Ameriky, nejd\u0159\u00edv do Argentiny, odkud podle posledn\u00edch zpr\u00e1v p\u0159es\u00eddlil do Paraguaye. Tak\u017ee zatyka\u010d, kter\u00fd na n\u011bho byl v It\u00e1lii vyd\u00e1n, z\u016fstane jen bezcenn\u00fdm kusem pap\u00edru. Nikdo nev\u011b\u0159\u00ed, \u017ee by snad n\u011bkdy musel skl\u00e1dat p\u0159ed italsk\u00fdm soudem \u00fa\u010dty ze sv\u00e9 \u201ezedn\u00e1\u0159sk\u00e9&quot; \u010dinnosti. <\/p>\n<p align=\"justify\"> Mezit\u00edm vy\u0161ly najevo tak\u00e9 Gelliho styky s \u00dast\u0159edn\u00ed zpravodajskou slu\u017ebou USA (CIA). A americk\u00fd tisk informoval i o jeho kontaktech se \u010dlenem n\u00e1rodn\u00edho v\u00fdboru Republik\u00e1nsk\u00e9 strany USA Philipem Guarinem, jen\u017e pat\u0159il k nejvlivn\u011bj\u0161\u00edm \u010dlen\u016fm v\u00fdboru propaguj\u00edc\u00edho zvolen\u00ed Ronalda Reagana. Gelli se s n\u00edm naposledy se\u0161el pr\u00e1v\u011b p\u0159i inauguraci americk\u00e9ho prezidenta, kde ho Guarino sezn\u00e1mil s \u0159adou osobnost\u00ed z Reaganova okol\u00ed. <\/p>\n<p align=\"justify\"> It\u00e1lie si na sv\u00e9 skand\u00e1ly zvykla a ani okoln\u00ed sv\u011bt u\u017e dal\u0161\u00ed \u201eb\u011b\u017en\u00fd&quot; italsk\u00fd skand\u00e1l jen tak nep\u0159ekvap\u00ed. Ale af\u00e9ra kolem zedn\u00e1\u0159sk\u00e9 l\u00f3\u017ee P 2 se od v\u0161ech p\u0159ede\u0161l\u00fdch skand\u00e1l\u016f p\u0159ece jen n\u011b\u010d\u00edm li\u0161\u00ed. V jist\u00e9m smyslu je toti\u017e jejich synt\u00e9zou. Jako by se v n\u011bm zrcadlila v\u0161echna \u0161p\u00edna protekcion\u00e1\u0159stv\u00ed, zneu\u017e\u00edv\u00e1n\u00ed moci, osobn\u00edho obohacov\u00e1n\u00ed a korupce, kter\u00e9 se rozbujely za fas\u00e1dou leg\u00e1ln\u00ed, navenek demokratick\u00e9 moci. Co se bude d\u00edt d\u00e1l, nelze p\u0159edv\u00eddat. U\u017e dnes vyv\u00edjej\u00ed jist\u00e9 kruhy n\u00e1tlak na soudn\u00ed org\u00e1ny. Pr\u00fd je t\u0159eba \u201eoprostit se od emoc\u00ed&quot; a celou z\u00e1le\u017eitost,,oddramatizovat&quot;. A v italsk\u00fdch pom\u011brech nelze vylou\u010dit, \u017ee tyto hlasy budou vysly\u0161eny. P\u0159inejmen\u0161\u00edm lze po\u010d\u00edtat s t\u00edm, \u017ee vy\u0161et\u0159ov\u00e1n\u00ed se \u0159\u00e1dn\u011b prot\u00e1hne. <\/p>\n<p align=\"justify\"> <strong>Kdo je Licio Gelli<\/strong> <\/p>\n<p align=\"justify\"> A\u017e do vypuknut\u00ed skand\u00e1lu kolem l\u00f3\u017ee P 2 \u0161irok\u00e1 ve\u0159ejnost \u201ectihodn\u00e9ho&quot; velmistra Licia Gelliho v\u016fbec neznala. Teprve nyn\u00ed se dov\u011bd\u011bla, \u017ee je to mu\u017e, kter\u00fd se narodil p\u0159ed 62 lety v m\u011bst\u011b Pistoia. Jako studentovi se mu p\u0159\u00edli\u0161 neda\u0159ilo: v sedmn\u00e1cti letech byl vylou\u010den ze v\u0161ech italsk\u00fdch \u0161kol. Ale takov\u00e1 mali\u010dkost ho v \u017eivotn\u00edm rozletu nezastavila. Dal se k fa\u0161ist\u016fm a jako dobrovoln\u00edk &#8211; to mu je\u0161t\u011b nebylo ani dvacet let &#8211; bojoval v \u0159ad\u00e1ch italsk\u00e9ho expedi\u010dn\u00edho sboru proti republik\u00e1n\u016fm ve \u0160pan\u011blsku. Z\u0159ejm\u011b se osv\u011bd\u010dil, nebo\u0165 z\u00edskal d\u016fstojnickou hodnost a po n\u00e1vratu do vlasti byl za druh\u00e9 sv\u011btov\u00e9 v\u00e1lky pov\u011b\u0159en \u00fakolem zaji\u0161\u0165ovat styk mezi italsk\u00fdmi ozbrojen\u00fdmi silami a arm\u00e1dou hitlerovsk\u00e9ho N\u011bmecka. V okol\u00ed Pistoie, kde p\u016fsobil, zavinil smrt des\u00edtek osob, kter\u00e9 udal eses\u00e1k\u016fm. <\/p>\n<p align=\"justify\"> Zav\u010das v\u0161ak dovedl odhadnout, \u017ee s Mussoliniho fa\u0161isty \u0161t\u011bst\u00ed neud\u011bl\u00e1. Kdy\u017e bylo jasn\u00e9, \u017ee krach fa\u0161istick\u00e9ho re\u017eimu je nevyhnuteln\u00fd, rychle p\u0159ehodil v\u00fdhybky. V posledn\u00edch v\u00e1le\u010dn\u00fdch dnech v It\u00e1lii dokonce vystupoval jako \u201epartyz\u00e1n&quot; a ve sv\u00e9m \u017eivotopise pak hrd\u011b uvedl, \u017ee se v Pistoi z\u00fa\u010dastnil bojov\u00e9 akce za osvobozen\u00ed zajat\u00fdch partyz\u00e1n\u016f. <\/p>\n<p align=\"justify\"> Ale pro jistotu se p\u0159ece jen po v\u00e1lce rad\u011bji uch\u00fdlil na n\u011bkolik let do NSR a pak do Argentiny, kde se stal zakladatelem \u201eAAA&quot; &#8211; latinsko-americk\u00fdch brig\u00e1d smrti. Do It\u00e1lie se zase vr\u00e1til a\u017e za\u010d\u00e1tkem pades\u00e1t\u00fdch let a dal se na podnik\u00e1n\u00ed, nejd\u0159\u00edve jako obchodn\u00ed agent a pozd\u011bji jako v\u00fdrobce konfekce. Aby si otev\u0159el dve\u0159e k dal\u0161\u00edmu vzestupu, vstoupil na po\u010d\u00e1tku sedmdes\u00e1t\u00fdch let do organizace svobodn\u00fdch zedn\u00e1\u0159\u016f. Ale i v zedn\u00e1\u0159sk\u00e9m hnut\u00ed se nakonec \u201eosamostatnil&quot; a za\u010dal si budovat vlastn\u00ed l\u00f3\u017ei. Fakticky vytv\u00e1\u0159el \u201eneviditelnou vl\u00e1du&quot;. Dlouhou dobu \u201etahal za nitky&quot;, dlouhou dobu se mu da\u0159ilo, a\u017e se mu stal osudn\u00fdm oby\u010dejn\u00fd hn\u011bd\u00fd kufr s n\u00e1lepkou K\u0158EHK\u00c9! NEKLOPIT! <\/p>\n<p align=\"justify\"> <strong>P\u00e1r slov o zedn\u00e1\u0159stv\u00ed<\/strong> <\/p>\n<p align=\"justify\"> Zedn\u00e1\u0159stv\u00ed bylo p\u016fvodn\u011b n\u00e1bo\u017eensko-etick\u00e9 hnut\u00ed, kter\u00e9 vzniklo po\u010d\u00e1tkem 18. stolet\u00ed v Anglii, odkud se roz\u0161\u00ed\u0159ilo do Francie, N\u011bmecka, \u0160pan\u011blska, It\u00e1lie, Ruska a dal\u0161\u00edch zem\u00ed. N\u00e1zev, organiza\u010dn\u00ed formy (l\u00f3\u017ee), hierarchii (u\u010dedn\u00edk, tovary\u0161, mistr, velmistr) a dal\u0161\u00ed tradice p\u0159evzali svobodn\u00ed zedn\u00e1\u0159i od st\u0159edov\u011bk\u00fdch stavebn\u00edch (zednick\u00fdch neboli zedn\u00e1\u0159sk\u00fdch) cech\u016f, p\u0159edev\u0161\u00edm od jejich vy\u0161\u0161\u00edch vrstev (architekti, socha\u0159i). <\/p>\n<p align=\"justify\"> C\u00edlem zedn\u00e1\u0159sk\u00e9ho hnut\u00ed bylo vytvo\u0159it sv\u011btovou organizaci, kter\u00e1 by sjednotila cel\u00e9 lidstvo do bratrsk\u00e9ho n\u00e1bo\u017eensk\u00e9ho svazku&quot;. Hnut\u00ed m\u011blo zprvu bur\u017eoazn\u00ed charakter, kter\u00fd pak ov\u0161em st\u00e1le v\u00edce ustupoval charakteru aristokratick\u00e9mu. <\/p>\n<p align=\"justify\"> P\u016fvodn\u011b racionalistick\u00fd duch se postupn\u011b vytr\u00e1cel, prosazovaly se prvky spojuj\u00edc\u00ed zedn\u00e1\u0159stv\u00ed se st\u0159edov\u011bk\u00fdmi mystick\u00fdmi a ryt\u00ed\u0159sk\u00fdmi \u0159\u00e1dy (k\u0159i\u017e\u00e1ci, templ\u00e1\u0159i), hierarchie se st\u00e1le v\u00edce rozv\u011btvovala (v n\u011bkter\u00fdch sm\u011brech a zem\u00edch m\u011blo zedn\u00e1\u0159stv\u00ed a\u017e 99 hierarchick\u00fdch stup\u0148\u016f), vytvo\u0159il se slo\u017eit\u00fd ritu\u00e1l. <\/p>\n<p align=\"justify\"> Soci\u00e1ln\u00ed slo\u017een\u00ed p\u0159edstavitel\u016f zedn\u00e1\u0159stv\u00ed i jeho \u00faloha v politick\u00e9m \u017eivot\u011b se p\u0159itom v r\u016fzn\u00fdch zem\u00edch a v r\u016fzn\u00e9 dob\u011b v\u00fdrazn\u011b li\u0161ily; jeho stoupenci byly spjati jak s reak\u010dn\u00edmi, tak i s pokrokov\u00fdmi spole\u010densk\u00fdmi hnut\u00edmi. Nejv\u011bt\u0161\u00ed \u00falohu hr\u00e1li zedn\u00e1\u0159i v 18. stolet\u00ed a za\u010d\u00e1tkem 19. stolet\u00ed. Je\u0161t\u011b v \u0161edes\u00e1t\u00fdch letech 20. stolet\u00ed se k tomuto hnut\u00ed hl\u00e1silo na asi osm mili\u00f3n\u016f lid\u00ed. <\/p>\n<p align=\"justify\"> Z archivu NoS <\/p>\n<p align=\"justify\"> \u00a0 <\/p>\n","protected":false},"excerpt":{"rendered":"<p>O jednom skand\u00e1lu italsk\u00e9ho politick\u00e9ho \u017eivota z 80. let<\/p>\n","protected":false},"author":1,"featured_media":3,"comment_status":"open","ping_status":"open","sticky":false,"template":"","format":"standard","meta":{"_mi_skip_tracking":false,"_exactmetrics_sitenote_active":false,"_exactmetrics_sitenote_note":"","_exactmetrics_sitenote_category":0},"categories":[8],"tags":[],"_links":{"self":[{"href":"http:\/\/novysmer.cz\/index.php\/wp-json\/wp\/v2\/posts\/1535"}],"collection":[{"href":"http:\/\/novysmer.cz\/index.php\/wp-json\/wp\/v2\/posts"}],"about":[{"href":"http:\/\/novysmer.cz\/index.php\/wp-json\/wp\/v2\/types\/post"}],"author":[{"embeddable":true,"href":"http:\/\/novysmer.cz\/index.php\/wp-json\/wp\/v2\/users\/1"}],"replies":[{"embeddable":true,"href":"http:\/\/novysmer.cz\/index.php\/wp-json\/wp\/v2\/comments?post=1535"}],"version-history":[{"count":0,"href":"http:\/\/novysmer.cz\/index.php\/wp-json\/wp\/v2\/posts\/1535\/revisions"}],"wp:featuredmedia":[{"embeddable":true,"href":"http:\/\/novysmer.cz\/index.php\/wp-json\/wp\/v2\/media\/3"}],"wp:attachment":[{"href":"http:\/\/novysmer.cz\/index.php\/wp-json\/wp\/v2\/media?parent=1535"}],"wp:term":[{"taxonomy":"category","embeddable":true,"href":"http:\/\/novysmer.cz\/index.php\/wp-json\/wp\/v2\/categories?post=1535"},{"taxonomy":"post_tag","embeddable":true,"href":"http:\/\/novysmer.cz\/index.php\/wp-json\/wp\/v2\/tags?post=1535"}],"curies":[{"name":"wp","href":"https:\/\/api.w.org\/{rel}","templated":true}]}}