{"id":1597,"date":"2011-10-18T18:31:35","date_gmt":"2011-10-18T16:31:35","guid":{"rendered":"http:\/\/novysmer.cz\/index.php\/2011\/10\/18\/ladna-vendula\/"},"modified":"2011-10-18T18:31:35","modified_gmt":"2011-10-18T16:31:35","slug":"ladna-vendula","status":"publish","type":"post","link":"http:\/\/novysmer.cz\/index.php\/2011\/10\/18\/ladna-vendula\/","title":{"rendered":"Ladn\u00e1 Vendula"},"content":{"rendered":"<p align=\"justify\"> <a href=\"http:\/\/www.halonoviny.cz\" target=\"_blank\" rel=\"noopener noreferrer\"><\/a><img loading=\"lazy\" class=\" alignleft size-full wp-image-1595\" src=\"http:\/\/novysmer.cz\/wp-content\/uploads\/2011\/10\/vendula1.jpg\" border=\"0\" alt=\"vendula1\" title=\"vendula1\" hspace=\"5\" vspace=\"5\" width=\"150\" height=\"100\" align=\"left\" \/>Kdy\u017e jsem zaslechl zpr\u00e1vu o zve\u0159ejn\u011bn\u00ed jak\u00fdchsi odv\u00e1\u017en\u00fdch fotografi\u00ed zastupitelky m\u011bsta <em>Jind\u0159ichova Hradce<\/em> za KS\u010cM, kter\u00e9 m\u011bla na sv\u00e9m facebooku vystavit jako bezpartijn\u00ed zastupitelka zvolen\u00e1 za KS\u010cM, Vendula Kroupov\u00e1, nev\u011bnoval jsem tomu velkou pozornost. <\/p>\n<p> <!--more--> <\/p>\n<p align=\"justify\"> I j\u00e1 jsem kandidoval do tohoto m\u011bstsk\u00e9ho zastupitelstva, ov\u0161em na nevoliteln\u00e9m m\u00edst\u011b, tak\u017ee jsem na p\u0159edvolebn\u00edch sch\u016fz\u00edch, kdy jsme v\u0161ichni kandid\u00e1ti za KS\u010cM tvo\u0159ili volebn\u00ed program, poznal p\u016fvabnou studentku vysok\u00e9 \u0161koly Vendulu Kroupovou. Mus\u00edm \u0159\u00edci, \u017ee m\u00e1 sebejist\u00e9 vystupov\u00e1n\u00ed, a tak jsme souhlasili s t\u00edm, d\u00e1t ji na voliteln\u00e9 m\u00edsto. M\u011blo to sv\u00e9 opodstatn\u011bn\u00ed. Uk\u00e1zali jsme ostatn\u00edm stran\u00e1m, \u017ee se neboj\u00edme d\u00e1vat d\u016fv\u011bru mlad\u00fdm lidem, i kdy\u017e jsme dob\u0159e v\u011bd\u011bli, \u017ee za\u010d\u00e1tky politick\u00e9 kari\u00e9ry mohou b\u00fdt t\u011b\u017ek\u00e9. <\/p>\n<p align=\"justify\"> <img loading=\"lazy\" class=\" alignleft size-full wp-image-1596\" src=\"http:\/\/novysmer.cz\/wp-content\/uploads\/2011\/10\/vendula2.jpg\" border=\"0\" alt=\"vendula2\" title=\"vendula2\" hspace=\"5\" vspace=\"5\" width=\"219\" height=\"450\" align=\"left\" \/> <\/p>\n<p align=\"justify\"> To, jak je Vendula aktivn\u00ed na zased\u00e1n\u00edch zastupitel\u016f, zat\u00edm nev\u00edm, ale kdy\u017e se j\u00ed zastal i starosta Jind\u0159ichova Hradce (za \u010cSSD), nem\u016f\u017ee to b\u00fdt \u0161patn\u00e9. Potom jsem si otev\u0159el internet a nesta\u010dil jsem se divit, proto\u017ee jsem narazil na jakousi anketu str\u00e1nek Novinky.cz pod zav\u00e1d\u011bj\u00edc\u00edm n\u00e1zvem \u00bbJak se v\u00e1m l\u00edb\u00ed rud\u00e1 Vendula&#8230;.\u00ab. Cit\u00e1t asi nebude p\u0159esn\u00fd, ale takto zneuct\u00edt mladou d\u00edvku, hlavn\u011b u t\u011bch, kdo ji neznaj\u00ed, mi p\u0159ipadalo p\u0159\u00ed\u0161ern\u00e9. <\/p>\n<p align=\"justify\"> Tak jsem se tak\u00e9 pod\u00edval, co vlastn\u011b Vendula Kroupov\u00e1 na sv\u016fj facebook vystavila. M\u016fj dojem je ten, \u017ee se pokou\u0161ela, mo\u017en\u00e1 i ne\u0161\u0165astn\u011b o um\u011bleckou fotografii, mo\u017en\u00e1 pro n\u011bjak\u00fd modeling, ale rozhodn\u011b to nebyly pornografick\u00e9 obr\u00e1zky, za kter\u00e9 by se musela styd\u011bt. M\u016fj n\u00e1zor je ten, \u017ee se d\u011blalo mnoho rozruchu pro nic, ale proto\u017ee se jednalo o zastupitelku za KS\u010cM, nav\u00edc bezpartijn\u00ed, v\u011bc se musela rozmazat. <\/p>\n<p align=\"justify\"> Nev\u00edm, kdo si vymyslel zav\u00e1d\u011bj\u00edc\u00ed nadpis \u00bbRud\u00e1 Vendula\u00ab. Mo\u017en\u00e1, \u017ee t\u011bmi podle mne nez\u00e1vadn\u00fdmi fotografiemi hnula \u017elu\u010d\u00ed r\u016fzn\u00fdch purit\u00e1n\u016f a mravok\u00e1rc\u016f, z nich\u017e n\u011bkte\u0159\u00ed mo\u017en\u00e1 v soukrom\u00ed d\u011blaj\u00ed mnohem hor\u0161\u00ed v\u011bci, kter\u00e9 by byly i na krimin\u00e1l. Nebo Vendule z\u00e1vid\u00ed jej\u00ed ladn\u00e9 k\u0159ivky a to, \u017ee se j\u00ed nemohou rovnat, proto\u017ee ty jejich nemo\u017en\u00e9 pupky a faldy by byli na po\u0159\u00e1dnou ostudu. <\/p>\n<p align=\"justify\"> Franti\u0161ek HADA\u010c, Jind\u0159ich\u016fv Hradec <\/p>\n<p align=\"justify\"> <a href=\"http:\/\/www.halonoviny.cz\/articles\/view\/228087\" target=\"_blank\" rel=\"noopener noreferrer\">http:\/\/www.halonoviny.cz\/articles\/view\/228087<\/a>, 18. 10. 2011 <\/p>\n<p align=\"justify\"> <em>\u00a0Pozn. red.: Kr\u00e1sn\u00e1 d\u00edvka, kter\u00e1 se nem\u00e1 za co styd\u011bt. S t\u011bmi fotkami m\u011bla p\u0159ij\u00edt p\u0159ed volbami.<\/em>  <\/p>\n<p align=\"justify\"> \u00a0 <\/p>\n","protected":false},"excerpt":{"rendered":"<p>Kdy\u017e jsem zaslechl zpr\u00e1vu o zve\u0159ejn\u011bn\u00ed jak\u00fdchsi odv\u00e1\u017en\u00fdch fotografi\u00ed zastupitelky m\u011bsta Jind\u0159ichova Hradce za KS\u010cM, kter\u00e9 m\u011bla na sv\u00e9m facebooku<\/p>\n","protected":false},"author":1,"featured_media":1595,"comment_status":"open","ping_status":"open","sticky":false,"template":"","format":"standard","meta":{"_mi_skip_tracking":false,"_exactmetrics_sitenote_active":false,"_exactmetrics_sitenote_note":"","_exactmetrics_sitenote_category":0},"categories":[5],"tags":[98,90,13],"_links":{"self":[{"href":"http:\/\/novysmer.cz\/index.php\/wp-json\/wp\/v2\/posts\/1597"}],"collection":[{"href":"http:\/\/novysmer.cz\/index.php\/wp-json\/wp\/v2\/posts"}],"about":[{"href":"http:\/\/novysmer.cz\/index.php\/wp-json\/wp\/v2\/types\/post"}],"author":[{"embeddable":true,"href":"http:\/\/novysmer.cz\/index.php\/wp-json\/wp\/v2\/users\/1"}],"replies":[{"embeddable":true,"href":"http:\/\/novysmer.cz\/index.php\/wp-json\/wp\/v2\/comments?post=1597"}],"version-history":[{"count":0,"href":"http:\/\/novysmer.cz\/index.php\/wp-json\/wp\/v2\/posts\/1597\/revisions"}],"wp:featuredmedia":[{"embeddable":true,"href":"http:\/\/novysmer.cz\/index.php\/wp-json\/wp\/v2\/media\/1595"}],"wp:attachment":[{"href":"http:\/\/novysmer.cz\/index.php\/wp-json\/wp\/v2\/media?parent=1597"}],"wp:term":[{"taxonomy":"category","embeddable":true,"href":"http:\/\/novysmer.cz\/index.php\/wp-json\/wp\/v2\/categories?post=1597"},{"taxonomy":"post_tag","embeddable":true,"href":"http:\/\/novysmer.cz\/index.php\/wp-json\/wp\/v2\/tags?post=1597"}],"curies":[{"name":"wp","href":"https:\/\/api.w.org\/{rel}","templated":true}]}}