{"id":1646,"date":"2011-11-29T09:41:00","date_gmt":"2011-11-29T08:41:00","guid":{"rendered":"http:\/\/novysmer.cz\/index.php\/2011\/11\/29\/kam-jsme-doli-zamyleni-k-vyroi-17listopadu\/"},"modified":"2011-11-29T09:41:00","modified_gmt":"2011-11-29T08:41:00","slug":"kam-jsme-doli-zamyleni-k-vyroi-17listopadu","status":"publish","type":"post","link":"http:\/\/novysmer.cz\/index.php\/2011\/11\/29\/kam-jsme-doli-zamyleni-k-vyroi-17listopadu\/","title":{"rendered":"Kam jsme do\u0161li (zamy\u0161len\u00ed k v\u00fdro\u010d\u00ed 17.listopadu)"},"content":{"rendered":"<p style=\"text-align: justify;\"><img loading=\"lazy\" class=\" alignleft size-full wp-image-1645\" style=\"float: left;\" alt=\"blisty\" src=\"http:\/\/novysmer.cz\/wp-content\/uploads\/2011\/11\/blisty.png\" height=\"26\" width=\"130\" \/>&nbsp; \u010cesk\u00e1 republika \u2013 22 let po <em>Listopadu 1989&nbsp;<\/em><\/p>\n<p style=\"text-align: justify;\">&nbsp; Za\u010dnu parafr\u00e1z\u00ed u\u017e klasick\u00fdch projev\u016f exprezidenta Havla. P\u0159i n\u00e1stupu do funkce v novoro\u010dn\u00edm projevu 1989 prohl\u00e1sil, \u017ee \u201ena\u0161e zem\u011b nevzkv\u00e9t\u00e1\u201c, co\u017e byl jednozna\u010dn\u00fd odsudek h\u0159\u00edch\u016f a neschopnosti komunismu. Za p\u00e1r let pak objevil, \u017ee \u201eve spole\u010dnosti vl\u00e1dne blb\u00e1 n\u00e1lada\u201c. M\u011bl pravdu, i kdy\u017e naruby.<\/p>\n<p> <!--more--> <\/p>\n<p style=\"text-align: justify;\">Po v\u00edce ne\u017e 20 letech kapitalistick\u00e9ho hospoda\u0159en\u00ed toti\u017e nejen zem\u011b nevzkv\u00e9t\u00e1, ale vylo\u017een\u011b propad\u00e1 na dno, dokonce hyne, a n\u00e1lada lid\u00ed je po\u0159\u00e1d blb\u011bj\u0161\u00ed. Jsme v hlubok\u00e9m svrabu a\u017e po u\u0161i. \u017divot st\u00e1le v\u011bt\u0161\u00ed \u010d\u00e1sti lid\u00ed se m\u011bn\u00ed v boj o obstojn\u00e9 p\u0159e\u017e\u00edv\u00e1n\u00ed. Byli jsme transformov\u00e1ni tak, \u017ee jsme se stali hospod\u00e1\u0159skou a t\u00edm i politickou koloni\u00ed, hlavn\u011b N\u011bmecka a dal\u0161\u00edch z\u00e1padoevropsk\u00fdch st\u00e1t\u016f, kter\u00e9 \u201ep\u0159evzaly\u201c d\u0159\u00edve n\u00e1\u0161 vlastn\u00ed produk\u010dn\u00ed kapit\u00e1l. Z d\u016fle\u017eit\u00e9ho st\u00e1tu v r\u00e1mci Rady vz\u00e1jemn\u00e9 hospod\u00e1\u0159sk\u00e9 pomoci se stal bezmocn\u00fd st\u00e1te\u010dek, kter\u00fd nikdo nebere v\u00e1\u017en\u011b. V tom smyslu, \u017ee u\u017e nen\u00ed schopen n\u011bco pozitivn\u00edho ud\u011blat pro zemi, pro n\u00e1rod, pro lidi. Rozvr\u00e1cena je nejen ekonomika a politika, ale tak\u00e9 zdravotnictv\u00ed, \u0161kolstv\u00ed, bezpe\u010dnost i obrana. Dokonce i ta ve\u0159ejn\u00e1 spr\u00e1va. Tedy nejen produkce ale i nev\u00fdrobn\u00ed sf\u00e9ra. Dnes u\u017e je zcela z\u0159ejm\u00e9, \u017ee Velkou Listopadovou Sametovou Revoluc\u00ed n\u00e1\u0161 pracuj\u00edc\u00ed lid sp\u00e1chal kolektivn\u00ed politickou sebevra\u017edu. V roce 1989 to bylo je\u0161t\u011b z opojen\u00ed, ale nutno \u0159\u00edci, \u017ee k tomu bohu\u017eel znovu do\u0161lo i ve volb\u00e1ch v r. 2010 (viz \u0160lafenberg, Kradousek, Kecy ve\u0159ejn\u00e9), a to u\u017e bylo ale ur\u010dit\u011b z hromadn\u00e9 blbosti.<\/p>\n<p style=\"text-align: right;\"><em>\u010ct\u011bte d\u00e1le : <a href=\"http:\/\/www.blisty.cz\/aut\/1002\/bio.html\"><\/a><a href=\"http:\/\/www.blisty.cz\/aut\/1002\/bio.html\" target=\"_blank\" rel=\"noopener noreferrer\">http:\/\/www.blisty.cz\/aut\/1002\/bio.html<\/a><\/em><\/p>\n","protected":false},"excerpt":{"rendered":"<p>&nbsp; \u010cesk\u00e1 republika \u2013 22 let po Listopadu 1989&nbsp; &nbsp; Za\u010dnu parafr\u00e1z\u00ed u\u017e klasick\u00fdch projev\u016f exprezidenta Havla. P\u0159i n\u00e1stupu do<\/p>\n","protected":false},"author":1,"featured_media":1645,"comment_status":"open","ping_status":"open","sticky":false,"template":"","format":"standard","meta":{"_mi_skip_tracking":false,"_exactmetrics_sitenote_active":false,"_exactmetrics_sitenote_note":"","_exactmetrics_sitenote_category":0},"categories":[5],"tags":[123,60,133],"_links":{"self":[{"href":"http:\/\/novysmer.cz\/index.php\/wp-json\/wp\/v2\/posts\/1646"}],"collection":[{"href":"http:\/\/novysmer.cz\/index.php\/wp-json\/wp\/v2\/posts"}],"about":[{"href":"http:\/\/novysmer.cz\/index.php\/wp-json\/wp\/v2\/types\/post"}],"author":[{"embeddable":true,"href":"http:\/\/novysmer.cz\/index.php\/wp-json\/wp\/v2\/users\/1"}],"replies":[{"embeddable":true,"href":"http:\/\/novysmer.cz\/index.php\/wp-json\/wp\/v2\/comments?post=1646"}],"version-history":[{"count":0,"href":"http:\/\/novysmer.cz\/index.php\/wp-json\/wp\/v2\/posts\/1646\/revisions"}],"wp:featuredmedia":[{"embeddable":true,"href":"http:\/\/novysmer.cz\/index.php\/wp-json\/wp\/v2\/media\/1645"}],"wp:attachment":[{"href":"http:\/\/novysmer.cz\/index.php\/wp-json\/wp\/v2\/media?parent=1646"}],"wp:term":[{"taxonomy":"category","embeddable":true,"href":"http:\/\/novysmer.cz\/index.php\/wp-json\/wp\/v2\/categories?post=1646"},{"taxonomy":"post_tag","embeddable":true,"href":"http:\/\/novysmer.cz\/index.php\/wp-json\/wp\/v2\/tags?post=1646"}],"curies":[{"name":"wp","href":"https:\/\/api.w.org\/{rel}","templated":true}]}}