{"id":1648,"date":"2011-11-29T17:58:41","date_gmt":"2011-11-29T16:58:41","guid":{"rendered":"http:\/\/novysmer.cz\/index.php\/2011\/11\/29\/obanske-sdrueni-qvojaci-proti-valceq\/"},"modified":"2011-11-29T17:58:41","modified_gmt":"2011-11-29T16:58:41","slug":"obanske-sdrueni-qvojaci-proti-valceq","status":"publish","type":"post","link":"http:\/\/novysmer.cz\/index.php\/2011\/11\/29\/obanske-sdrueni-qvojaci-proti-valceq\/","title":{"rendered":"Ob\u010dansk\u00e9 sdru\u017een\u00ed &#8222;VOJ\u00c1CI PROTI V\u00c1LCE&#8220;"},"content":{"rendered":"<p>\u00a0<\/p>\n<p><img loading=\"lazy\" class=\" alignleft size-full wp-image-3\" style=\"float: left;\" alt=\"logo\" src=\"http:\/\/novysmer.cz\/wp-content\/uploads\/2007\/10\/logo.jpg\" width=\"103\" height=\"79\" \/>Stanovisko ob\u010dansk\u00e9ho sdru\u017een\u00ed <strong><em>VOJ\u00c1CI PROTI V\u00c1LCE<\/em><\/strong> k rozt\u00e1\u010den\u00ed nov\u00e9ho kola zbrojen\u00ed.<\/p>\n<p> <!--more--> <\/p>\n<p style=\"text-align: justify;\">My \u00fa\u010dastn\u00edci Republikov\u00e9ho shrom\u00e1\u017ed\u011bn\u00ed o.s. \u201eVOJ\u00c1CI PROTI V\u00c1LCE&#8220; &#8211; gener\u00e1lov\u00e9 a d\u016fstojn\u00edci ozbrojen\u00fdch slo\u017eek \u010cR ve v\u00fdslu\u017eb\u011b, vych\u00e1zeje ze Stanov Sdru\u017een\u00ed a programov\u00e9ho prohl\u00e1\u0161en\u00ed a na z\u00e1klad\u011b sv\u00fdch profesn\u00edch znalost\u00ed povazujeme za svou povinnost upozornit vl\u00e1du a zejm\u00e9na ob\u010dany \u010cR na nebezpe\u010d\u00ed, kter\u00e9 vznikne ne jen pro \u010cR a jej\u00ed ob\u010dany nov\u00fdm kolem zbrojen\u00ed zejm\u00e9na jadern\u00fdch mocnost\u00ed.<\/p>\n<p style=\"text-align: justify;\">S politov\u00e1n\u00edm konstatujeme, \u017ee na\u0161e upozor\u0148ov\u00e1n\u00ed na nedostatky ve smlouv\u011b USA-Rusko o omezen\u00ed strategick\u00fdch zbran\u00ed bylo opodstatn\u011bn\u00e9. I p\u0159es velk\u00e9 \u0161krty ve st\u00e1tn\u00edch rozpo\u010dtech, maj\u00edc\u00ed zna\u010dn\u00fd negativn\u00ed dopad zejm\u00e9na v soci\u00e1ln\u00ed oblasti, v\u00fddaje na zbrojen\u00ed jednotliv\u00fdch st\u00e1t\u016f maj\u00ed vzestupn\u00fd trend. Spojen\u00e9 st\u00e1ty na modernizaci sv\u00e9ho jadern\u00e9ho potenci\u00e1lu po\u010d\u00edtaj\u00ed v p\u0159\u00ed\u0161t\u00ed dek\u00e1d\u011b 700 miliard dolar\u016f. Modernizuj\u00ed a roz\u0161i\u0159uj\u00ed sv\u016fj jadern\u00fd potenci\u00e1l i ostatn\u00ed st\u00e1ty vlastn\u00edc\u00ed jadern\u00e9 zbran\u011b a n\u011bkter\u00e9 dal\u0161\u00ed st\u00e1ty o z\u00edsk\u00e1n\u00ed jadern\u00fdch zbran\u00ed usiluj\u00ed. To v\u0161e navzdory r\u00e9torice o odzbrojen\u00ed a \u201esv\u011bt\u011b zbaven\u00e9m jadern\u00fdch zbran\u00ed&#8220;. Zna\u010dnou roli v tomto sm\u011bru hraje setrv\u00e1v\u00e1n\u00ed USA na realizaci z\u00e1m\u011bru vybudovat spolehlivou protiraketovou obranu sv\u00e9ho \u00fazem\u00ed.<\/p>\n<p style=\"text-align: justify;\">Sv\u00fdm zp\u016fsobem o tom sv\u011bd\u010d\u00ed i st\u00e1le hust\u0161\u00ed s\u00ed\u0165 vojensk\u00fdch z\u00e1kladen nejen na evropsk\u00e9m kontinent\u011b. Mimo nov\u00fdch vojensk\u00fdch z\u00e1kladen USA na \u00fazem\u00ed Rumunska, Bulharska a jedn\u00e9 z nejv\u011bt\u0161\u00edch v Kosovu, m\u00e1 b\u00fdt dal\u0161\u00ed v Polsku, p\u0159\u00edpadn\u011b v dal\u0161\u00edch st\u00e1tech. Dosud deklarovan\u00e9 antirakety maj\u00ed b\u00fdt nahrazeny raketami \u201e pouze&#8220; kr\u00e1tk\u00e9ho a st\u0159edn\u00edho doletu. To v\u0161e znamen\u00e1 dal\u0161\u00ed zv\u00fd\u0161en\u00ed ji\u017e tak zna\u010dn\u00e9 vojensk\u00e9 p\u0159\u00edtomnosti USA v Evrop\u011b. Mimoto jsou roz\u0161i\u0159ov\u00e1ny tak\u00e9 vojensk\u00e9 z\u00e1kladny USA na asijsk\u00e9m kontinent\u011b, zejm\u00e9na v n\u011bkter\u00fdch arabsk\u00fdch st\u00e1tech K v\u00e1\u017en\u00e9 destabilizaci situace v t\u00e9to citliv\u00e9 oblasti nepochybn\u011b povedou ohl\u00e1\u0161en\u00e9 americk\u00e9 dod\u00e1vky n\u011bkolika tis\u00edc modern\u00edch bojov\u00fdch hlavic Spojen\u00fdm arabsk\u00fdm emir\u00e1t\u016fm a n\u011bkolika des\u00edtek st\u00edhac\u00edch bombard\u00e9r\u016f Saudsk\u00e9 Ar\u00e1bii.<\/p>\n<p style=\"text-align: justify;\">Opr\u00e1vn\u011bn\u00e9 ot\u00e1zky a pochybnosti vzbuzuje tak\u00e9 neobvykl\u00e1 \u201evst\u0159\u00edcnost&#8220; p\u0159edsedy vl\u00e1dy \u010cR p\u0159i jedn\u00e1n\u00ed s presidentem Obamou o z\u0159\u00edzen\u00ed vrtuln\u00edkov\u00e9ho \u0161kol\u00edc\u00edho st\u0159ediska NATO \/ USA na \u00fazem\u00ed \u010cR. Hodl\u00e1 snad premi\u00e9r t\u00edmto zp\u016fsobem prosadit ob\u010dany op\u011btovn\u011b odm\u00edtnutou vojenskou p\u0159\u00edtomnost USA na \u00fazem\u00ed \u010cR ?<\/p>\n<p style=\"text-align: justify;\">V sou\u010dasn\u00e9 dob\u011b \u0159ada p\u0159\u00edklad\u016f sv\u011bd\u010d\u00ed o pokra\u010duj\u00edc\u00ed a st\u00e1le otev\u0159en\u011bj\u0161\u00ed snaze Spojen\u00fdch st\u00e1t\u016f a n\u011bkter\u00fdch st\u00e1t\u016f NATO vyu\u017e\u00edvat pod nejr\u016fzn\u011bj\u0161\u00edmi z\u00e1minkami k prosazov\u00e1n\u00ed sv\u00fdch zahrani\u010dn\u011b politick\u00fdch, ekonomick\u00fdch a strategick\u00fdch z\u00e1m\u011br\u016f ozbrojenou s\u00edlu. M\u00e1 se d\u00e1le uplat\u0148ovat a rozv\u00edjet sc\u00e9n\u00e1\u0159 osv\u011bd\u010den\u00fd ve v\u00e1lk\u00e1ch USA\/NATO proti suver\u00e9nn\u00edm \u010dlensk\u00fdm st\u00e1t\u016fm OSN &#8211; SRJ, Ir\u00e1ku, Afgh\u00e1nist\u00e1nu a v posledn\u00ed dob\u011b Libyi. Lze jen doufat, \u017ee po tragick\u00e9 zku\u0161enosti s neblaze proslulou rezoluc\u00ed Rady bezpe\u010dnosti OSN o z\u0159\u00edzen\u00ed \u201e bezletov\u00e9 z\u00f3ny&#8220; k \u201e ochran\u011b civiln\u00edho obyvatelstva&#8220; v Libyi, nep\u0159ipust\u00ed Rusko a \u010cLR spolu s dal\u0161\u00edmi \u010dlensk\u00fdmi st\u00e1ty Rady bezpe\u010dnosti podobn\u00e9 zneu\u017eit\u00ed tohoto org\u00e1nu OSN nap\u0159. proti S\u00fdrii nebo Ir\u00e1nu a p\u0159\u00edpadn\u011b dal\u0161\u00edm st\u00e1t\u016fm, jejich\u017e z\u0159\u00edzen\u00ed a politika se m\u016f\u017ee dostat do rozporu se z\u00e1jmy USA a jejich spojenc\u016f.<\/p>\n<p style=\"text-align: justify;\">To v\u0161e nejenom potvrzuje pokra\u010duj\u00edc\u00ed \u00fasil\u00ed USA o udr\u017een\u00ed jejich hegemonie v glob\u00e1ln\u00edm m\u011b\u0159\u00edtku, ale vede znovu ke stup\u0148ov\u00e1n\u00ed zbrojen\u00ed a k vyvol\u00e1v\u00e1n\u00ed a prohlubov\u00e1n\u00ed ned\u016fv\u011bry mezi st\u00e1ty. M\u00edsto o\u010dek\u00e1van\u00e9ho uvoln\u011bn\u00ed nap\u011bt\u00ed v mezin\u00e1rodn\u00edch vztaz\u00edch vede k militarizaci jednotliv\u00fdch st\u00e1t\u016f a mezin\u00e1rodn\u00edch vztah\u016f, ale p\u0159edev\u0161\u00edm ke zvy\u0161ov\u00e1n\u00ed hrozby vzniku nov\u00fdch ozbrojen\u00fdch konflikt\u016f v r\u016fzn\u00fdch \u010d\u00e1stech sv\u011bta. Sv\u011bd\u010d\u00ed to rovn\u011b\u017e o tom, \u017ee Spojen\u00e9 st\u00e1ty\/NATO hodlaj\u00ed d\u00e1le poru\u0161ovat Chartu OSN, prov\u00e1d\u011bt destrukci platn\u00e9ho mezin\u00e1rodn\u00edho pr\u00e1va a usilovat o jeho nahrazov\u00e1n\u00ed \u201epr\u00e1vem siln\u011bj\u0161\u00edho&#8220;, op\u00edraj\u00edc\u00edm se o dosud p\u0159etrv\u00e1vaj\u00edc\u00ed &#8211; i kdy\u017e neodvratn\u011b sl\u00e1bnouc\u00ed nad\u0159azenost jejich vojensk\u00e9 a ekonomick\u00e9 moci.<\/p>\n<p style=\"text-align: justify;\">V z\u00e1jmu zaji\u0161t\u011bn\u00ed bezpe\u010dnosti a dal\u0161\u00edho m\u00edrov\u00e9ho rozvoje nejen ob\u010dan\u016f \u010cR a EU ale i dal\u0161\u00edch st\u00e1t\u016f na Evropsk\u00e9m kontinent\u011b, kter\u00e9 nejsou v\u00e1z\u00e1ny \u010dlenstv\u00edm v Evropsk\u00e9 Unii nebo jin\u00e9m vojensko-politick\u00e9m uskupen\u00ed je ob\u010dansk\u00e9 sdru\u017een\u00ed VOJ\u00c1CI PROTT V\u00c1LCE p\u0159ipraveno v\u00e9st s k\u00fdmkoliv k t\u011bmto ot\u00e1zk\u00e1m otev\u0159en\u00fd seriozn\u00ed dialog.<\/p>\n<p style=\"text-align: justify;\">Vyz\u00fdv\u00e1me v\u0161echny m\u00edrov\u00e9 a protiv\u00e1le\u010dn\u00e9 organizace, iniciativy a jednotlivce v \u010cR a v r\u00e1mci Sv\u011btov\u00e9 Rady m\u00edru a Evropsk\u00e9ho m\u00edrov\u00e9ho f\u00f3ra ke spole\u010dn\u00e9mu aktivn\u00edmu odporu proti t\u00e9to nebezpe\u010dn\u00e9 politice a ke spole\u010dn\u00e9mu boji za op\u011btovn\u00e9 mezin\u00e1rodn\u011b pr\u00e1vn\u00ed potvrzen\u00ed z\u00e1kazu pou\u017eit\u00ed s\u00edly nebo hrozby silou ve vztaz\u00edch mezi st\u00e1ty, povinnosti st\u00e1t\u016f \u0159e\u0161it vz\u00e1jemn\u00e9 spory m\u00edrov\u00fdmi prost\u0159edky a zdr\u017eet se vm\u011b\u0161ov\u00e1n\u00ed do vnit\u0159n\u00edch v\u011bc\u00ed jin\u00fdch st\u00e1t\u016f.<\/p>\n<p style=\"text-align: justify;\">Praha dne 19.11.2011<\/p>\n<p style=\"text-align: justify;\">Z pov\u011b\u0159en\u00ed Republikov\u00e9ho shrom\u00e1\u017ed\u011bn\u00ed Rada o.s.VOJ\u00c1CI PROTI V\u00c1LCE:<\/p>\n<p style=\"text-align: justify;\"><em>genpor.v.v. Oskar MAREK , \u010dlen rady VPV, plk. v. v. Ji\u0159\u00ed BURE\u0160, p\u0159edseda VPV, genmjr.v.z.Michal GONDEK, \u010dlen rady VPV<\/em><\/p>\n<p style=\"text-align: justify;\">\u00a0<\/p>\n<p style=\"text-align: right;\"><em>Ob\u010dansk\u00e9 sdru\u017een\u00ed Voj\u00e1ci proti v\u00e1lce, I\u010cO &#8211; 270 33252, e-mail: <a href=\"http:\/\/mce_host\/vojaci.protivalce@email.c%D0%B7\" target=\"_blank\" rel=\"noopener noreferrer\">vojaci.protivalce@email.cz <\/a><\/em><\/p>\n","protected":false},"excerpt":{"rendered":"<p>\u00a0 Stanovisko ob\u010dansk\u00e9ho sdru\u017een\u00ed VOJ\u00c1CI PROTI V\u00c1LCE k rozt\u00e1\u010den\u00ed nov\u00e9ho kola zbrojen\u00ed.<\/p>\n","protected":false},"author":1,"featured_media":3,"comment_status":"open","ping_status":"open","sticky":false,"template":"","format":"standard","meta":{"_mi_skip_tracking":false,"_exactmetrics_sitenote_active":false,"_exactmetrics_sitenote_note":"","_exactmetrics_sitenote_category":0},"categories":[9],"tags":[360,172,37,34,40,359],"_links":{"self":[{"href":"http:\/\/novysmer.cz\/index.php\/wp-json\/wp\/v2\/posts\/1648"}],"collection":[{"href":"http:\/\/novysmer.cz\/index.php\/wp-json\/wp\/v2\/posts"}],"about":[{"href":"http:\/\/novysmer.cz\/index.php\/wp-json\/wp\/v2\/types\/post"}],"author":[{"embeddable":true,"href":"http:\/\/novysmer.cz\/index.php\/wp-json\/wp\/v2\/users\/1"}],"replies":[{"embeddable":true,"href":"http:\/\/novysmer.cz\/index.php\/wp-json\/wp\/v2\/comments?post=1648"}],"version-history":[{"count":0,"href":"http:\/\/novysmer.cz\/index.php\/wp-json\/wp\/v2\/posts\/1648\/revisions"}],"wp:featuredmedia":[{"embeddable":true,"href":"http:\/\/novysmer.cz\/index.php\/wp-json\/wp\/v2\/media\/3"}],"wp:attachment":[{"href":"http:\/\/novysmer.cz\/index.php\/wp-json\/wp\/v2\/media?parent=1648"}],"wp:term":[{"taxonomy":"category","embeddable":true,"href":"http:\/\/novysmer.cz\/index.php\/wp-json\/wp\/v2\/categories?post=1648"},{"taxonomy":"post_tag","embeddable":true,"href":"http:\/\/novysmer.cz\/index.php\/wp-json\/wp\/v2\/tags?post=1648"}],"curies":[{"name":"wp","href":"https:\/\/api.w.org\/{rel}","templated":true}]}}