{"id":1659,"date":"2011-11-30T17:53:18","date_gmt":"2011-11-30T16:53:18","guid":{"rendered":"http:\/\/novysmer.cz\/index.php\/2011\/11\/30\/k-slovensko-maarskym-vztahm-1\/"},"modified":"2011-11-30T17:53:18","modified_gmt":"2011-11-30T16:53:18","slug":"k-slovensko-maarskym-vztahm-1","status":"publish","type":"post","link":"http:\/\/novysmer.cz\/index.php\/2011\/11\/30\/k-slovensko-maarskym-vztahm-1\/","title":{"rendered":"K slovensko-ma\u010farsk\u00fdm vztah\u016fm (1)"},"content":{"rendered":"<p>&nbsp;<\/p>\n<p><img loading=\"lazy\" class=\" alignleft size-full wp-image-1351\" style=\"float: left;\" alt=\"sr-mad\" src=\"http:\/\/novysmer.cz\/wp-content\/uploads\/2011\/11\/sr-mad.jpg\" height=\"75\" width=\"100\" \/><em>Jednostrann\u00e9 obavy prezidenta L. S\u00f3lyoma<\/em><\/p>\n<p style=\"text-align: justify;\">Podle tiskov\u00e9 agentury MTI (28.11.2008) prezident L\u00e1szlo S\u00f3lyom m\u00e1 obavy, \u017ee \u201ebez v\u00fduky v mate\u0159sk\u00e9 \u0159e\u010di Ma\u010fa\u0159i \u017eij\u00edc\u00ed v zahrani\u010d\u00ed zmizi&#8220;.<\/p>\n<p> <!--more--> <\/p>\n<p style=\"text-align: justify;\">Podle prezidenta \u201ez\u00e1kladn\u00edm p\u0159edpokladem zachov\u00e1n\u00edm Ma\u010far\u016f je, aby m\u011bli vzd\u011blanou inteligenci.&#8220; J\u00e1 dod\u00e1v\u00e1m, \u017ee vloni v prosinci i budape\u0161\u0165sk\u00fd parlament prohl\u00e1sil, \u017ee m\u00e1 obavy z p\u0159\u00edstupu Bratislavy k ma\u010farsk\u00e9 men\u0161in\u011b.<\/p>\n<p style=\"text-align: justify;\">Kdy\u017e jsem to \u010detl, nemohl jsern se vynadivit. Prom\u00edineme-li prezidentovu zku\u0161enost na na\u0161i n\u00e1rodnost, pod\u00edv\u00e1rne-li se na toto tvrzeni o\u010dima Slov\u00e1ka \u017eij\u00edc\u00edho v Ma\u010farsku, prezident S\u00f3lyom m\u00e1 pravdu. J\u00e1, Slov\u00e1k, \u017eij\u00edc\u00ed v Ma\u010farsku, tvrd\u00edm to sam\u00e9, ale o Slov\u00e1c\u00edch. Ano je to nesporn\u011b pravdiv\u00e1 a mimo\u0159\u00e1dn\u00e9 d\u016fle\u017eit\u00e1 zku\u0161enost, kterou v\u0161ak pan prezident nemohl z\u00edskat v okoln\u00edch st\u00e1tech, zvl\u00e1\u0161t\u011b ne na Slovensku. Tam toti\u017e Ma\u010fa\u0159i v\u00fduku v mate\u0159sk\u00e9m jazyce maj\u00ed zabezpe\u010denou. Mohl ji z\u00edskat nejsp\u00ed\u0161e zde, v Ma\u010farsku, mezi zde \u017eij\u00edc\u00edmi Slov\u00e1ky (ale i mezi jin\u00fdmi n\u00e1rodnostmi). My tu \u017eijeme t\u00e9m\u011b\u0159 \u00fapln\u011b \u201ebez v\u00fduky v mate\u0159sk\u00e9m jazyku&#8220; a skute\u010dn\u011b mizneme! Z roku na rok je n\u00e1s m\u00e9n\u011b. \u017de by si to prezident S\u00f3lyom a poslanci ma\u010farsk\u00e9ho parlamentu v\u0161imli a proto maj\u00ed obavy? Asi je netr\u00e1p\u00ed, \u017ee miz\u00ed Slov\u00e1ci v Ma\u010farsku, ale sp\u00ed\u0161e obavy, \u017ee by takto mohly dopadnout ma\u010farsk\u00e9 men\u0161iny v okoln\u00edch st\u00e1tech.<\/p>\n<p style=\"text-align: justify;\">Hle, kde ko\u0159en\u00ed odm\u00edt\u00e1n\u00ed principu reciprocity! A nejen to. Zde je zakopan\u00fd i pes nap\u011bt\u00ed mezi Slov\u00e1ky a Ma\u010fary! Kdy\u017e ma\u010farsk\u00e9 men\u0161in\u011b na Slovensku nesta\u010d\u00ed ani to mnoh\u00e9, co m\u00e1 {skute\u010dn\u011b ma\u010farsk\u00e9 \u0161koly, ma\u010farskou univerzitu, ma\u010farsk\u00e9 bohoslu\u017eby, cel\u00e1 rada ma\u010farsk\u00fdch \u010casopis\u016f, vydavatelstv\u00ed, skute\u010dn\u00e1 divadla, kr\u00e1sn\u00e9 ve\u0159ejn\u00e9 sochy, SMK, 20 poslanc\u016f ve slovensk\u00e9m parlamentu, 2 poslance v EU, atd.,atd.), zat\u00edmco slovensk\u00e1 men\u0161ina v Mad\u00e1rsku se postupn\u011b ub\u00edr\u00e1 i z toho t\u00e9m\u011b\u0159 ni\u010deho. P. Cs\u00e1ky tvrd\u011b bojuje, aby m\u011bli i sv\u00e9ho katolick\u00e9ho biskupa a my tu zde nem\u00e1me ani sv\u00e9ho katolick\u00e9ho far\u00e1\u0159e! Je to skute\u010dn\u011b obrovsk\u00fd nepom\u011br, kter\u00fd nijak nem\u016f\u017ee sm\u011b\u0159ovat k dobr\u00fdm slovensko-ma\u010farsk\u00fdm vztah\u016fm. Up\u0159\u00edmn\u011b \u0159e\u010deno, nep\u0159ekvapuje n\u00e1s, \u017ee ma\u010far\u0161ti politici necht\u011bj\u00ed o reciprocit\u011b ani jen sly\u0161et. Dob\u0159e v\u011bd\u00ed, \u017ee kdyby Ma\u010fa\u0159i na Slovensku dostali to, co dost\u00e1vaj\u00ed Slov\u00e1ci v Ma\u010farsku, \u00ed jejich po\u010det by zanedlouho poklesl na 18 tis\u00edc, K tomu by je p\u0159ivedly \u0161koly, kde by se vyu\u010doval matersk\u00fd jazyk 4-5 hodin t\u00fddn\u011b jako ciz\u00ed (!) jazyk-jak je to t\u00e9m\u011b\u0159 ve v\u0161ech tzv. slovensk\u00fdch \u0161kol\u00e1ch v Ma\u010farsku. Pan prezident dob\u0159e vi, o \u010dem mluv\u00ed, \u010ceho se ob\u00e1v\u00e1. Jen nev\u00edm, zda si uv\u011bdomuje, \u017ee takov\u00fd p\u0159\u00edstup k men\u0161in\u00e1m, jak\u00fd se praktikuje v Ma\u010farsku v\u016f\u010di zde \u017eij\u00edc\u00edm minorit\u00e1m, ohro\u017euje ma\u010farsk\u00e9 men\u0161iny \u017eij\u00edc\u00ed v okoln\u00edch st\u00e1tech. Plat\u00ed zde toii\u017e prastar\u00e1 lidov\u00e1 moudrost: \u201eNed\u011blej nic sv\u00e9mu sousedovi, co bys necht\u011bl, aby d\u011blal on tob\u011b!&#8220;&#8230;<\/p>\n<p style=\"text-align: justify;\">Kdy\u017e ma\u010farsk\u00fd prezident zd\u016fraz\u0148uje, \u017ee \u201eAsimila\u010dni \u00fatoky proti Ma\u010far\u016fm \u017eij\u00edc\u00edm v zahrani\u010d\u00ed za\u010d\u00ednaj\u00ed \u0160kolou&#8220;, tak rnu mus\u00edrn p\u0159ipomenout, \u017ee my to dob\u0159e v\u00edme zvl\u00e1\u0161tn\u00ed praxe, l proti Slov\u00e1k\u016fm \u017eij\u00edc\u00edm v Ma\u010farsku to tak za\u010dalo. Jenom\u017ee ne dnes, ale je\u0161t\u011b v 19. stolet\u00ed v Uhersku, pokra\u010dovalo to po roce 1920 velmi krut\u011b v Ma\u010farsku, a trv\u00e1 to dodnes, nyn\u00ed u\u017e v Evropsk\u00e9 unii&#8230;<\/p>\n<p style=\"text-align: justify;\">Prezident S\u00f3lyom za hlavn\u00ed c\u00edl pova\u017euje, aby v zahrani\u010d\u00ed \u017eij\u00edc\u00ed Ma\u010fa\u0159i m\u011bli mo\u017enost u\u010dit se ma\u010farsky od mate\u0159sk\u00e9 \u0161koly a\u017e po univerzitu&#8230; To je v\u0161echno v po\u0159\u00e1dku, ale pro\u010d potom to neplat\u00ed i na Ma\u010farsko?<\/p>\n<p style=\"text-align: justify;\">Prezident se u\u017e v\u00edcekr\u00e1t vyj\u00e1d\u0159il, \u017ee pova\u017euje za kardin\u00e1ln\u00ed bod sv\u00e9 prezidentsk\u00e9 \u010dinnosti posilov\u00e1ni n\u00e1rodn\u00ed spolupat\u0159i\u010dnosti. &#8230;<\/p>\n<p style=\"text-align: justify;\">Nev\u00edm, komu jak, ale mn\u011b z toho v\u0161eho vych\u00e1z\u00ed, \u017ee prezident S\u00f3lyom se c\u00edt\u00ed b\u00fdt prezidentem i Ma\u010far\u016f, \u017eij\u00edc\u00edch v zahrani\u010d\u00ed, zat\u00edmco n\u00e1rodnosti \u017eij\u00edc\u00ed v Ma\u010farsku jako by nem\u011bly sv\u00e9ho prezidenta. Kdy\u017e se za n\u011bho pova\u017euje, potom by m\u011bl cht\u00edt poznat \u00ed jejich situaci a m\u011bl by se o n\u011b postarat. Dobr\u00e9 sousedsk\u00e9 vztahy je mo\u017en\u00e9 budovat jen na z\u00e1klad\u011b vz\u00e1jemnosti, tj. reciprocity. &#8230;(Gregor Papu\u010dek, Ludov\u011b noviny, Ma\u010farsko, prosinec 2008)<\/p>\n<p style=\"text-align: justify;\"><em>Pokra\u010dov\u00e1n\u00ed<\/em><\/p>\n","protected":false},"excerpt":{"rendered":"<p>&nbsp; Jednostrann\u00e9 obavy prezidenta L. S\u00f3lyoma Podle tiskov\u00e9 agentury MTI (28.11.2008) prezident L\u00e1szlo S\u00f3lyom m\u00e1 obavy, \u017ee \u201ebez v\u00fduky v<\/p>\n","protected":false},"author":1,"featured_media":1351,"comment_status":"open","ping_status":"open","sticky":false,"template":"","format":"standard","meta":{"_mi_skip_tracking":false,"_exactmetrics_sitenote_active":false,"_exactmetrics_sitenote_note":"","_exactmetrics_sitenote_category":0},"categories":[9],"tags":[259,258,198,57],"_links":{"self":[{"href":"http:\/\/novysmer.cz\/index.php\/wp-json\/wp\/v2\/posts\/1659"}],"collection":[{"href":"http:\/\/novysmer.cz\/index.php\/wp-json\/wp\/v2\/posts"}],"about":[{"href":"http:\/\/novysmer.cz\/index.php\/wp-json\/wp\/v2\/types\/post"}],"author":[{"embeddable":true,"href":"http:\/\/novysmer.cz\/index.php\/wp-json\/wp\/v2\/users\/1"}],"replies":[{"embeddable":true,"href":"http:\/\/novysmer.cz\/index.php\/wp-json\/wp\/v2\/comments?post=1659"}],"version-history":[{"count":0,"href":"http:\/\/novysmer.cz\/index.php\/wp-json\/wp\/v2\/posts\/1659\/revisions"}],"wp:featuredmedia":[{"embeddable":true,"href":"http:\/\/novysmer.cz\/index.php\/wp-json\/wp\/v2\/media\/1351"}],"wp:attachment":[{"href":"http:\/\/novysmer.cz\/index.php\/wp-json\/wp\/v2\/media?parent=1659"}],"wp:term":[{"taxonomy":"category","embeddable":true,"href":"http:\/\/novysmer.cz\/index.php\/wp-json\/wp\/v2\/categories?post=1659"},{"taxonomy":"post_tag","embeddable":true,"href":"http:\/\/novysmer.cz\/index.php\/wp-json\/wp\/v2\/tags?post=1659"}],"curies":[{"name":"wp","href":"https:\/\/api.w.org\/{rel}","templated":true}]}}