{"id":1670,"date":"2020-04-10T00:12:00","date_gmt":"2020-04-09T22:12:00","guid":{"rendered":"http:\/\/novysmer.cz\/index.php\/2006\/07\/17\/srebrenicka-tragedie-jen-srebrenicka\/"},"modified":"2020-04-08T23:09:49","modified_gmt":"2020-04-08T21:09:49","slug":"srebrenicka-tragedie-jen-srebrenicka","status":"publish","type":"post","link":"http:\/\/novysmer.cz\/index.php\/2020\/04\/10\/srebrenicka-tragedie-jen-srebrenicka\/","title":{"rendered":"Byla srebrenick\u00e1 trag\u00e9die skute\u010dn\u011b jen srebrenick\u00e1?"},"content":{"rendered":"\r\n<p style=\"font-size: 18px;\"><strong>Dnes si cel\u00e1 Evropa p\u0159ipom\u00edn\u00e1 v\u00fdro\u010d\u00ed tzv. srebrenick\u00e9ho masakru. Tehdy do\u0161lo k zabit\u00ed n\u011bkolika tis\u00edc bosensk\u00fdch muslim\u016f. V\u0161ichni poukazuj\u00ed na bosensk\u00e9 Srby jako p\u016fvodce masakru. Ale nikdo nechce vzpom\u00ednat na to, jak to v\u0161echno za\u010dalo d\u00e1vno &#8211; p\u0159ed rokem 1995.<\/strong><\/p>\r\n\r\n\r\n\r\n<p><!--more--><\/p>\r\n\r\n\r\n\r\n<p>Bylo to po roce 1989, po p\u00e1du socialismu ve v\u00fdchodn\u00ed Evrop\u011b. V\u0161echny n\u00e1stupnick\u00e9 st\u00e1ly v re\u017eii WTO a Sv\u011btov\u00e9 banky vesele privatizovaly na Z\u00e1pad v\u0161echno, co vybudovali jejich p\u0159edch\u016fdci v posledn\u00edch 50 letech. V\u0161echny st\u00e1ly &#8211; a\u017e na jeden. Byla to Jugosl\u00e1vie, kter\u00e1 se rozhodla pro vlastn\u00ed cestu.<\/p>\r\n\r\n\r\n\r\n<p>Rozhodla se m\u00edsto v\u00fdprodeje n\u00e1rodn\u00edho majetku p\u0159edat jej vlastn\u00edm ob\u010dan\u016fm. Jugosl\u00e1vie dala p\u0159ednost dru\u017estevn\u00edmu vlastnictv\u00ed a p\u0159ed\u00e1n\u00ed akci\u00ed velk\u00fdch podnik\u016f vlastn\u00edm zam\u011bstnanc\u016fm.<\/p>\r\n\r\n\r\n\r\n<p>Jugosl\u00e1vci se rozhodli j\u00edt op\u011bt vlastn\u00ed cestou &#8211; jako p\u0159ed 50 lety, kdy neposlechli Stalina a zp\u016fsobili roztr\u017eku. Tehdy se v podstat\u011b nic nestalo. Stalin kritizoval, ale nezas\u00e1hl. A Jugosl\u00e1vci budovali sv\u016fj vlastn\u00ed socialismus s tr\u017en\u00edm hospod\u00e1\u0159stv\u00edm a r\u016fzn\u00fdmi druhy vlastnictv\u00ed. Jen\u017ee brzy se uk\u00e1zalo, \u017ee z\u00e1padn\u00ed \u201edemokracie&#8220; nejsou jako Stalin. Mus\u00ed dostal, co cht\u011bj\u00ed. A maj\u00ed na to dost prost\u0159edk\u016f. Za\u010daly podporovat v Jugosl\u00e1vii p\u0159etrv\u00e1vaj\u00edc\u00ed nacionalismus. Jako prvn\u00ed se rozhodli odtrhnout do Jugosl\u00e1vie Chorvat\u00e9. Okam\u017eit\u00e9 podpory se jim dostalo od N\u011bmecka. Pohrobci fa\u0161ist\u016f, kte\u0159\u00ed nikdy Srb\u016fm neodpustili, \u017ee Srbsko byla jedin\u00e1 zem\u011b okupovan\u00e9 Evropy, kterou se jim nepoda\u0159ilo obsadit a zotro\u010dit.<\/p>\r\n\r\n\r\n\r\n<p>N\u011bmci ovl\u00e1dali sice v Srbsku velk\u00e1 m\u011bsta, ale mimo n\u011b se nemohli uk\u00e1zat. Na venkov\u011b vl\u00e1dli partyz\u00e1ni Josifa Broze Tita, te\u010f jim to vr\u00e1tili a podpo\u0159ili sv\u00e9 n\u011bkdej\u0161\u00ed spojence &#8211; usta\u0161ovce. Byli to chorvat\u0161t\u00ed usta\u0161ovci, kte\u0159\u00ed spolu s n\u011bmeck\u00fdmi fa\u0161istick\u00fdmi arm\u00e1dami drancovali a vra\u017edili Srby.<\/p>\r\n\r\n\r\n\r\n<p>A jejich pohrobci po osamostatn\u011bn\u00ed se okam\u017eit\u011b pustili do o\u010di\u0161t\u011bn\u00ed zem\u011b od Srb\u016f.<\/p>\r\n\r\n\r\n\r\n<p>Skoro \u010dty\u0159i sta tis\u00edc Srb\u016f z v\u00fdchodn\u00ed \u010d\u00e1sti vyvra\u017edili \u010di vyhnali ze zem\u011b. Na jihu vyvra\u017edili a vyhnali dv\u011b st\u011b tis\u00edc Srb\u016f do Bosny. A to v\u0161e za blahosklonn\u00e9ho p\u0159ihl\u00ed\u017een\u00ed cel\u00e9 Evropy.<\/p>\r\n\r\n\r\n\r\n<p>Ale to byl za\u010d\u00e1tek konfliktu. Je samoz\u0159ejm\u00e9, \u017ee si to Srbov\u00e9 nemohli nechat l\u00edbit. Za\u010dala jugosl\u00e1vsk\u00e1 ob\u010dansk\u00e1 v\u00e1lka, ve kter\u00e9 v\u00e1l\u010dil ka\u017ed\u00fd s ka\u017ed\u00fdm. Proti Srbsku se postavili bosen\u0161t\u00ed Muslimov\u00e9, Chorvati i Slovinci. Konflikt vypukl v Bosn\u011b, proto\u017ee tam \u017eili spole\u010dn\u011b Srbov\u00e9, Muslimov\u00e9 i Chorvati. Symbolem t\u00e9to v\u00e1lky se stalo Sarajevo, kde bojovaly v\u0161echny t\u0159i strany. A tam se poprv\u00e9 uk\u00e1zalo, kdo \u0159\u00edd\u00ed tuto v\u00e1lku.<\/p>\r\n\r\n\r\n\r\n<p>Na tr\u017enici v Sarajevu v muslimsk\u00e9 \u010d\u00e1sti vybuchl na tr\u017ei\u0161ti minometn\u00fd gran\u00e1t a zabil n\u011bkolik lid\u00ed. Sd\u011blovac\u00ed prost\u0159edky ihned ozna\u010dily za pachatele Srby. Americk\u00fd sen\u00e1tor se jel pod\u00edvat do mal\u00e9 nezn\u00e1m\u00e9 vesni\u010dky Ra\u010dak a \u010dirou n\u00e1hodou s n\u00edm jelo asi 50 novin\u00e1\u0159\u016f a n\u011bkolik televizn\u00edch \u0161t\u00e1b\u016f. A \u010dirou n\u00e1hodou tam pan sen\u00e1tor na\u0161el masov\u00e9 hroby zavra\u017ed\u011bn\u00fdch muslim\u016f. Samoz\u0159ejm\u011b, \u017ee na vin\u011b byli Srbov\u00e9. Televizemi cel\u00e9ho sv\u011bta prob\u011bhly z\u00e1b\u011bry vyhubl\u00e9ho Muslima za ostnat\u00fdmi dr\u00e1ty. Zpr\u00e1vy mluvily o srbsk\u00fdch koncentra\u010dn\u00edch a vyhlazovac\u00edch t\u00e1borech. Srbov\u00e9 byli p\u0159irovn\u00e1v\u00e1ni v m\u00e9di\u00edch k n\u011bmeck\u00fdm fa\u0161ist\u016fm. To v\u0161e bylo \u201ed\u016fvodem&#8220; k z\u00e1sahu USA a NATO do v\u00e1lky. Do v\u00e1lky proti Srbsku. Americk\u00e1 letadla bombardovala Srbsko. NATO vyzbrojovalo Chorvaty a bosensk\u00e9 Muslimy.<\/p>\r\n\r\n\r\n\r\n<p>V t\u00e9 dob\u011b do\u0161lo k srebrenick\u00e9mu masakru, kdy\u017e voj\u00e1ci OSN, kte\u0159\u00ed m\u011bli obyvatele br\u00e1nit, je bez boje p\u0159edali do rukou bosensko-srbsk\u00e9 arm\u00e1dy.<\/p>\r\n\r\n\r\n\r\n<p>V t\u00e9to dob\u011b, kdy se Srbov\u00e9 br\u00e1nili proti cel\u00e9 Evrop\u011b, v dob\u011b, kdy um\u00edrali srb\u0161t\u00ed civilist\u00e9 bombami agresora, do\u0161lo ve Srebrenici k tomu, k \u010demu nikdy nem\u011blo doj\u00edt. Pravdu se nikdy nedozv\u00edme. Pravda toti\u017e ve v\u00e1lce um\u00edr\u00e1 jako prvn\u00ed. Teprve po v\u00e1lce jsme se dozv\u011bd\u011bli, \u017ee gran\u00e1t na sarajevsk\u00e9 tr\u017ei\u0161t\u011b vyp\u00e1lili sami Muslimov\u00e9, aby ho mohli pou\u017e\u00edt v propagandistick\u00e9 v\u00e1lce proti Srb\u016fm.<\/p>\r\n\r\n\r\n\r\n<p>Po v\u00e1lce jsme se dozv\u011bd\u011bli, \u017ee americk\u00fd sen\u00e1tor spolu s televizn\u00edmi \u0161t\u00e1by jel do Ra\u010daku \u201enajisto&#8220; do prostoru, kam mu svezli mrtv\u00e9 bojovn\u00edky z cel\u00e9 Bosny, aby je uk\u00e1zali jako ob\u011bti Srb\u016f.<\/p>\r\n\r\n\r\n\r\n<p>Dozv\u011bd\u011bli jsme se, \u017ee \u017e\u00e1dn\u00e9 koncentra\u010dn\u00ed t\u00e1bory v Bosn\u011b neexistovaly. \u017de televizn\u00ed \u0161t\u00e1b vyrobil propaga\u010dn\u00ed \u0161ot po\u017eadovan\u00fd propag\u00e1tory v\u00e1lky. \u017d\u00e1dn\u00ed muslimov\u00e9 nebyli za ostnat\u00fdmi dr\u00e1ty, ale televizn\u00ed \u0161t\u00e1b byl za ostnat\u00fdmi draly trafostanice a filmoval lidi hrnouc\u00ed se po cest\u011b do m\u011bsta.<\/p>\r\n\r\n\r\n\r\n<p>Na\u0161el se i tuberkul\u00f3zn\u00ed muslim, kter\u00e9ho vyd\u00e1vali za vyhladov\u011blou ob\u011b\u0165.<\/p>\r\n\r\n\r\n\r\n<p>Ale to nebyl konec t\u00e9to v\u00e1lky. Daytonsk\u00e9 dohody nechaly je\u0161t\u011b Srbsko nedot\u010den\u00e9 a neposlu\u0161n\u00e9, Milo\u0161evi\u010d st\u00e1le necht\u011bl prod\u00e1vat n\u00e1rodn\u00ed majetek nov\u00fdm z\u00e1padn\u00edm vlastn\u00edk\u016fm. Proto musela za\u010d\u00edt druh\u00e1 etapa v\u00e1lky.<\/p>\r\n\r\n\r\n\r\n<p>Achillovou patou Srbska bylo Kosovo. Tam se p\u0159emno\u017een\u00e1 alb\u00e1nsk\u00e1 komunita sna\u017eila dos\u00e1hnout p\u0159ipojen\u00ed k Alb\u00e1nii, aby vytvo\u0159ila Velkou Alb\u00e1nii, zahrnuj\u00edc\u00ed i Kosovo a p\u016flku Makedonie. Vedouc\u00ed silou byla teroristick\u00e1 organizace UCK. Teroristick\u00e1 byla v t\u00e9 dob\u011b podle \u00fadaj\u016f Ministerstva zahrani\u010d\u00ed USA. Tato organizace nejprve vra\u017edila Alb\u00e1nce, kte\u0159\u00ed ji necht\u011bli podporovat a cht\u011bli \u017e\u00edt v klidu a m\u00edru se Srby. Po vypuknut\u00ed konfliktu se rozhodla pro ozbrojen\u00fd boj za nez\u00e1vislost. A to se hodilo Ameri\u010dan\u016fm. P\u0159es noc se z teroristick\u00e9 organizace stala n\u00e1rodn\u011bosvobozeneck\u00e1 arm\u00e1da, kter\u00e9 se dostalo pln\u00e9 podpory.<\/p>\r\n\r\n\r\n\r\n<p>Jen\u017ee tito lid\u00e9 nebyli schopni tuto v\u00e1lku vyhr\u00e1t. Srbov\u00e9 se br\u00e1nili, za\u010dali osvobozovat \u00fazem\u00ed obsazen\u00e1 UCK. To z\u00e1padn\u00ed spojenci nemohli p\u0159ipustit. Nejprve rozpoutali medi\u00e1ln\u00ed v\u00e1lku, tak \u00fasp\u011b\u0161nou v Bosn\u011b. Za\u010dalo se mluvit nejprve o pades\u00e1ti tis\u00edc\u00edch zavra\u017ed\u011bn\u00fdch Alb\u00e1nc\u016f, pozd\u011bji sto tis\u00edc\u00edch a nakonec ameri\u010dt\u00ed sen\u00e1to\u0159i v Kongresu mluvili o dvou stech tis\u00edc\u00edch zavra\u017ed\u011bn\u00fdch Alb\u00e1nc\u016f.<\/p>\r\n\r\n\r\n\r\n<p>P\u016fda byla p\u0159ipravena a dal\u0161\u00ed kolo v\u00e1lky mohlo za\u010d\u00edt. Spojen\u00e9 st\u00e1ty za\u010daly bombardovat srbsk\u00e1 m\u011bsta a podniky. Povra\u017edily mnoho tis\u00edc \u017een a d\u011bt\u00ed ve m\u011bstech. Bombardovaly nemocnice, mosty, \u0161kolky, televizi. Jedin\u00e9, co Spojen\u00e9 st\u00e1ty nebombardovaly, byly podniky ur\u010den\u00e9 k budouc\u00ed privatizaci. Ostatn\u00ed srovnaly se zem\u00ed.<\/p>\r\n\r\n\r\n\r\n<p>Po v\u00e1lce voj\u00e1ci OSN na\u0161li v Kosovu 2650 mrtv\u00fdch, kte\u0159\u00ed zem\u0159eli v on\u00e9 dob\u011b v\u010detn\u011b ob\u011bt\u00ed americk\u00e9ho bombardov\u00e1n\u00ed. Jen\u017ee v t\u00e9 dob\u011b pravda u\u017e nikoho nezaj\u00edmala.<\/p>\r\n\r\n\r\n\r\n<p>Stejn\u011b jako n\u00e1rodnostn\u00ed \u010distka, kterou prov\u00e1d\u011bla UCK pod patronac\u00ed OSN.<\/p>\r\n\r\n\r\n\r\n<p>V\u0161ech zbyl\u00fdch 200 tis\u00edc Srb\u016f bylo vyhn\u00e1no ze zem\u011b jen s t\u00edm, co m\u011bli po kaps\u00e1ch. C\u00edle bylo dosa\u017eeno. Po p\u00e1du Milo\u0161evi\u010de nov\u00e1 vl\u00e1da za\u010dala s privatizac\u00ed v\u0161eho, o co m\u011bly Spojen\u00e9 st\u00e1ty z\u00e1jem.<\/p>\r\n\r\n\r\n\r\n<p>Milo\u0161evi\u010de postavili v Haagu p\u0159ed soud za v\u00e1le\u010dn\u00e9 zlo\u010diny, kter\u00fdch se pr\u00fd dopustil, kdy\u017e br\u00e1nil svou vlast p\u0159ed agresorem. Zpo\u010d\u00e1tku byl soud ve\u0159ejn\u00fd a v televizi. Te\u010f je ticho po p\u011b\u0161in\u011b. Skute\u010dn\u00ed v\u00e1le\u010dn\u00ed zlo\u010dinci sed\u00ed klidn\u011b ve Washingtonu a v Lond\u00fdn\u011b. Clinton, Albrightov\u00e1, Blair, Cook a dal\u0161\u00ed spokojen\u011b sp\u0159\u00e1daj\u00ed sv\u00e9 sny o sv\u011btovl\u00e1d\u011b bez nepohodln\u00fdch vl\u00e1dc\u016f, pro kter\u00e9 je vlastn\u00ed n\u00e1rod v\u00edce ne\u017e zahrani\u010dn\u00ed kapit\u00e1l.<\/p>\r\n\r\n\r\n\r\n<p>Le\u017e v\u00edt\u011bzn\u011b t\u00e1hne na\u0161\u00edm svobodn\u00fdm sv\u011btem. Le\u017e byla na po\u010d\u00e1tku v\u00e1lky se Srbskem, le\u017e byla na po\u010d\u00e1tku v\u00e1lky s h\u00e1kem. Ctihodn\u00ed lh\u00e1\u0159i d\u00e1l vl\u00e1dnou a lidem to nevad\u00ed.<\/p>\r\n\r\n\r\n\r\n<p>Na stranu agresora se postavila i \u010desk\u00e1 vl\u00e1da, a\u010dkoli Srbov\u00e9 st\u00e1li p\u0159ed Mnichovem na stran\u011b \u010ceskoslovenska a byli p\u0159ipraveni pomoci n\u00e1m proti Hitlerovi. A \u010desk\u00fd prezident o n\u011bkolik des\u00edtek let klesl tak hluboko, \u017ee vymyslel lerm\u00edn \u201ehumanit\u00e1rn\u00ed bombardov\u00e1n\u00ed&#8220; pro ospravedln\u011bn\u00ed vra\u017ed \u017een a d\u011bt\u00ed.<\/p>\r\n\r\n\r\n\r\n<p>Tomu se \u0159\u00edk\u00e1 demokracie.<\/p>\r\n\r\n\r\n\r\n<p><em>Josef V\u00edt<\/em><\/p>\r\n\r\n\r\n\r\n<p><em>SLOVANSK\u00c1 VZ\u00c1JEMNOST \u010d. 81\/2005<\/em><\/p>\r\n\r\n\r\n\r\n<p><em>Redakce : Slovansk\u00fd v\u00fdbor \u010cR, Pol. v\u011bz\u0148\u016f 9, 111 21, Praha 1<\/em><br \/><em> E-mail: <a href=\"mailto:slovanvyborcr@volny.cz\">slovanvyborcr@volny.cz<\/a><\/em><\/p>\r\n","protected":false},"excerpt":{"rendered":"<p>Dnes si cel\u00e1 Evropa p\u0159ipom\u00edn\u00e1 v\u00fdro\u010d\u00ed srebrenick\u00e9ho masakru. Tehdy do\u0161lo k zabit\u00ed n\u011bkolika tis\u00edc bosensk\u00fdch muslim\u016f. V\u0161ichni poukazuj\u00ed na bosensk\u00e9 Srby jako p\u016fvodce masakru. Ale nikdo nechce vzpom\u00ednat na to, jak to v\u0161echno za\u010dalo d\u00e1vno &#8211; p\u0159ed rokem 1995.<\/p>\n","protected":false},"author":1,"featured_media":2540,"comment_status":"open","ping_status":"open","sticky":false,"template":"","format":"standard","meta":{"_mi_skip_tracking":false,"_exactmetrics_sitenote_active":false,"_exactmetrics_sitenote_note":"","_exactmetrics_sitenote_category":0},"categories":[8,435,9],"tags":[159,89],"_links":{"self":[{"href":"http:\/\/novysmer.cz\/index.php\/wp-json\/wp\/v2\/posts\/1670"}],"collection":[{"href":"http:\/\/novysmer.cz\/index.php\/wp-json\/wp\/v2\/posts"}],"about":[{"href":"http:\/\/novysmer.cz\/index.php\/wp-json\/wp\/v2\/types\/post"}],"author":[{"embeddable":true,"href":"http:\/\/novysmer.cz\/index.php\/wp-json\/wp\/v2\/users\/1"}],"replies":[{"embeddable":true,"href":"http:\/\/novysmer.cz\/index.php\/wp-json\/wp\/v2\/comments?post=1670"}],"version-history":[{"count":4,"href":"http:\/\/novysmer.cz\/index.php\/wp-json\/wp\/v2\/posts\/1670\/revisions"}],"predecessor-version":[{"id":2858,"href":"http:\/\/novysmer.cz\/index.php\/wp-json\/wp\/v2\/posts\/1670\/revisions\/2858"}],"wp:featuredmedia":[{"embeddable":true,"href":"http:\/\/novysmer.cz\/index.php\/wp-json\/wp\/v2\/media\/2540"}],"wp:attachment":[{"href":"http:\/\/novysmer.cz\/index.php\/wp-json\/wp\/v2\/media?parent=1670"}],"wp:term":[{"taxonomy":"category","embeddable":true,"href":"http:\/\/novysmer.cz\/index.php\/wp-json\/wp\/v2\/categories?post=1670"},{"taxonomy":"post_tag","embeddable":true,"href":"http:\/\/novysmer.cz\/index.php\/wp-json\/wp\/v2\/tags?post=1670"}],"curies":[{"name":"wp","href":"https:\/\/api.w.org\/{rel}","templated":true}]}}