{"id":1713,"date":"2006-09-08T15:42:33","date_gmt":"2006-09-08T13:42:33","guid":{"rendered":"http:\/\/novysmer.cz\/index.php\/2006\/09\/08\/me-vzpominky-na-11-zai\/"},"modified":"2006-09-08T15:42:33","modified_gmt":"2006-09-08T13:42:33","slug":"me-vzpominky-na-11-zai","status":"publish","type":"post","link":"http:\/\/novysmer.cz\/index.php\/2006\/09\/08\/me-vzpominky-na-11-zai\/","title":{"rendered":"M\u00e9 vzpom\u00ednky na 11. z\u00e1\u0159\u00ed"},"content":{"rendered":"<p style=\"text-align: center;\"><strong><img loading=\"lazy\" class=\" alignleft size-full wp-image-1709\" style=\"float: left;\" src=\"http:\/\/novysmer.cz\/wp-content\/uploads\/2006\/09\/viva_allende.jpg\" alt=\"\" width=\"120\" height=\"90\" \/><\/strong><strong>Pokud o\u010dek\u00e1v\u00e1te vypr\u00e1v\u011bn\u00ed o \u00fatoku na newyorsk\u00e1 dvoj\u010data, jste na omylu. <\/strong><strong>Jde toti\u017e o \u00fapln\u011b jin\u00e9 datum. 11. z\u00e1\u0159\u00ed 1973. Co se tehdy ud\u00e1lo ?<\/strong><\/p>\n<p style=\"text-align: center;\">\u00a0<\/p>\n<p style=\"text-align: center;\">\u00a0<\/p>\n<p>  <!--more-->  <\/p>\n<p style=\"text-align: justify;\">\u00a0Bylo mi tehdy 10 let, ale peripeti\u00edm sv\u011btov\u00e9ho d\u011bn\u00ed se nedalo vyhnout. Co se ten rok stalo ? V\u00a0dubnu toho roku padla fa\u0161istick\u00e1 <em>Salazarova<\/em> diktatura v\u00a0Portugalsku, hnut\u00ed levicov\u00fdch mlad\u00fdch d\u016fstojn\u00edk\u016f (p\u0159ev\u00e1\u017en\u011b \u0161lo o kapit\u00e1ny) svrhlo stejn\u011b brut\u00e1ln\u00ed diktaturu jako byla ta sousedn\u00ed <em>Frankova<\/em> ve \u0160pan\u011blsku. Nastaly demokratick\u00e9 zm\u011bny a p\u0159i\u0161la k\u00a0n\u00e1m i p\u00edse\u0148, kter\u00e1 se stala hymnou t\u00e9to \u201cdubnov\u00e9 revoluce\u201c <em>\u201eAvanti kamarada\u201c<\/em> \u2013 \u010deskou verzi zp\u00edval <em>Karel \u010cernoch.<\/em><\/p>\n<p style=\"text-align: justify;\">V\u00a0l\u00e9t\u011b se v\u0161ak hlavn\u00edm t\u00e9matem stala situace v\u00a0Latinsk\u00e9 Americe, hlavn\u011b v\u00a0<em>Chile<\/em>. Nebudu popisovat historii, ta bude\u00a0uvedena jindy. Pravdou je, \u017ee vl\u00e1da <em>Salvatora Allende,<\/em> demokraticky zvolen\u00e9ho prezidenta, pracovala pod velk\u00fdm tlakem ze zahrani\u010d\u00ed, ale tak\u00e9 z\u00a0domova. Proti jeho reform\u00e1m vystoupili t\u0159eba \u0159idi\u010di soukrom\u00fdch dopravn\u00edch spole\u010dnost\u00ed. Vzpom\u00edn\u00e1m, jak v\u00a0televizi uk\u00e1zali tzv. \u201ehladov\u00fd pochod\u201c \u2013 \u017eeny \u0161ly ulicemi hlavn\u00edho m\u011bsta a tloukly do pr\u00e1zdn\u00fdch hrnc\u016f. Ov\u0161em nemyslete si, \u017ee \u0161lo o oby\u010dejn\u00e9 \u017eeny ze santiagsk\u00fdch dom\u00e1cnost\u00ed \u2013 novin\u00e1\u0159i odhalili, \u017ee v\u00a0prvn\u00edch \u0159ad\u00e1ch t\u011bchto \u017een jsou man\u017eelky bank\u00e9\u0159\u016f a tov\u00e1rn\u00edk\u016f a uk\u00e1zali jejich vily a po\u0159\u00e1dan\u00e9 p\u00e1rty. U\u017e to mi signalizovalo, \u017ee v\u00a0politice se nikdo nebude ni\u010deho \u0161t\u00edtit.<\/p>\n<p style=\"text-align: justify;\">Navr\u0161en\u00e9 chyby vl\u00e1dy byly v\u0161ak u\u017e tak evidentn\u00ed, \u017ee ot\u00e1zka p\u00e1du vl\u00e1dy byla v\u00a0z\u00e1\u0159\u00ed ot\u00e1zkou ka\u017ed\u00e9ho dne. Ov\u0161em to, co se stalo <em>11. z\u00e1\u0159\u00ed 1973<\/em>, ne\u010dekal nikdo.<\/p>\n<p style=\"text-align: center;\"><img loading=\"lazy\" class=\" size-full wp-image-1710\" src=\"http:\/\/novysmer.cz\/wp-content\/uploads\/2006\/09\/allende_s.jpg\" alt=\"\" width=\"450\" height=\"253\" \/><\/p>\n<p style=\"text-align: justify;\">Ten den arm\u00e1da p\u0159evzala moc a demokratickou vl\u00e1du svrhla. Ov\u0161em nejen to. Letectvo bombardovalo prezidentsk\u00fd pal\u00e1c, za\u010daly okam\u017eit\u00e9 popravy \u010dinitel\u016f politick\u00fdch stran, zat\u00fdk\u00e1n\u00ed, a st\u0159elba na ulic\u00edch. Dodnes vzpom\u00edn\u00e1m na z\u00e1b\u011br, kdy na ulic\u00edch Santiaga le\u017eeli zast\u0159elen\u00ed lid\u00e9, a nejbl\u00ed\u017e objektivu mu\u017e s\u00a0rozbitou lebkou a vyt\u00e9kaj\u00edc\u00edm mozkem.<\/p>\n<p style=\"text-align: justify;\">Prezident <em>Allende<\/em> se odm\u00edtl pod ozbrojen\u00fdm n\u00e1tlakem vzd\u00e1t \u00fa\u0159adu, do kter\u00e9ho byl demokraticky zvolen a s\u00a0hrstkou dobrovoln\u00fdch obr\u00e1nc\u016f, kte\u0159\u00ed byli v\u011bt\u0161inou komunisty, se br\u00e1nil do posledn\u00edho n\u00e1boje. Pozd\u011bji vy\u0161lo najevo, \u017ee i kdyby se vzdal, p\u0159esto se po\u010d\u00edtalo s\u00a0jeho likvidac\u00ed.<\/p>\n<p style=\"text-align: center;\"><img loading=\"lazy\" class=\" size-full wp-image-1711\" src=\"http:\/\/novysmer.cz\/wp-content\/uploads\/2006\/09\/allende_muerte.jpg\" alt=\"\" width=\"300\" height=\"138\" \/><\/p>\n<p style=\"text-align: justify;\">Vzpom\u00edn\u00e1m, \u017ee tehdy jeden novin\u00e1\u0159, tu\u0161\u00edm z\u00a0SSSR, nafilmoval voj\u00e1ky u pal\u00e1ce <em>La Moneda<\/em>. St\u0159elba u\u017e ustala. Z\u00e1b\u011br zachycoval voj\u00e1ky, jak vstupuj\u00ed do pal\u00e1ce. Tu se jeden voj\u00e1k obr\u00e1til a v\u0161iml si tohoto novin\u00e1\u0159e. Pozvedl samopal a mohli jste vid\u011bt, jak st\u0159\u00edl\u00ed sm\u011brem k v\u00e1m. Z\u00e1b\u011br se zat\u0159\u00e1sl \u2013 kameraman pr\u00e1v\u011b zahynul. Jak upadl, obraz se obr\u00e1til o 90 stup\u0148\u016f \u2013 ale kamera st\u00e1le pracovala! A tak se poda\u0159ilo nato\u010dit vyn\u00e1\u0161en\u00ed t\u011bla mrtv\u00e9ho prezidenta. Dodnes si to pamatuju &#8211; novin\u00e1\u0159i se poda\u0159ilo nato\u010dit vlastn\u00ed smrt. Z\u00e1b\u011br se pak n\u011bjak dostal z\u00a0<em>Chile<\/em> a vid\u011bli ho mili\u00f3ny lid\u00ed. <\/p>\n<p> Brutalita neznala mez\u00ed. Zat\u010den\u00fdch byly desetitis\u00edce \u2013 nejen \u010dinitel\u00e9 politick\u00fdch stran, komunist\u00e9, soci\u00e1ln\u00ed demokrat\u00e9, i liber\u00e1lov\u00e9. Sta\u010dilo pr\u00fd b\u00fdt t\u0159eba autorem novinov\u00e9ho \u010dl\u00e1nku. Politick\u00e9 strany byly rozpu\u0161t\u011bny, stejn\u011b tak parlament. Pro desetitis\u00edce zat\u010den\u00fdch nesta\u010dily v\u011bznice, a tak internovan\u00ed byli um\u00edst\u011bni na stadi\u00f3nu. V\u00a0\u0161atn\u00e1ch prob\u00edhaly v\u00fdslechy, mu\u010den\u00ed a smrt. Ti, co to p\u0159e\u017eili a n\u011bjak se dostali pry\u010d, vypr\u00e1v\u011bli stra\u0161n\u00e9 v\u011bci. Mu\u010den\u00ed elektrick\u00fdm proudem, \u017eeny byly zn\u00e1sil\u0148ov\u00e1ny cvi\u010den\u00fdmi psy, shazov\u00e1n\u00ed lid\u00ed z\u00a0vrtuln\u00edk\u016f do mo\u0159e\u2026 S\u00a0voj\u00e1ky pr\u00fd chodil kdosi v\u00a0masce, ukazoval na komunisty, odbor\u00e1\u0159e\u2026 Nikdo nezjistil, kdo to mohl b\u00fdt.\u00a0\u00a0<\/p>\n<p style=\"text-align: justify;\">Za ob\u011b\u0165 padl tak\u00e9 popul\u00e1rn\u00ed zp\u011bv\u00e1k <a href=\"kultura&amp;Itemid=42\" target=\"_blank\" rel=\"noopener noreferrer\"><em>Victor Jara<\/em><\/a>. Pokud v\u00e1m to jm\u00e9no nic ne\u0159\u00edk\u00e1, vyhledejte album <em>Spiritu\u00e1l Kvintetu \u201eM\u011bsto s\u00a0p\u011bti v\u011b\u017eemi\u201c<\/em> \u2013 jsou tam asi 2 skladby od tohoto p\u00edsni\u010dk\u00e1\u0159e. Na stadi\u00f3nu mu rozdrtili prsty, kter\u00fdmi hr\u00e1l na kytaru, pak mu je usekali. A zavra\u017edili.<\/p>\n<p style=\"text-align: center;\"><img loading=\"lazy\" class=\" size-full wp-image-1712\" src=\"http:\/\/novysmer.cz\/wp-content\/uploads\/2006\/09\/jara_victor.jpg\" alt=\"\" width=\"300\" height=\"225\" \/><\/p>\n<p style=\"text-align: justify;\">Lid\u00e9 ut\u00edkali z\u00a0dosahu tohoto fa\u0161istick\u00e9ho b\u011bsn\u011bn\u00ed, jak mohli. Kdo nestihl ut\u00e9ct v\u010das, m\u011bl jen jedinou \u0161anci \u2013 dostat se na velvyslanectv\u00ed n\u011bkter\u00e9ho z\u00e1padn\u00edho st\u00e1tu a po\u017e\u00e1dat o azyl. (Diplomatick\u00e9 styky se socialistick\u00fdmi zem\u011bmi byly okam\u017eit\u011b p\u0159eru\u0161eny.) Ale i tak velvyslanectv\u00ed byla pln\u011b obsazena cel\u00fdmi rodinami a t\u0159eba kanadsk\u00fd velvyslanec poskytl uprchl\u00edk\u016fm i svou lo\u017enici.<\/p>\n<p style=\"text-align: justify;\">Dostat se ov\u0161em na velvyslanectv\u00ed byl probl\u00e9m, voj\u00e1ci je hl\u00eddali a st\u0159elba na ty, kte\u0159\u00ed se pokou\u0161eli p\u0159el\u00e9zt plot, nebyla v\u00fdjimkou. Pozd\u011bji byl o tom nato\u010den film, tu\u0161\u00edm francouzsk\u00fd, s\u00a0n\u00e1zvem <em>\u201eVelvyslanectv\u00ed.\u201c <\/em><\/p>\n<p style=\"text-align: justify;\"><em>(Asi p\u0159ed rokem byl o t\u00e9to dob\u011b v\u00a0TV film &#8211; &#8222;<a href=\"http:\/\/www.csfd.cz\/film\/13529-dum-duchu\/\" target=\"_blank\" rel=\"noopener noreferrer\">D\u016fm duch\u016f<\/a>&#8222;. Byl nato\u010den na motivy rom\u00e1nu Isabelle Allendov\u00e9, nete\u0159e prezidenta. Byl o rodin\u011b chilsk\u00e9ho sen\u00e1tora, kter\u00e9mu samoz\u0159ejm\u011b vl\u00e1da S. Allenda nevyhovovala a st\u00e1le volal po vl\u00e1d\u011b siln\u00e9 ruky. Kdy\u017e do\u0161lo k\u00a0p\u0159evratu, zat\u010dena byla i jeho dcera, mu\u010dena a zn\u00e1sil\u0148ov\u00e1na. Nic nepomohlo, ani jeho konexe a d\u0159\u00edv\u011bj\u0161\u00ed z\u00e1sluhy. Nakonec b\u00fdval\u00fd sen\u00e1tor poznal, co to znamen\u00e1 \u2013 fa\u0161ismus. Pomohl pak dce\u0159in\u011b p\u0159\u00edteli, komunistovi (kter\u00e9ho hr\u00e1l Antonio Banderas), dostat se na velvyslanectv\u00ed \u2013 tak, \u017ee le\u017eel pod jeho nohama v\u00a0aut\u011b.)<\/em><\/p>\n<p style=\"text-align: justify;\">Odhaduje se, \u017ee do konce roku bylo zavra\u017ed\u011bno v\u00a0Chile na 3 tis\u00edce lid\u00ed, desetitis\u00edce emigrovaly.<\/p>\n<p style=\"text-align: justify;\">Pozd\u011bji vy\u0161lo najevo, \u017ee pu\u010d kompletn\u011b objednala a zaplatila americk\u00e1 spole\u010dnost <em>ITT (International Telephone and Telegraph),<\/em> kter\u00e1 zde m\u011bla\u00a0sv\u00e9 z\u00e1jmy \u2013 zn\u00e1rodn\u011bn\u00ed m\u011bd\u011bn\u00fdch dol\u016f j\u00ed v\u00a0\u017e\u00e1dn\u00e9m p\u0159\u00edpad\u011b nevyhovovalo.\u00a0<\/p>\n<p style=\"text-align: justify;\">To byla uk\u00e1zka toho, \u017ee demokracie m\u016f\u017ee b\u00fdt jen pr\u00e1zdn\u00fdm gestem, pokud se zk\u0159\u00ed\u017e\u00ed z\u00e1jmy kapit\u00e1lu. Kdy\u017e se ohroz\u00ed jeho z\u00e1jmy, nezastav\u00ed se p\u0159ed ni\u010d\u00edm.<\/p>\n<p style=\"text-align: justify;\">Byla to tak\u00e9 uk\u00e1zka toho, co by se mohlo st\u00e1t, kdyby nedo\u0161lo k\u00a0<em>21. srpnu 1968.<\/em><\/p>\n<p style=\"text-align: justify;\">\u00a0<\/p>\n","protected":false},"excerpt":{"rendered":"<p>Pokud o\u010dek\u00e1v\u00e1te vypr\u00e1v\u011bn\u00ed o \u00fatoku na newyorsk\u00e1 dvoj\u010data, jste na omylu. Jde toti\u017e o \u00fapln\u011b jin\u00e9 datum. 11. z\u00e1\u0159\u00ed 1973.<\/p>\n","protected":false},"author":1,"featured_media":1709,"comment_status":"open","ping_status":"open","sticky":false,"template":"","format":"standard","meta":{"_mi_skip_tracking":false,"_exactmetrics_sitenote_active":false,"_exactmetrics_sitenote_note":"","_exactmetrics_sitenote_category":0},"categories":[8],"tags":[36,95],"_links":{"self":[{"href":"http:\/\/novysmer.cz\/index.php\/wp-json\/wp\/v2\/posts\/1713"}],"collection":[{"href":"http:\/\/novysmer.cz\/index.php\/wp-json\/wp\/v2\/posts"}],"about":[{"href":"http:\/\/novysmer.cz\/index.php\/wp-json\/wp\/v2\/types\/post"}],"author":[{"embeddable":true,"href":"http:\/\/novysmer.cz\/index.php\/wp-json\/wp\/v2\/users\/1"}],"replies":[{"embeddable":true,"href":"http:\/\/novysmer.cz\/index.php\/wp-json\/wp\/v2\/comments?post=1713"}],"version-history":[{"count":0,"href":"http:\/\/novysmer.cz\/index.php\/wp-json\/wp\/v2\/posts\/1713\/revisions"}],"wp:featuredmedia":[{"embeddable":true,"href":"http:\/\/novysmer.cz\/index.php\/wp-json\/wp\/v2\/media\/1709"}],"wp:attachment":[{"href":"http:\/\/novysmer.cz\/index.php\/wp-json\/wp\/v2\/media?parent=1713"}],"wp:term":[{"taxonomy":"category","embeddable":true,"href":"http:\/\/novysmer.cz\/index.php\/wp-json\/wp\/v2\/categories?post=1713"},{"taxonomy":"post_tag","embeddable":true,"href":"http:\/\/novysmer.cz\/index.php\/wp-json\/wp\/v2\/tags?post=1713"}],"curies":[{"name":"wp","href":"https:\/\/api.w.org\/{rel}","templated":true}]}}