{"id":1793,"date":"2006-10-31T08:33:34","date_gmt":"2006-10-31T07:33:34","guid":{"rendered":"http:\/\/novysmer.cz\/index.php\/2006\/10\/31\/budape-1956\/"},"modified":"2006-10-31T08:33:34","modified_gmt":"2006-10-31T07:33:34","slug":"budape-1956","status":"publish","type":"post","link":"http:\/\/novysmer.cz\/index.php\/2006\/10\/31\/budape-1956\/","title":{"rendered":"Budape\u0161\u0165 1956"},"content":{"rendered":"<p style=\"text-align: center;\"><strong><img loading=\"lazy\" class=\" alignleft size-full wp-image-1489\" style=\"float: left;\" src=\"http:\/\/novysmer.cz\/wp-content\/uploads\/2012\/01\/madarsko.jpg\" alt=\"\" width=\"120\" height=\"80\" \/>Bylo 23. \u0159\u00edjna 1956.<\/strong><\/p>\n<p>  <!--more-->  <\/p>\n<p align=\"justify\">\u00a0<\/p>\n<p align=\"justify\">\u00a0<\/p>\n<p align=\"justify\">Ve\u010der o 20. hodin\u011b zazn\u011bly u budovy budape\u0161\u0165sk\u00e9ho rozhlasu prvn\u00ed v\u00fdst\u0159ely a o dv\u011b hodiny pot\u00e9 byl rozpout\u00e1n organizovan\u00fd \u00fatok.<\/p>\n<p align=\"justify\">\u00a0<\/p>\n<div style=\"text-align: center;\"><img loading=\"lazy\" class=\" size-full wp-image-1786\" style=\"width: 341px; height: 533px;\" title=\"budapest2\" src=\"http:\/\/novysmer.cz\/wp-content\/uploads\/2006\/10\/budapest2.jpg\" alt=\"budapest2\" width=\"341\" height=\"533\" border=\"0\" hspace=\"5\" vspace=\"5\" \/><\/div>\n<p>\u00a0<\/p>\n<p style=\"text-align: justify;\" align=\"justify\">Je\u0161t\u011b p\u0159ed t\u00edm o 19. hodin\u011b p\u0159epadla asi t\u0159ista\u010dlenn\u00e1 skupina d\u011blost\u0159eleckou d\u016fstojnickou \u0161kolu, ve kter\u00e9 se cht\u011bla zmocnit zbran\u00ed.<\/p>\n<p style=\"text-align: justify;\" align=\"justify\">V t\u011bch chv\u00edl\u00edch byla v <em>Budape\u0161ti<\/em> p\u0159epadena \u0159ada skladi\u0161\u0165 zbran\u00ed, n\u011bkde i policejn\u00ed stanice.<\/p>\n<p>\u00a0<\/p>\n<div style=\"text-align: center;\"><img loading=\"lazy\" class=\" size-full wp-image-1787\" style=\"width: 399px; height: 311px;\" title=\"budapest1\" src=\"http:\/\/novysmer.cz\/wp-content\/uploads\/2006\/10\/budapest1.jpg\" alt=\"budapest1\" width=\"399\" height=\"311\" border=\"0\" hspace=\"5\" vspace=\"5\" \/><\/div>\n<p style=\"text-align: justify;\">V 21 hodin byl zah\u00e1jen \u00fatok proti energocentr\u00e1le Csepelsk\u00fdch \u017eelez\u00e1ren a hut\u00ed, aby byla znemo\u017en\u011bna pr\u00e1ce nejv\u011bt\u0161\u00edho z\u00e1vodu hlavn\u00edho m\u011bsta.<\/p>\n<p style=\"text-align: justify;\" align=\"justify\">Tu noc vzniklo v Budape\u0161ti n\u011bkolik st\u0159edisek povst\u00e1n\u00ed, kter\u00e1 postupn\u011b sjednocovala a koordinovala svou \u010dinnost.<\/p>\n<p style=\"text-align: center;\" align=\"justify\"><img loading=\"lazy\" class=\" size-full wp-image-1788\" src=\"http:\/\/novysmer.cz\/wp-content\/uploads\/2006\/10\/budapest1956_01.jpg\" alt=\"\" width=\"450\" height=\"304\" \/><\/p>\n<p align=\"justify\">V\u016fdcov\u00e9 ozbrojen\u00fdch povstaleck\u00fdch skupin byli lid\u00e9 znal\u00ed pouli\u010dn\u00edho boje. Odborn\u011b si vyb\u00edrali bojov\u00e9 pozice, budovali z\u00e1kladny vhodn\u00e9 k obran\u011b a v\u011bd\u011bli, jak\u00e9 mo\u017enosti boje sk\u00fdtaj\u00ed ulice velkom\u011bsta. Tito v\u016fdcov\u00e9 se rekrutovali z b\u00fdval\u00fdch horthyovsk\u00fdch d\u016fstojn\u00edk\u016f, Setn\u00edk\u016f, \u0161\u00edpovc\u016f, a byli mezi nimi i d\u016fstojn\u00edci lidov\u00e9 arm\u00e1dy, kte\u0159\u00ed zradili. Mnoz\u00ed z nich se z\u00fa\u010dastnili ileg\u00e1ln\u00edho hnut\u00ed proti lidov\u00e9 vl\u00e1d\u011b, nebo sympatizovali s polofa\u0161istick\u00fdm re\u017eimem, kter\u00fd existoval v\u00a0Ma\u010farsku do roku 1945 nebo byli posti\u017eeni k\u0159ivdami, kter\u00e9 je v letech po v\u00e1lce z t\u011bch \u010di on\u011bch d\u016fvod\u016f stihly.<\/p>\n<p style=\"text-align: center;\" align=\"justify\"><img loading=\"lazy\" class=\" size-full wp-image-1789\" src=\"http:\/\/novysmer.cz\/wp-content\/uploads\/2006\/10\/budapest1956_02.jpg\" alt=\"\" width=\"450\" height=\"680\" \/><\/p>\n<p align=\"justify\">V dob\u011b od 25. do 30. \u0159\u00edjna bylo vypu\u0161t\u011bno z bran v\u011bzen\u00ed 9962 krimin\u00e1ln\u00edk\u016f a 3324 v\u011bz\u0148\u016f trestan\u00fdch za \u0161pion\u00e1\u017e, \u00fa\u010dast na ozbrojen\u00e9m spiknut\u00ed a za jin\u00e9 politick\u00e9 delikty. Krimin\u00e1ln\u00ed \u017eivly se tak staly p\u0159irozen\u00fdmi spojenci organizovan\u00fdch band.<\/p>\n<p align=\"justify\">Do boj\u016f na stran\u011b kontrarevoluce se dali a tak\u00e9 v\u00a0nich padli i lid\u00e9, kte\u0159\u00ed byli cel\u00fdm v\u00fdvojem zmateni a na kter\u00e9 zap\u016fsobily nacionalistick\u00e9 emoce a ideov\u00e1 p\u0159\u00edprava povst\u00e1n\u00ed; sem pat\u0159\u00ed zvl\u00e1\u0161t\u011b mnoho mlad\u00fdch.<\/p>\n<p style=\"text-align: center;\" align=\"justify\"><img loading=\"lazy\" class=\" size-full wp-image-1790\" src=\"http:\/\/novysmer.cz\/wp-content\/uploads\/2006\/10\/budapest1956_03.jpg\" alt=\"\" width=\"450\" height=\"296\" \/><\/p>\n<p align=\"justify\">Podle \u00fadaj\u016f \u00fast\u0159edn\u00edho statistick\u00e9ho \u00fa\u0159adu MLR z roku 1957, padlo, zahynulo, bylo zavra\u017ed\u011bno, lyn\u010dov\u00e1no, umu\u010deno 2500 a\u017e 3000 osob.<\/p>\n<p align=\"justify\">Dnes se ud\u00e1losti \u0159\u00edjna vykl\u00e1daj\u00ed jako \u201espont\u00e1nn\u00ed povst\u00e1n\u00ed proti stalinsk\u00e9mu re\u017eimu\u201c a ma\u010farsk\u00fd premi\u00e9r kle\u010d\u00ed na oslav\u00e1ch tohoto \u201esv\u00e1tku\u201c.<\/p>\n<p align=\"center\">\u00a0<img loading=\"lazy\" class=\" size-full wp-image-1791\" style=\"width: 280px; height: 373px;\" title=\"budapest3\" src=\"http:\/\/novysmer.cz\/wp-content\/uploads\/2006\/10\/budapest3.jpg\" alt=\"budapest3\" width=\"280\" height=\"373\" border=\"0\" hspace=\"5\" vspace=\"5\" \/><\/p>\n<p style=\"text-align: justify;\">Za\u017eloutl\u00e9 fotografie ze star\u00fdch novin zachov\u00e1vaj\u00ed v\u00edc ne\u017e v\u00fdmluvn\u00e9 sv\u011bdectv\u00ed o pogromech, kter\u00e9 uspo\u0159\u00e1daly r\u016fzn\u00e9 zfanatizovan\u00e9 bandy proti \u010destn\u00fdm ob\u010dan\u016fm, jejich\u017e hlavn\u00edm obvin\u011bn\u00edm bylo, \u017ee sv\u016fj \u017eivot spojili s d\u011bjinami Ma\u010farsk\u00e9 lidov\u00e9 republiky, \u017ee state\u010dn\u011b vystoupili v kritick\u00e9 chv\u00edli na jej\u00ed obhajobu a obranu.<\/p>\n<p align=\"justify\">Na ulic\u00edch Budape\u0161ti, ale i v jin\u00fdch koutech Ma\u010farska, byl rozpout\u00e1n nov\u00fd \u00bbb\u00edl\u00fd teror\u00ab, tolik p\u0159ipom\u00ednaj\u00edc\u00ed b\u00edl\u00fd teror po roce 1919, kdy padlo na 20 tis\u00edc stoupenc\u016f ma\u010farsk\u00e9 Komuny.<\/p>\n<p style=\"text-align: center;\" align=\"justify\"><img loading=\"lazy\" class=\" size-full wp-image-1792\" src=\"http:\/\/novysmer.cz\/wp-content\/uploads\/2006\/10\/budapest1956_04.jpg\" alt=\"\" width=\"450\" height=\"298\" \/><\/p>\n<p align=\"justify\">\u0158\u00e1d\u011bn\u00ed band u\u010dinil p\u0159\u00edtr\u017e jen rozhoduj\u00edc\u00ed obrat, kter\u00fd ve v\u00fdvoji ud\u00e1lost\u00ed nastal 4. listopadu 1956, kdy\u00a0vl\u00e1da <em>J\u00e1nose K\u00e1d\u00e1ra<\/em>, je\u017e mezit\u00edm zformovala sv\u00e9 s\u00edly mimo Budape\u0161\u0165, po\u017e\u00e1dala <em>Sov\u011btsk\u00fd svaz<\/em> o vojenskou pomoc, nebo\u0165 se u\u017e v t\u00e9 chv\u00edli vlastn\u00edch dom\u00e1c\u00edch bojeschopn\u00fdch sil nedost\u00e1valo&#8230;<\/p>\n","protected":false},"excerpt":{"rendered":"<p>Bylo 23. \u0159\u00edjna 1956.<\/p>\n","protected":false},"author":1,"featured_media":1489,"comment_status":"open","ping_status":"open","sticky":false,"template":"","format":"standard","meta":{"_mi_skip_tracking":false,"_exactmetrics_sitenote_active":false,"_exactmetrics_sitenote_note":"","_exactmetrics_sitenote_category":0},"categories":[8],"tags":[36,98,95,260,263,258],"_links":{"self":[{"href":"http:\/\/novysmer.cz\/index.php\/wp-json\/wp\/v2\/posts\/1793"}],"collection":[{"href":"http:\/\/novysmer.cz\/index.php\/wp-json\/wp\/v2\/posts"}],"about":[{"href":"http:\/\/novysmer.cz\/index.php\/wp-json\/wp\/v2\/types\/post"}],"author":[{"embeddable":true,"href":"http:\/\/novysmer.cz\/index.php\/wp-json\/wp\/v2\/users\/1"}],"replies":[{"embeddable":true,"href":"http:\/\/novysmer.cz\/index.php\/wp-json\/wp\/v2\/comments?post=1793"}],"version-history":[{"count":0,"href":"http:\/\/novysmer.cz\/index.php\/wp-json\/wp\/v2\/posts\/1793\/revisions"}],"wp:featuredmedia":[{"embeddable":true,"href":"http:\/\/novysmer.cz\/index.php\/wp-json\/wp\/v2\/media\/1489"}],"wp:attachment":[{"href":"http:\/\/novysmer.cz\/index.php\/wp-json\/wp\/v2\/media?parent=1793"}],"wp:term":[{"taxonomy":"category","embeddable":true,"href":"http:\/\/novysmer.cz\/index.php\/wp-json\/wp\/v2\/categories?post=1793"},{"taxonomy":"post_tag","embeddable":true,"href":"http:\/\/novysmer.cz\/index.php\/wp-json\/wp\/v2\/tags?post=1793"}],"curies":[{"name":"wp","href":"https:\/\/api.w.org\/{rel}","templated":true}]}}