{"id":1864,"date":"2022-05-01T00:00:00","date_gmt":"2022-04-30T22:00:00","guid":{"rendered":"http:\/\/novysmer.cz\/index.php\/2007\/05\/01\/jak-to-bylo-na-sennem-trhu\/"},"modified":"2022-05-01T21:34:41","modified_gmt":"2022-05-01T19:34:41","slug":"jak-to-bylo-na-sennem-trhu","status":"publish","type":"post","link":"http:\/\/novysmer.cz\/index.php\/2022\/05\/01\/jak-to-bylo-na-sennem-trhu\/","title":{"rendered":"1. m\u00e1j &#8211; Jak to bylo na Senn\u00e9m trhu?"},"content":{"rendered":"<p style=\"text-align: center;\" align=\"justify\"><strong>Jan Neruda ozna\u010dil 1. m\u00e1j <em>\u201enejpam\u00e1tn\u011bj\u0161\u00edm dnem lidsk\u00fdch d\u011bjin.&#8220;<\/em><\/strong><strong><em>\u00a0<\/em><\/strong><strong><em>\u00a0<\/em><\/strong><\/p>\n<p><!--more--><\/p>\n<p align=\"justify\"><strong><img loading=\"lazy\" class=\" alignleft size-full wp-image-1861\" style=\"float: left;\" src=\"http:\/\/novysmer.cz\/wp-content\/uploads\/2007\/05\/1maj.jpg\" alt=\"1maj\" width=\"120\" height=\"73\" \/><\/strong>\u00a0V Pa\u0159\u00ed\u017ei, 14. \u010dervence 1889, u p\u0159\u00edle\u017eitosti sta let od dobyt\u00ed Bastily, se konal kongres, kter\u00fd dal vzniknout <em>II. internacion\u00e1le.<\/em><\/p>\n<p align=\"justify\">Byla zde tak\u00e9 schv\u00e1lena rezoluce o oslav\u00e1ch <strong><em>1. m\u00e1je<\/em><\/strong> &#8211; rozhodnut\u00ed, aby <em>1. kv\u011bten<\/em> byl ka\u017edoro\u010dn\u011b slaven jako <strong><em>Den mezin\u00e1rodn\u00ed solidarity pracuj\u00edc\u00edch<\/em><\/strong>. \u0160lo o to, aby v ur\u010dit\u00e9, jednou prov\u017edy stanoven\u00e9 dob\u011b, ve v\u0161ech m\u011bstech a ve v\u0161ech zem\u00edch d\u011bln\u00edci \u017e\u00e1dali mimo jin\u00e9 zaveden\u00ed osmihodinov\u00e9ho pracovn\u00edho dne. \u0160lo o navozen\u00ed trval\u00e9 kontinuity s \u00fasil\u00edm americk\u00fdch d\u011bln\u00edk\u016f, jejich prolitou krv\u00ed.<\/p>\n<p align=\"justify\"><strong>\u201eOsmihodinov\u00e9 hnut\u00ed&#8220;<\/strong><\/p>\n<p align=\"justify\">V polovin\u011b 19. stolet\u00ed rozv\u00edjel americk\u00fd kapitalismus za p\u0159\u00edzniv\u011bj\u0161\u00edch podm\u00ednek ne\u017e v jin\u00fdch zem\u00edch. Tamn\u00ed hnut\u00ed za osmihodinov\u00fd pracovn\u00ed den dos\u00e1hlo \u017e\u00e1dan\u00e9 reformy. Krize sedmdes\u00e1t\u00fdch let 19. stolet\u00ed byla toti\u017e tomuto hnuti n\u00e1pomocna, tak\u017ee kongresu Spojen\u00fdch st\u00e1t\u016f nezbylo ne\u017e p\u0159ijmout 24. \u010dervna 1878 z\u00e1kon o osmihodinov\u00e9 pracovn\u00ed dob\u011b ve st\u00e1tn\u00edch podnic\u00edch.<\/p>\n<p align=\"justify\">B\u00fdv\u00e1 \u00fad\u011blem reforem, \u017ee n\u011bkdy z\u016fstanou jen mrtvou literou. Stalo se tak i v tomto p\u0159\u00edpad\u011b. Proto v \u0159\u00edjnu 1884 na sjezdu v Chicagu rozhodla Odborov\u00e1 federace Spojen\u00fdch st\u00e1t\u016f a Kanady, aby se od 1. kv\u011btna 1886 pracovalo m\u00edsto dosavadn\u00edch \u010dtrn\u00e1cti opravdu jen osm hodin denn\u011b a aby si odbory realizaci usnesen\u00ed vynutily. \u010cas plynul v o\u010dek\u00e1v\u00e1n\u00ed z\u00e1pasu, ke kter\u00e9mu nakonec i do\u0161lo. To ostatn\u00ed ale bylo jinak&#8230;<\/p>\n<p align=\"justify\"><strong>Zrada<\/strong><\/p>\n<p align=\"justify\">je z\u0159ejm\u00e1 v pozad\u00ed sporu, kter\u00fd vypukl v \u00fanoru 1886 v tov\u00e1rn\u011b <em>Mac Cormicka<\/em>, je\u017e vyr\u00e1b\u011bla hospod\u00e1\u0159sk\u00e9 stroje. D\u011blnick\u00fd komit\u00e9t vyslovil opr\u00e1vn\u011bn\u00e9 po\u017eadavky a vz\u00e1p\u011bt\u00ed se ocitlo bez pr\u00e1ce 1200 d\u011bln\u00edk\u016f, p\u0159esto, \u017ee rok p\u0159edt\u00edm s nimi uzav\u0159ela firma smlouvu, podle n\u00ed\u017e nem\u011bl b\u00fdt nikdo propu\u0161t\u011bn pro \u010dinnost v d\u011blnick\u00e9 organizaci. Opak byl b\u011b\u017enou prax\u00ed: tzv. <em>\u010dern\u00e1 kniha<\/em> obsahovala jm\u00e9na nepohodln\u00fdch zam\u011bstnanc\u016f, kte\u0159\u00ed nem\u011bli dostat pr\u00e1ci ve sv\u00e9m oboru.<\/p>\n<p align=\"justify\">Vylou\u010den\u00ed d\u011bln\u00edci uspo\u0159\u00e1dali v b\u0159eznu ve\u0159ejnou sch\u016fzi. Protestovali proti intervenci 400 uniformovan\u00fdch policist\u016f a 300 ozbrojen\u00fdch <em>\u201epinkertonc\u016f&#8220;<\/em> \u2014 soukrom\u00e9 provokat\u00e9rsk\u00e9 policie. Policie ch\u00e1pala protest po sv\u00e9m a zakro\u010dila tak, jak byla zvykl\u00e1 zasahovat v p\u0159\u00edpad\u011b <em>\u201espiknut\u00ed proti st\u00e1tu&#8220;<\/em>. K 1. m\u00e1ji se jako odpov\u011b\u010f na v\u00fdluku p\u0159ipravovala v\u0161eobecn\u00e1 st\u00e1vka. Bou\u0159liv\u00e9 st\u0159ety mezi <em>\u201epinkertonci&#8220;<\/em> a \u00fa\u010dastn\u00edky sch\u016fze poutaly takovou pozornost ve\u0159ejnosti, \u017ee se to projevilo v z\u00e1jmu o bl\u00ed\u017e\u00edc\u00ed se st\u00e1vku.<\/p>\n<p align=\"justify\"><strong>Let\u00e1k pomsty a let\u00e1k provokat\u00e9r\u016f<\/strong><\/p>\n<p align=\"justify\">Prvn\u00ed kv\u011btnov\u00fd den roku 1886. V Chicagu zastavilo pr\u00e1ci skoro 30.000 d\u011bln\u00edk\u016f, p\u0159i\u010dem\u017e do 4. kv\u011btna se po\u010det zdvojn\u00e1sobil. Byl vyd\u00e1n p\u0159\u00edkaz rozehnat st\u00e1vku a pou\u017e\u00edt k tomu v\u0161ech dostupn\u00fdch prost\u0159edk\u016f. St\u0159elbu nevyj\u00edmaje.<\/p>\n<p align=\"justify\">Na protest proti perzekuc\u00edm byl na chicagsk\u00fd <em>Senn\u00fd trh<\/em> svol\u00e1n t\u00e1bor. Let\u00e1k vyz\u00fdval: <em>&#8222;Do zbran\u011b! Vol\u00e1me v\u00e1s do zbran\u011b! Va\u0161i brat\u0159i.&#8220;<\/em><\/p>\n<p align=\"justify\">Ani provokat\u00e9\u0159i nezah\u00e1leli. Vydali zfal\u0161ovan\u00fd let\u00e1k, kon\u010d\u00edc\u00ed slovy: <em>&#8222;D\u011bln\u00edci, p\u0159ineste s sebou zbran\u011b!&#8220;<\/em><\/p>\n<p align=\"justify\"><strong>Mrak nad Haymarketem<\/strong><\/p>\n<p align=\"justify\">Ve\u010der 4. kv\u011btna p\u0159ed dev\u00e1tou hodinou zah\u00e1jil t\u00e1bor anarchistick\u00fd d\u011bln\u00edk <em>Spies.<\/em> Po n\u011bm vystoupil dal\u0161\u00ed mluv\u010d\u00ed d\u011bln\u00edk\u016f, <em>Parson<\/em> a <em>Fielden.<\/em><\/p>\n<p align=\"justify\"><em>\u201eZ\u016fsta\u0148te jen je\u0161t\u011b n\u011bkolik minut!&#8220;<\/em> volal <em>Fielden,<\/em> kdy\u017e se dv\u011b t\u0159etiny poslucha\u010d\u016f rozch\u00e1zely z obavy p\u0159ed de\u0161t\u011bm. Na <em>Senn\u00e9m trhu<\/em> z\u016fstalo asi dv\u011b st\u011b lid\u00ed. Od Randolphovy ulice se bl\u00ed\u017eila stovka str\u00e1\u017en\u00edk\u016f.<\/p>\n<p align=\"justify\"><strong>Puma<\/strong><\/p>\n<p align=\"justify\">Kapit\u00e1n Ward pozvedl obu\u0161ek a obraceje se k <em>Fieldovi<\/em> zvolal; <em>\u201eJm\u00e9nem lidu st\u00e1tu illinoisk\u00e9ho na\u0159izuji tomuto shrom\u00e1\u017ed\u011bn\u00ed, aby se roze\u0161lo!&#8220;<\/em> \u2014 <em>Fielden<\/em> odpov\u011bd\u011bl: <em>\u201eTo je sch\u016fze pokojn\u00e1, kapit\u00e1ne!&#8220;<\/em><\/p>\n<div style=\"text-align: center;\" align=\"justify\"><img loading=\"lazy\" class=\" size-full wp-image-1862\" title=\"1maj1\" src=\"http:\/\/novysmer.cz\/wp-content\/uploads\/2007\/05\/1maj1.jpg\" alt=\"1maj1\" width=\"497\" height=\"292\" border=\"0\" hspace=\"5\" vspace=\"5\" \/><\/div>\n<div style=\"text-align: center;\" align=\"justify\">\n<p><em><strong>Obr. 1<\/strong> Snad dv\u011b st\u011b lid\u00ed bylo 4. kv\u011btna 1886 na Senn\u00e9m n\u00e1m\u011bst\u00ed v Chicagu, kdy\u017e z\u00e1krok policie zbrzdila puma. Atent\u00e1tn\u00edk z\u016fstal utajen, ale o to sn\u00e1ze mohli b\u00fdt z \u010dinu na\u0159\u010deni nevinn\u00ed mluv\u010d\u00ed d\u011bln\u00edk\u016f. <\/em><\/p>\n<p><em>\u00a0<\/em><\/p>\n<\/div>\n<p align=\"justify\">Policie \u0161la demonstrant\u016fm vst\u0159\u00edc. <em>Haymarketem<\/em> t\u0159eskl v\u00fdbuch. N\u011bkdo hodil mezi postupuj\u00edc\u00ed policisty pumu. Jako na povel za\u010dali str\u00e1\u017eci po\u0159\u00e1dku st\u0159\u00edlet do \u0159e\u010dn\u00edk\u016f. Zatkli n\u011bkolik pokrokov\u00fdch novin\u00e1\u0159\u016f a d\u011bln\u00edk\u016f, kter\u00e9 ob\u017ealovali z vra\u017edy sedmi policist\u016f.<\/p>\n<p align=\"justify\"><strong>Proces<\/strong><\/p>\n<p align=\"justify\">Jak psal tisk, ob\u017ealovan\u00ed se chovali state\u010dn\u011b a\u017e do konce. P\u0159esto, \u017ee soud byl slo\u017een z lid\u00ed, kte\u0159\u00ed z\u00e1jmy policie h\u00e1jili i proti nevinn\u00fdm, p\u0159el\u00ed\u010den\u00ed uk\u00e1zalo, \u017ee v\u011bt\u0161ina obvin\u011bn\u00fdch ode\u0161la z t\u00e1bora je\u0161t\u011b p\u0159ed v\u00fdbuchem nebo se ho v\u016fbec ne\u00fa\u010dastnila. Ob\u017ealobu pro vra\u017edu museli zm\u011bnit v ob\u017ealobu pro spiknut\u00ed k zavra\u017ed\u011bn\u00ed policist\u016f. Pod hrozbou odsouzen\u00ed k smrti l\u017eiv\u011b proti ob\u017ealovan\u00fdm sv\u011bd\u010dil dokonce svolavatel t\u00e1bora <em>Waller.<\/em> Nic nezmohla jeho sestra, kter\u00e1 vypov\u011bd\u011bla, \u017ee doty\u010dn\u00fd je koupen polici\u00ed. Jak\u017ee to p\u0159i procesu \u0159ekl st\u00e1tn\u00ed n\u00e1vladn\u00ed <em>Grinell? \u201eD\u011bln\u00edky nutno zahnat do jejich d\u011br jako krysy.&#8220;<\/em><\/p>\n<p align=\"justify\"><strong>Rozsudek<\/strong><\/p>\n<p align=\"justify\">Ob\u017ealovan\u00ed <em>A. Spies, M. Schwab, A. R. Parsons, A. Fischer, J. Engel, S. Fielden <\/em>a<em> L. Lingg<\/em> byli odsouzeni k trestu smrti, <em>O. Neebe<\/em> k patn\u00e1cti let\u016fm v\u011bzen\u00ed. Po vyhl\u00e1\u0161en\u00ed rozsudku \u017e\u00e1dal posledn\u011b jmenovan\u00fd o to, aby sm\u011bl zem\u0159\u00edt s ostatn\u00edmi. Obh\u00e1jce, kapit\u00e1n <em>Black,<\/em> se sna\u017eil dos\u00e1hnout nov\u00e9ho soudn\u00edho \u0159\u00edzen\u00ed. Americk\u00e9 d\u011blnictvo sebralo 50.000 dolar\u016f na jeho uhrazen\u00ed. Le\u010d vrchn\u00ed soud v <em>Illinois<\/em> p\u016fvodn\u00ed rozhodnut\u00ed potvrdil. Zb\u00fdvala posledn\u00ed nad\u011bje \u2014 milost, kterou mohl ud\u011blit guvern\u00e9r. Statis\u00edce podpis\u016f v petic\u00edch z cel\u00e9ho sv\u011bta \u017e\u00e1daly zru\u0161en\u00ed popravy.<\/p>\n<p align=\"justify\"><img loading=\"lazy\" class=\" size-full wp-image-1863\" style=\"margin: 5px auto; display: block;\" title=\"1maj2\" src=\"http:\/\/novysmer.cz\/wp-content\/uploads\/2007\/05\/1maj2.jpg\" alt=\"1maj2\" width=\"324\" height=\"543\" \/><\/p>\n<p style=\"text-align: center;\" align=\"justify\"><em><strong>Obr. 2<\/strong> V listopadu 1887 \u010dty\u0159i z nich (zleva: A. R, Parson, A. Spies, A. Fischer, J. Engel) se stali ob\u011btmi vykonstruovan\u00e9ho procesu.<\/em><\/p>\n<p align=\"justify\">\u201eMilost&#8220; nakonec dostali <em>Fielden<\/em> se <em>Schwabem<\/em> \u2014 trest smrti jim zm\u011bnili v do\u017eivotn\u00ed \u017eal\u00e1\u0159. U ostatn\u00edch byl rozsudek smrti potvrzen.<\/p>\n<p align=\"justify\"><strong>S odstupem let<\/strong><\/p>\n<p align=\"justify\">Spisy chicagsk\u00fdch mu\u010dedn\u00edk\u016f byly s n\u00e1stupem nov\u00e9ho guvern\u00e9ra revidov\u00e1ny. P\u0159\u00ed t\u00e9to p\u0159\u00edle\u017eitosti se prok\u00e1zalo, \u017ee pumu nastra\u017eila sama policie, a \u017ee intrikami odsoudila nevinn\u00e9. Nap\u0159\u00edklad fale\u0161n\u00fd sv\u011bdek <em>Waller<\/em> p\u0159es\u00eddlil pod jm\u00e9nem <em>Miller<\/em> do Evropy, kam mu tak\u00e9 byly doru\u010dov\u00e1ny nemal\u00e9 sumy pen\u011bz a do konce \u017eivota nikde nepracoval. Je\u0161t\u011b s koncem 19. stolet\u00ed, kdy justi\u010dn\u00ed skand\u00e1l ve v\u0161\u00ed obludnosti praskl, tak dos\u00e1hla napln\u011bn\u00ed slova jednoho z popraven\u00fdch. <em>\u201eP\u0159ijde doba, kdy na\u0161e ml\u010den\u00ed v hrob\u011b bude mocn\u011bj\u0161\u00ed ne\u017e na\u0161e slova!&#8220; <\/em>\u0159ekl v listopadu 1887, kdy\u017e mu na hlavu nasadili kuklu a na krk v\u00e1zali opr\u00e1tku &#8230;<\/p>\n<p align=\"justify\"><strong>V\u0161e za\u010d\u00edn\u00e1 znovu<\/strong><\/p>\n<p align=\"justify\">Po v\u00edce ne\u017e stodvaceti letech od chicagsk\u00e9 st\u00e1vky vid\u00edme, \u017ee situace se bohu\u017eel vr\u00e1tila tam, kde za\u010dala. Podnikatel\u00e9 libovoln\u011b nakl\u00e1daj\u00ed s pracovn\u00ed dobou zam\u011bstnanc\u016f. Mnoz\u00ed zam\u011bstnanci ani neceknou, pokud chod\u00ed z pr\u00e1ce a\u017e za tmy, bez rept\u00e1n\u00ed chod\u00ed do pr\u00e1ce o sobot\u00e1ch a ned\u011bl\u00edch.<\/p>\n<p align=\"justify\"><strong>Pro\u010d? <\/strong><\/p>\n<p align=\"justify\">Strach o pr\u00e1ci d\u011bl\u00e1 sv\u00e9. Ba co v\u00edc &#8211; zam\u011bstnanci se boj\u00ed vytvo\u0159it vlastn\u00ed odbory, kter\u00e9 by h\u00e1jily jejich z\u00e1jmy. Nic lep\u0161\u00edho si kapitalist\u00e9 nemohli nikdy p\u0159\u00e1t &#8230;<\/p>\n<p style=\"text-align: right;\" align=\"justify\"><em>Archiv NoS<br \/>\n<\/em><\/p>\n","protected":false},"excerpt":{"rendered":"<p>Jan Neruda ozna\u010dil 1. m\u00e1j \u201enejpam\u00e1tn\u011bj\u0161\u00edm dnem lidsk\u00fdch d\u011bjin.&#8220;\u00a0\u00a0<\/p>\n","protected":false},"author":1,"featured_media":2945,"comment_status":"open","ping_status":"open","sticky":false,"template":"","format":"standard","meta":{"_mi_skip_tracking":false,"_exactmetrics_sitenote_active":false,"_exactmetrics_sitenote_note":"","_exactmetrics_sitenote_category":0},"categories":[8,10],"tags":[155,34],"_links":{"self":[{"href":"http:\/\/novysmer.cz\/index.php\/wp-json\/wp\/v2\/posts\/1864"}],"collection":[{"href":"http:\/\/novysmer.cz\/index.php\/wp-json\/wp\/v2\/posts"}],"about":[{"href":"http:\/\/novysmer.cz\/index.php\/wp-json\/wp\/v2\/types\/post"}],"author":[{"embeddable":true,"href":"http:\/\/novysmer.cz\/index.php\/wp-json\/wp\/v2\/users\/1"}],"replies":[{"embeddable":true,"href":"http:\/\/novysmer.cz\/index.php\/wp-json\/wp\/v2\/comments?post=1864"}],"version-history":[{"count":2,"href":"http:\/\/novysmer.cz\/index.php\/wp-json\/wp\/v2\/posts\/1864\/revisions"}],"predecessor-version":[{"id":2946,"href":"http:\/\/novysmer.cz\/index.php\/wp-json\/wp\/v2\/posts\/1864\/revisions\/2946"}],"wp:featuredmedia":[{"embeddable":true,"href":"http:\/\/novysmer.cz\/index.php\/wp-json\/wp\/v2\/media\/2945"}],"wp:attachment":[{"href":"http:\/\/novysmer.cz\/index.php\/wp-json\/wp\/v2\/media?parent=1864"}],"wp:term":[{"taxonomy":"category","embeddable":true,"href":"http:\/\/novysmer.cz\/index.php\/wp-json\/wp\/v2\/categories?post=1864"},{"taxonomy":"post_tag","embeddable":true,"href":"http:\/\/novysmer.cz\/index.php\/wp-json\/wp\/v2\/tags?post=1864"}],"curies":[{"name":"wp","href":"https:\/\/api.w.org\/{rel}","templated":true}]}}