{"id":1895,"date":"2007-04-30T17:39:57","date_gmt":"2007-04-30T15:39:57","guid":{"rendered":"http:\/\/novysmer.cz\/index.php\/2007\/04\/30\/hodnoty-a-zajmy-1\/"},"modified":"2007-04-30T17:39:57","modified_gmt":"2007-04-30T15:39:57","slug":"hodnoty-a-zajmy-1","status":"publish","type":"post","link":"http:\/\/novysmer.cz\/index.php\/2007\/04\/30\/hodnoty-a-zajmy-1\/","title":{"rendered":"HODNOTY A Z\u00c1JMY&#8230; (1)"},"content":{"rendered":"<p> <img loading=\"lazy\" class=\" alignleft size-full wp-image-3\" src=\"http:\/\/novysmer.cz\/wp-content\/uploads\/2007\/10\/logo.jpg\" border=\"0\" alt=\"logo\" title=\"logo\" hspace=\"5\" vspace=\"5\" width=\"100\" height=\"65\" align=\"left\" \/>&#8230; V SOU\u010cASN\u00c9 \u010cESK\u00c9 SPOLE\u010cNOSTI.&quot;    <\/p>\n<p> VYSTOUPEN\u00cd PROF. JANA KELLERA NA VRATIMOVSK\u00c9M SEMIN\u00c1\u0158I  <\/p>\n<p> <!--more--> <\/p>\n<p> \u017dijeme ve velice zvl\u00e1\u0161tn\u00ed dob\u011b. Snad nikdy se je\u0161t\u011b nemluvilo tak \u010casto a tak hlasit\u011b o tak vysok\u00fdch hodnot\u00e1ch, jako to sl\u00fdch\u00e1v\u00e1me dnes. Svoboda, lidsk\u00e1 pr\u00e1va, historick\u00e1   spravedlnost, pravda a l\u00e1ska. Pokud bychom brali v\u0161echny tyto \u0159e\u010di v\u00e1\u017en\u011b, mohli bychom b\u00fdt \u0161\u0165astni, v jak velkolep\u00e9 dob\u011b to \u017eijeme. Pokud bychom v\u0161ak brali v\u0161echny tyto \u0159e\u010di opravdu v\u00e1\u017en\u011b, byli bychom asi jedin\u00ed, kdo by tak \u010dinil. Ti, kdo slova o pravd\u011b a l\u00e1sce vypou\u0161t\u011bj\u00ed, vytv\u00e1\u0159ej\u00ed pouze mlhu, za kterou jsou ukryty obrysy zm\u011bn,k nim\u017e v sou\u010dasn\u00e9 dob\u011b doch\u00e1z\u00ed. Pod\u00edv\u00e1me-li se podrobn\u011bji na n\u011bkter\u00e9 z hodnot, kter\u00e9 jsou oslavov\u00e1ny, spat\u0159\u00edme za ka\u017edou z nich velice z\u0159eteln\u00fd a jasn\u011b artikulovan\u00fd buo* individu\u00e1ln\u00ed, anebo \u00fazce skupinov\u00fd z\u00e1jem.  <\/p>\n<p> <strong>Svoboda likvidovat ve\u0159ejn\u00fd sektor<\/strong>  <\/p>\n<p> Do skupiny vysok\u00fdch hodnot, kter\u00e9 jsou dnes tak \u010dasto vz\u00fdv\u00e1ny, pat\u0159\u00ed hodnoty typu svobody jednotlivce a lidsk\u00fdch pr\u00e1v. Jsou to hodnoty skute\u010dn\u011b \u00factyhodn\u00e9 a st\u011b\u017e\u00ed najdeme \u010dlov\u011bka, kter\u00fd by si jich nev\u00e1\u017eil. T\u00edm smutn\u011bj\u0161\u00ed je ov\u0161em, k \u010demu v\u0161emu dneska slou\u017e\u00ed.  <\/p>\n<p> \u0158e\u010di o svobod\u011b jednotlivce, jsou-li vedeny v dne\u0161n\u00edm syst\u00e9mu, nemaj\u00ed za c\u00edl chr\u00e1nit \u010dlov\u011bka p\u0159ed zv\u016fl\u00ed moci. Ve\u0159ejn\u00e1 moc a moc st\u00e1tn\u00ed je ve skute\u010dnosti tak slab\u00e1, \u017ee by sama ob\u010das pot\u0159ebovala ochranu (nap\u0159\u00edklad proti vyd\u00edr\u00e1n\u00ed ze strany velk\u00fdch nadn\u00e1rodn\u00edch firem \u010di jin\u00fdch siln\u00fdch kapit\u00e1lov\u00fdch a vlivov\u00fdch skupin). Nikdo se nemus\u00ed b\u00e1t toho, \u017ee by byl ve\u0159ejnou moc\u00ed omezov\u00e1n a pron\u00e1sledov\u00e1n. Pro\u010d tak\u00e9? Pokud by se stal skute\u010dn\u011b nepohodln\u00fdm z hlediska n\u011b\u010d\u00edch z\u00e1jm\u016f, porad\u00ed si s n\u00edm hrav\u011b moc podsv\u011bt\u00ed a organizovan\u00e9ho zlo\u010dinu.  <\/p>\n<p> A ve\u0159ejn\u00e1 moc ani nemus\u00ed zjistit, co se mu vlastn\u011b stalo a kdo mu to provedl. Teror a n\u00e1sil\u00ed z demokratick\u00e9 spole\u010dnosti rozhodn\u011b nezmizely. Pouze se d\u016fsledn\u011b privatizovaly, tak jako se privatizovalo v\u0161echno ostatn\u00ed.  <\/p>\n<p> Pro\u010d tedy plamenn\u00e9 \u0159e\u010di o lidsk\u00e9 svobod\u011b, kdy\u017e ji \u017e\u00e1dn\u00e1 st\u00e1tn\u00ed moc neohro\u017euje? Jejich docela prozaick\u00fdm c\u00edlem je podpo\u0159it dal\u0161\u00ed postup likvidace ve\u0159ejn\u00e9ho sektoru. Pr\u00e1vo na individu\u00e1ln\u00ed svobodu siln\u00fdch a \u00fasp\u011b\u0161n\u00fdch je vyzdvihov\u00e1no proto, aby se odbouralo v\u0161echno, o co se mohou op\u0159\u00edt ti, kdo jsou (z d\u016fvod\u016f nejr\u016fzn\u011bj\u0161\u00edch) m\u00e9n\u011b \u00fasp\u011b\u0161n\u00ed. O lidsk\u00fdch pr\u00e1vech se mluv\u00ed st\u00e1le hlasit\u011bji proto, aby nebylo sly\u0161et vol\u00e1n\u00ed po pr\u00e1vech soci\u00e1ln\u00edch, kter\u00e1 jsou krok za krokem zmen\u0161ov\u00e1na a odbour\u00e1v\u00e1na.  <\/p>\n<p> Nejenom Marx, ale i mnoz\u00ed ne-marxisti\u010dt\u00ed filozofov\u00e9 a sociologov\u00e9 velice dob\u0159e v\u011bd\u011bli, \u017ee bez z\u00e1kladn\u00edch soci\u00e1ln\u00edch pr\u00e1v se st\u00e1vaj\u00ed lidsk\u00e1 pr\u00e1va chim\u00e9rou. Francouzsk\u00fd spisovatel Anatole France je autorem v\u00fdroku o tom, \u017ee z hlediska individu\u00e1ln\u00edch pr\u00e1v m\u00e1 chud\u00fd i bohat\u00fd naprosto rovn\u00e9 pr\u00e1vo sp\u00e1vat v noci pod mostem. Pro\u010d jeden z nich tohoto pr\u00e1va vyu\u017e\u00edv\u00e1, zat\u00edmco druh\u00fd ne, na to liber\u00e1ln\u00ed ekonomov\u00e9 ani filozofuj\u00edc\u00ed politici dodnes nemaj\u00ed odpov\u011b\u010f.  <\/p>\n<p> <strong>Rovn\u00e1 da\u0148 od\u010dlen\u00ed nejbohat\u0161\u00ed<\/strong>  <\/p>\n<p> Do stejn\u00e9 kategorie pat\u0159\u00ed hodnota spravedlnosti, pokud je spojov\u00e1na s \u00fasporn\u00fdmi reformami, anebo p\u0159\u00edmo s rovnou dan\u00ed. \u00dasporn\u00e9 reformy nemaj\u00ed za c\u00edl sn\u00ed\u017eit m\u00edru pl\u00fdtv\u00e1n\u00ed s ve\u0159ejn\u00fdmi prost\u0159edky. Pokud by tomu tak m\u011blo b\u00fdt, muselo by se nap\u0159ed zmapovat, kdo v jak\u00e9 m\u00ed\u0159e s ve\u0159ejn\u00fdmi prost\u0159edky pl\u00fdtv\u00e1 a podle toho by musely b\u00fdt reformy c\u00edlen\u011b zam\u011b\u0159eny. Takto se v\u0161ak nepostupuje. Praxe je jin\u00e1. \u0158ekne se nap\u0159\u00edklad, \u017ee doch\u00e1z\u00ed k pl\u00fdtv\u00e1n\u00ed v oblasti podpory v nezam\u011bstnanosti. Proto se podpora pro v\u0161echny p\u0159\u00edjemce sn\u00ed\u017e\u00ed a mo\u017en\u00e1 se i zkr\u00e1t\u00ed n\u00e1rok na jej\u00ed pob\u00edr\u00e1n\u00ed. Nikdo se u\u017e nezm\u00edn\u00ed o tom, \u017ee v\u011bt\u0161inu nezam\u011bstnan\u00fdch u n\u00e1s tvo\u0159\u00ed \u017eeny (a to zejm\u00e9na \u017eeny po mate\u0159sk\u00e9 dovolen\u00e9). Na \u00fasporn\u00e1 opat\u0159en\u00ed v oblasti nezam\u011bstnanosti doplat\u00ed p\u0159edev\u0161\u00edm ony, zat\u00edmco ti, kdo syst\u00e9mu zneu\u017e\u00edvaj\u00ed a pracuj\u00ed na\u010derno, tak budou \u010dinit i nad\u00e1le. \u00dasporn\u00fdmi opat\u0159en\u00edmi budou posti\u017eeni ze v\u0161ech nejm\u00e9n\u011b, proto\u017ee si budou i nad\u00e1le bokem p\u0159ivyd\u011bl\u00e1vat.  <\/p>\n<p> To, \u017ee rovn\u00e1 da\u0148 slou\u017e\u00ed v\u011bt\u0161\u00ed spravedlnosti, m\u016f\u017ee tvrdit snad jenom \u010dlov\u011bk, kter\u00fd neum\u00ed po\u010d\u00edtat. Rovn\u00e1 da\u0148 v re\u017eii ODS slou\u017e\u00ed zcela jin\u00e9mu c\u00edli. Povede naprosto spolehliv\u011b k tomu, \u017ee se definitivn\u011b uzav\u0159e mal\u00e1 skupinka nejbohat\u0161\u00edch a zv\u00fd\u0161\u00ed se jejich odstup oproti st\u0159edn\u00edm a p\u0159\u00edjmov\u011b ni\u017e\u0161\u00edm vrstv\u00e1m. Nebudou se u\u017e muset s nimi d\u011blit tolik o p\u0159\u00edjmy jako d\u0159\u00edve, zato na n\u011b p\u0159enesou v\u011bt\u0161\u00ed \u010d\u00e1st financov\u00e1n\u00ed zbytk\u016f ve\u0159ejn\u00e9ho sektoru. St\u0159edn\u00ed vrstvy doplat\u00ed na rovnou da\u0148 je\u0161t\u011b v\u00edce ne\u017e ti nejchud\u0161\u00ed. Ale ani pro n\u00edzkop\u0159\u00edjmov\u00e9 kategorie nebude \u017e\u00e1dn\u00fdm v\u00edt\u011bzstv\u00edm. Na sn\u00ed\u017een\u00fdch soci\u00e1ln\u00edch d\u00e1vk\u00e1ch a zv\u00fd\u0161en\u00fdch nep\u0159\u00edm\u00fdch dan\u00edch p\u0159ijdou lid\u00e9 s nejni\u017e\u0161\u00edmi p\u0159\u00edjmy o v\u00edce, ne\u017e kolik jim toho p\u0159ibude na v\u00fdplatn\u00ed p\u00e1sce. Nav\u00edc budou stigmatizov\u00e1ni. Bude se jim p\u0159edhazovat, \u017ee ve zcela rovn\u00fdch podm\u00ednk\u00e1ch si vedou ze v\u0161ech nejh\u016f\u0159e. To bude odm\u011bna t\u011bm nejm\u00e9n\u011b \u00fasp\u011b\u0161n\u00fdm za to, \u017ee zhruba t\u0159etina z nich volila ODS. P\u0159itom hrub\u00fd p\u0159\u00edjem 80 000 K\u010d a v\u00edce m\u00e1 asi 50 000 lid\u00ed, z nich\u017e 35 a\u017e 40 % \u017eije v Praze, a \u0161est a\u017e sedm tis\u00edc zam\u011bstnanc\u016f m\u00e1 p\u0159\u00edjem 150 000 a\u017e milion korun, p\u0159i\u010dem\u017e v Praze \u017eije asi 6500 lid\u00ed s p\u0159\u00edjmem nad 130 000 K\u010d. Rovn\u00e1 da\u0148 je tedy dar Pra\u017ean\u016f sob\u011b.  <\/p>\n<p> <strong>Dvou rychlostn\u00ed kvalita \u017eivota<\/strong>  <\/p>\n<p> P\u0159ejdu k dal\u0161\u00ed hodnot\u011b, kter\u00e1 s t\u00edm v\u0161\u00edm \u00fazce souvis\u00ed. Z\u00e1sluhou Strany zelen\u00fdch se za\u010dalo mluvit o tzv. kvalit\u011b \u017eivota. Kdo by necht\u011bl \u017e\u00edt kvalitn\u00ed \u017eivot. To je na prv\u00fd pohled hodnota, kterou nelze nijak zpochybnit. Bohu\u017eel na\u0161im Zelen\u00fdm se i tohle poda\u0159ilo. Co toti\u017e znamen\u00e1 kvalita \u017eivota z hlediska prob\u00edhaj\u00edc\u00edch zm\u011bn v soci\u00e1ln\u00ed oblasti? Na\u0161e spole\u010dnost se st\u00e1v\u00e1 spole\u010dnost\u00ed dvourychlostn\u00ed. Horn\u00ed p\u0159\u00edjmov\u00e9 kategorie si budou moci dovolit kupovat ekologick\u00e9 v\u00fdrobky a potraviny, kter\u00e9 jsou dra\u017e\u0161\u00ed ne\u017e ty neekologick\u00e9. Budou si moci dovolit tr\u00e1vit voln\u00fd \u010das v prost\u0159ed\u00ed, kter\u00e9 je zat\u00edm je\u0161t\u011b nejm\u00e9n\u011b po\u0161kozeno. Zbytek spole\u010dnosti p\u0159estane pl\u00fdtvat jednodu\u0161e d\u00edky tomu, \u017ee po zaplacen\u00ed n\u00e1jmu, l\u00e9k\u016f, po zdra\u017een\u00ed hromadn\u00e9 dopravy a z\u00e1kladn\u00edch potravin jim na pl\u00fdtv\u00e1n\u00ed prost\u011b u\u017e nezbude.  <\/p>\n<p> Cel\u00e9 heslo kvality \u017eivota v\u0161ak slou\u017e\u00ed je\u0161t\u011b jednomu c\u00edli. T\u00edm je d\u016fsledn\u00e1 privatizace ekologick\u00e9 ot\u00e1zky. Lid\u00e9 si maj\u00ed dr\u017eet a hl\u00eddat kvalitu \u017eivota v oblasti sv\u00e9ho soukrom\u00e9ho konzumu, co\u017e je bude spolehliv\u011b odv\u00e1d\u011bt od kolektivn\u00edch akc\u00ed na ochranu p\u0159\u00edrody. Pod rou\u0161kou zelen\u00fdch hodnot se za Burs\u00edkovou politikou skr\u00fdv\u00e1 zcela hmatateln\u00fd z\u00e1jem. T\u00edmto z\u00e1jmem je udr\u017eet u moci skupiny pravicov\u011b orientovan\u00fdch individualist\u016f, kte\u0159\u00ed se stali bezprizorn\u00ed po krachu stran typu ODA a US. D\u00edky Zelen\u00fdm se poda\u0159ilo tyto lidi, kte\u0159\u00ed p\u0159edt\u00edm koketovali s my\u0161lenkou st\u0159edoprav\u00e9 koalice ve spojen\u00ed s \u010cSSD, p\u0159et\u00e1hnout v\u00edce doprava a prakticky je vr\u00e1tit do n\u00e1ru\u010de ODS, z n\u00ed\u017e po krachu Klausovy vl\u00e1dy po roce 1997 ode\u0161li. Strana zelen\u00fdch dnes slou\u017e\u00ed k zahlazen\u00ed d\u016fsledk\u016f tzv. sarajevsk\u00e9ho atent\u00e1tu. Starost o p\u0159\u00edrodu znepokojuje jej\u00ed veden\u00ed asi tolik, jako V\u00e1clava Klause znepokojuje glob\u00e1ln\u00ed oteplov\u00e1n\u00ed.  <\/p>\n<p> Pokra\u010dov\u00e1n\u00ed  <\/p>\n<p> <em>Zdroj: Nov\u00e1 Pravda, 25.4.2007<\/em>  <\/p>\n","protected":false},"excerpt":{"rendered":"<p>&#8230; V SOU\u010cASN\u00c9 \u010cESK\u00c9 SPOLE\u010cNOSTI.&quot; VYSTOUPEN\u00cd PROF. JANA KELLERA NA VRATIMOVSK\u00c9M SEMIN\u00c1\u0158I<\/p>\n","protected":false},"author":1,"featured_media":3,"comment_status":"open","ping_status":"open","sticky":false,"template":"","format":"standard","meta":{"_mi_skip_tracking":false,"_exactmetrics_sitenote_active":false,"_exactmetrics_sitenote_note":"","_exactmetrics_sitenote_category":0},"categories":[10],"tags":[402],"_links":{"self":[{"href":"http:\/\/novysmer.cz\/index.php\/wp-json\/wp\/v2\/posts\/1895"}],"collection":[{"href":"http:\/\/novysmer.cz\/index.php\/wp-json\/wp\/v2\/posts"}],"about":[{"href":"http:\/\/novysmer.cz\/index.php\/wp-json\/wp\/v2\/types\/post"}],"author":[{"embeddable":true,"href":"http:\/\/novysmer.cz\/index.php\/wp-json\/wp\/v2\/users\/1"}],"replies":[{"embeddable":true,"href":"http:\/\/novysmer.cz\/index.php\/wp-json\/wp\/v2\/comments?post=1895"}],"version-history":[{"count":0,"href":"http:\/\/novysmer.cz\/index.php\/wp-json\/wp\/v2\/posts\/1895\/revisions"}],"wp:featuredmedia":[{"embeddable":true,"href":"http:\/\/novysmer.cz\/index.php\/wp-json\/wp\/v2\/media\/3"}],"wp:attachment":[{"href":"http:\/\/novysmer.cz\/index.php\/wp-json\/wp\/v2\/media?parent=1895"}],"wp:term":[{"taxonomy":"category","embeddable":true,"href":"http:\/\/novysmer.cz\/index.php\/wp-json\/wp\/v2\/categories?post=1895"},{"taxonomy":"post_tag","embeddable":true,"href":"http:\/\/novysmer.cz\/index.php\/wp-json\/wp\/v2\/tags?post=1895"}],"curies":[{"name":"wp","href":"https:\/\/api.w.org\/{rel}","templated":true}]}}