{"id":1987,"date":"2013-01-22T21:54:30","date_gmt":"2013-01-22T20:54:30","guid":{"rendered":"http:\/\/novysmer.cz\/index.php\/2013\/01\/22\/tke-bezpravi\/"},"modified":"2013-01-22T21:54:30","modified_gmt":"2013-01-22T20:54:30","slug":"tke-bezpravi","status":"publish","type":"post","link":"http:\/\/novysmer.cz\/index.php\/2013\/01\/22\/tke-bezpravi\/","title":{"rendered":"T\u011b\u017ek\u00e9 bezpr\u00e1v\u00ed?"},"content":{"rendered":"<p style=\"text-align: justify;\"><strong><span class=\"userContent\"><img loading=\"lazy\" class=\" alignleft size-full wp-image-1986\" style=\"float: left;\" alt=\"sdp\" src=\"http:\/\/novysmer.cz\/wp-content\/uploads\/2013\/01\/sdp.jpg\" height=\"158\" width=\"120\" \/>K poselstv\u00ed <em>Heinze Fischera,<\/em> prezidenta <em>Rakousk\u00e9 republiky<\/em>, sudeton\u011bmeck\u00e9mu landsman\u0161aftu v Rakousku<\/span><\/strong><span class=\"userContent\"><\/span><\/p>\n<p style=\"text-align: justify;\"><strong><span class=\"userContent\">Pan H. Fischer v pozdravn\u00e9m poselstv\u00ed tzv. sudeton\u011bmeck\u00e9mu landsman\u0161aftu v Rakousku mimo jin\u00e9 uvedl n\u00e1sleduj\u00edc\u00ed v\u011bty: <em>\u201eU Bene\u0161ov\u00fdch <span class=\"text_exposed_show\">dekret\u016f se sv\u00e9ho \u010dasu jednalo nepochybn\u011b o t\u011b\u017ek\u00e9 bezpr\u00e1v\u00ed. Na tom nen\u00ed co zast\u00edrat \u2026\u201c <\/span><\/em><\/span><\/strong><\/p>\n<p> <!--more--> <\/p>\n<p style=\"text-align: justify;\"><span class=\"userContent\"><em><span class=\"text_exposed_show\"><\/span><\/em><\/span><\/p>\n<p style=\"text-align: justify;\"><span class=\"userContent\"><span class=\"text_exposed_show\">Vzhledem k tomu, \u017ee v posledn\u00ed dob\u011b nebyl jedin\u00fdm rakousk\u00fdm \u00fastavn\u00edm \u010dinitelem, kter\u00fd se takto a podobn\u011b vyjad\u0159oval o dekretech prezidenta republiky, ale nejen o nich, nem\u016f\u017eeme proto v jeho slovech vid\u011bt pouh\u00fd n\u00e1hodn\u00fd, politov\u00e1n\u00edhodn\u00fd faux pas, n\u00fdbr\u017e sp\u00ed\u0161e nazna\u010den\u00ed ur\u010dit\u00e9 politick\u00e9 linie, vlastn\u00ed i n\u011bkter\u00fdm dal\u0161\u00edm rakousk\u00fdm politik\u016fm. <\/span><\/span><\/p>\n<p style=\"text-align: justify;\"><span class=\"userContent\"><span class=\"text_exposed_show\">Proto pova\u017eujeme za d\u016fle\u017eit\u00e9 uv\u00e9st n\u011bkter\u00e9 skute\u010dnosti, souvisej\u00edc\u00ed s uvedenou problematikou, o nich\u017e se zvl\u00e1\u0161t\u011b v posledn\u00edch letech v na\u0161\u00ed republice ml\u010d\u00ed.<\/span><\/span><\/p>\n<p style=\"text-align: justify;\"><span class=\"userContent\"><span class=\"text_exposed_show\">Ji\u017e v r. 1965 do\u0161lo k jedn\u00e1n\u00ed mezi Rakouskou republikou a \u010ceskoslovenskou socialistickou republikou o ur\u010dit\u00fdch majetkov\u00fdch probl\u00e9mech. 19.7. 1965 byl uzav\u0159en Spole\u010dn\u00fd \u010ds.-rakousk\u00fd protokol, kter\u00fd obsahoval vymezen\u00ed n\u011bkter\u00fdch z\u00e1kladn\u00edch pojm\u016f. Rakousk\u00fd majetek byl definov\u00e1n jako majetek, kter\u00fd byl v dob\u011b odn\u011bt\u00ed majetkem Raku\u0161ana, kter\u00fd m\u011bl k 27. dubnu 1945 rakousk\u00e9 st\u00e1tn\u00ed ob\u010danstv\u00ed. Naopak Rakousko se v\u00fdslovn\u011b a jednozna\u010dn\u011b vzdalo n\u00e1rok\u016f na od\u0161kodn\u011bn\u00ed osob, kter\u00e9 k tomuto datu nem\u011bly rakousk\u00e9 st\u00e1tn\u00ed ob\u010danstv\u00ed a jejich\u017e majetky, pr\u00e1va a z\u00e1jmy byly \u010ds. opat\u0159en\u00edmi bez n\u00e1hrady konfiskov\u00e1ny. Rakousko se sou\u010dasn\u011b zav\u00e1zalo, \u017ee \u201enebude v\u016f\u010di \u010cSSR n\u00e1roky na od\u0161kodn\u011bn\u00ed takov\u00fdch osob v\u00edce zastupovat a neposkytne takov\u00fdm n\u00e1rok\u016fm \u017e\u00e1dnou podporu.\u201c Tyto principy byly pozd\u011bji n\u00e1sleduj\u00edc\u00ed mezin\u00e1rodn\u00ed smlouvou zakotveny.<\/span><\/span><\/p>\n<p style=\"text-align: justify;\"><span class=\"userContent\"><span class=\"text_exposed_show\">Dlouhodob\u00e1 diplomatick\u00e1 jedn\u00e1n\u00ed vy\u00fastila 19. prosince 1974 k uzav\u0159en\u00ed Smlouvy mezi \u010ceskoslovenskou socialistickou republikou a Rakouskou republikou o vypo\u0159\u00e1d\u00e1n\u00ed ur\u010dit\u00fdch finan\u010dn\u00edch a majetkopr\u00e1vn\u00edch ot\u00e1zek, j\u00ed\u017e byly vypo\u0159\u00e1d\u00e1ny n\u00e1roky, kter\u00e9 \u201evznikly a\u017e do dne podpisu t\u00e9to smlouvy v d\u016fsledku podroben\u00ed rakousk\u00fdch majetk\u016f, pr\u00e1v a z\u00e1jm\u016f \u010ds. konfiska\u010dn\u00edm, zn\u00e1rod\u0148ovac\u00edm nebo podobn\u00fdm z\u00e1konn\u00fdm opat\u0159en\u00edm.\u201c <\/span><\/span><\/p>\n<p style=\"text-align: justify;\"><span class=\"userContent\"><span class=\"text_exposed_show\">Smlouva zakotvovala, \u017ee \u201erakousk\u00fdmi osobami ve smyslu t\u00e9to smlouvy jsou fyzick\u00e9 osoby, kter\u00e9 m\u011bly rakousk\u00e9 st\u00e1tn\u00ed ob\u010danstv\u00ed ke dni 27. dubna 1945.\u201c V \u010dl. 6 smlouvy se Rakousko zavazovalo: \u201eRakousk\u00e1 republika nebude ji\u017e proti \u010ceskoslovensk\u00e9 socialistick\u00e9 republice zastupovat nebo podporovat \u017e\u00e1dn\u00e9 n\u00e1roky rakousk\u00fdch osob, kter\u00e9 vznikly proti \u010ceskoslovensk\u00e9 socialistick\u00e9 republice nebo \u010deskoslovensk\u00fdm fyzick\u00fdm i pr\u00e1vnick\u00fdm osob\u00e1m v souvislosti nebo v d\u016fsledku \u010deskoslovensk\u00fdch opat\u0159en\u00ed uveden\u00fdch v \u010dl\u00e1nku 1 smlouvy.\u201c<\/span><\/span><\/p>\n<p style=\"text-align: justify;\"><span class=\"userContent\"><span class=\"text_exposed_show\">Podle \u010dl. 2 uveden\u00e9 smlouvy se \u010cSSR zavazovala zaplatit Rakousku \u010d\u00e1stku ve v\u00fd\u0161i jedn\u00e9 miliardy rakousk\u00fdch \u0161ilink\u016f.<\/span><\/span><\/p>\n<p style=\"text-align: justify;\"><span class=\"userContent\"><span class=\"text_exposed_show\">\u010cSSR Rakousk\u00e9 republice smluvn\u00ed sumu zaplatila. N\u00e1stupnick\u00fdm st\u00e1tem \u010cSSR je \u010cesk\u00e1 republika. Rakousk\u00e1 republika by tedy v\u016f\u010di tomuto n\u00e1stupnick\u00e9mu st\u00e1tu m\u011bla plnit v\u0161echny povinnosti, k nim\u017e se zav\u00e1zala.<\/span><\/span><\/p>\n<p style=\"text-align: justify;\"><span class=\"userContent\"><span class=\"text_exposed_show\">Jsme v\u0161ak p\u0159esv\u011bd\u010deni, \u017ee Rakousk\u00e1 republika tak ne\u010din\u00ed. Tzv. n\u00e1roky odsunut\u00fdch N\u011bmc\u016f z \u010ceskoslovenska podporuje. Rakousk\u00fd landsman\u0161aft je extr\u00e9mistickou skupinou, kter\u00e1 naru\u0161uje ji\u017e dlouhodob\u011b na\u0161e vz\u00e1jemn\u00e9 sousedsk\u00e9 vztahy. <\/span><\/span><\/p>\n<p style=\"text-align: justify;\"><span class=\"userContent\"><span class=\"text_exposed_show\">V uveden\u00fdch souvislostech nen\u00ed bez zaj\u00edmavosti usnesen\u00ed tzv. Sudeton\u011bmeck\u00e9 rady v Bad Kissingen, o n\u011bm\u017e uv\u00e1d\u00ed Sudetendeutsche Zeitung z 13.11.2009 na str. 3: \u201e \u20261. \u010cR mus\u00ed kone\u010dn\u011b zru\u0161it rasistick\u00e9 a lidsk\u00fdm pr\u00e1v\u016fm odporuj\u00edc\u00ed Bene\u0161ovy dekrety, v\u010detn\u011b tzv. amnestij\u00edch z\u00e1kon\u016f\u2026 3. Vl\u00e1dy SRN, Rakouska a Ma\u010farska se \u017e\u00e1daj\u00ed, aby nad\u00e1le spolupracovaly, aby kolektivn\u011b posti\u017een\u00fdm n\u00e1rodnostn\u00edm skupin\u00e1m, kter\u00e9 byly zbaveny pr\u00e1v, tedy sudetsk\u00fdm N\u011bmc\u016fm, Karpatsk\u00fdm N\u011bmc\u016fm, jako\u017e i Ma\u010far\u016fm, byla kone\u010dn\u011b navr\u00e1cena spravedlnost\u2026\u201c <\/span><\/span><\/p>\n<p style=\"text-align: justify;\"><span class=\"userContent\"><span class=\"text_exposed_show\">Dikce usnesen\u00ed je jednozna\u010dn\u00e1. Nepot\u0159ebuje \u017e\u00e1dn\u00e9ho dal\u0161\u00edho v\u00fdkladu. Jsme p\u0159esv\u011bd\u010deni, \u017ee n\u011bkte\u0159\u00ed rakou\u0161t\u00ed politici v t\u011bchto intenc\u00edch skute\u010dn\u011b pracuj\u00ed a p\u0159\u00edmo \u010di nep\u0159\u00edmo podporuj\u00ed \u010dinnost SL\u00d6, kter\u00fd se soustavn\u011b hrub\u00fdm zp\u016fsobem vm\u011b\u0161uje do na\u0161ich vnit\u0159n\u00edch z\u00e1le\u017eitost\u00ed, zvl\u00e1\u0161\u0165 zavr\u017een\u00edhodn\u00fdm zp\u016fsobem napad\u00e1 n\u011bkter\u00e9 na\u0161e d\u0159\u00edv\u011bj\u0161\u00ed i sou\u010dasn\u00e9 p\u0159edstavitele, n\u00e1\u0161 pr\u00e1vn\u00ed \u0159\u00e1d a vede ji\u017e dlouhodob\u011b obludnou proti\u010deskou kampa\u0148 spojenou se snahou o p\u0159episov\u00e1n\u00ed d\u011bjin. Domn\u00edv\u00e1me se d\u00e1le d\u016fvodn\u011b, \u017ee t\u00e9\u017e rakousk\u00e1 vl\u00e1da, \u010di alespo\u0148 jej\u00ed \u010d\u00e1st, a i n\u011bkter\u00e9 dal\u0161\u00ed \u00fastavn\u00ed org\u00e1ny a \u010dinitel\u00e9 pracuj\u00ed ve smyslu v\u00fd\u0161e uveden\u00e9 \u017e\u00e1dosti Sudeton\u011bmeck\u00e9 rady.<\/span><\/span><\/p>\n<p style=\"text-align: justify;\"><span class=\"userContent\"><span class=\"text_exposed_show\">Spolupr\u00e1ce mezi rakousk\u00fdmi st\u00e1tn\u00edmi \u010diniteli a \u201esudeton\u011bmeck\u00fdm landsman\u0161aftem\u201c bohu\u017eel prob\u00edh\u00e1 n\u011bkdy i na \u00fazem\u00ed \u010cR. Sudetendeutsche Zeitung ze dne 20.11.2009 informovaly, \u017ee pan\u00ed dr. Margot Klestilov\u00e1 \u2013 L\u00f6fflerov\u00e1, velvyslankyn\u011b Rakousk\u00e9 republiky v \u010cR, p\u0159ed sv\u00fdm odchodem na sv\u00e9 nov\u00e9 p\u016fsobi\u0161t\u011b, nav\u0161t\u00edvila tzv. kancel\u00e1\u0159 SL v Praze. Jej\u00edmu vedouc\u00edmu, Petru Bartonovi, pod\u011bkovala za v\u00fdbornou \u010dinnost kancel\u00e1\u0159e v z\u00e1jmu porozum\u011bn\u00ed mezi vyhnan\u00fdmi a \u010desk\u00fdm obyvatelstvem. Pan\u00ed velvyslankyn\u011b u\u010dinila toto prohl\u00e1\u0161en\u00ed, i kdy\u017e j\u00ed musela b\u00fdt zn\u00e1m\u00e1 skute\u010dnost, \u017ee v\u011bt\u0161inov\u00e1 \u010desk\u00e1 ve\u0159ejnost odm\u00edt\u00e1 nejen dosavadn\u00ed p\u016fsoben\u00ed t\u00e9to tzv. kancel\u00e1\u0159e, je\u017e vn\u00edm\u00e1 jako \u0161kodliv\u00e9 pro n\u00e1\u0161 n\u00e1rod , ale i samu jej\u00ed existenci v \u010cR.<\/span><\/span><\/p>\n<p style=\"text-align: justify;\"><span class=\"userContent\"><span class=\"text_exposed_show\">Mezi z\u00e1kladn\u00ed z\u00e1sady platn\u00e9ho mezin\u00e1rodn\u00edho pr\u00e1va pat\u0159\u00ed i princip nevm\u011b\u0161ov\u00e1n\u00ed se do vnit\u0159n\u00edch z\u00e1le\u017eitost\u00ed st\u00e1t\u016f. Domn\u00edv\u00e1me se, \u017ee i tento princip pan H. Fischer, prezident Rakousk\u00e9 republiky, uveden\u00fdm vyj\u00e1d\u0159en\u00edm o dekretech prezidenta republiky poru\u0161il. <\/span><\/span><\/p>\n<p style=\"text-align: justify;\"><span class=\"userContent\"><span class=\"text_exposed_show\">Je mo\u017en\u00e9, \u017ee pan prezident H. Fischer, a mo\u017en\u00e1, \u017ee i n\u011bkte\u0159\u00ed dal\u0161\u00ed rakou\u0161t\u00ed politici, nem\u011bl a dosud nem\u00e1 pot\u0159ebn\u00e9 informace o dekretech prezidenta republiky, kter\u00e9 napadl. Chceme proto alespo\u0148 v kr\u00e1tkosti zd\u016fraznit, \u017ee pro na\u0161i republiku v dob\u011b v\u00e1le\u010dn\u00e9, a bezprost\u0159edn\u011b pov\u00e1le\u010dn\u00e9, nem\u011bly dekrety prezidenta republiky \u017e\u00e1dnou alternativu, Ti, kte\u0159\u00ed dekret\u00e1ln\u00ed normotvorbu tehdy neuzn\u00e1vali, \u0161lo o nepo\u010detnou skupinu pron\u011bmeck\u00fdch kolaborant\u016f po v\u00e1lce vesm\u011bs odsouzen\u00fdch, a nacist\u016f, vych\u00e1zeli z tzv. protektor\u00e1tn\u00edho a \u0159\u00ed\u0161sk\u00e9ho pr\u00e1va, je\u017e bylo souhrnem n\u00e1m nacistickou moc\u00ed vnucen\u00fdch i zlo\u010dinn\u00fdch pr\u00e1vn\u00edch norem, slou\u017e\u00edc\u00edch ke genocid\u011b na\u0161eho n\u00e1roda. <\/span><\/span><\/p>\n<p style=\"text-align: justify;\"><span class=\"userContent\"><span class=\"text_exposed_show\">Nechceme nyn\u00ed otev\u00edrat ot\u00e1zky, zda nacisti\u010dt\u00ed zlo\u010dinci byly v Rakousku st\u00edh\u00e1n\u00ed a \u0159\u00e1dn\u011b trest\u00e1ni, zda rakousk\u00e9 z\u00e1konod\u00e1rstv\u00ed v tomto sm\u011bru bylo dostate\u010dn\u00e9, \u010di odsuzovat n\u011bjak\u00e9 dal\u0161\u00ed z\u00e1kony a \u017e\u00e1dat jejich zru\u0161en\u00ed nebo alespo\u0148 po\u017eadovat jejich novelizaci. Nechceme \u010dinit to, co sami odsuzujeme, co v t\u011bchto souvislostech pova\u017eujeme za zcela nesmysln\u00e9.<\/span><\/span><\/p>\n<p style=\"text-align: justify;\"><span class=\"userContent\"><span class=\"text_exposed_show\">Zast\u00e1v\u00e1me stanovisko, \u017ee v\u0161echny st\u00e1ty by m\u011bly plnit sv\u00e9 smlouvy, kter\u00e9 uzav\u0159ely. To se tak\u00e9 t\u00fdk\u00e1 Rakouska. Dokonce ani p\u0159edvolebn\u00ed kampa\u0148 by na tomto principu nem\u011bla nic zm\u011bnit. St\u00e1tn\u00ed hlediska by m\u011bla p\u0159ev\u00e1\u017eit nad jak\u00fdmkoliv p\u0159edvolebn\u00edm politika\u0159en\u00edm, zam\u011b\u0159en\u00fdm na kr\u00e1tkodob\u00e9 d\u00edl\u010d\u00ed a n\u011bkdy jen pomysln\u00e9 zisky.<\/span><\/span><\/p>\n<p style=\"text-align: justify;\"><span class=\"userContent\"><span class=\"text_exposed_show\">Domn\u00edv\u00e1me se, \u017ee p\u0159\u00edslu\u0161n\u00e9 \u00fastavn\u00ed org\u00e1ny \u010cesk\u00e9 republiky by m\u011bly proti v\u00fd\u0161e uveden\u00fdm i dal\u0161\u00edm v\u00fdrok\u016fm pana H. Fischera protestovat a diplomatickou cestou po\u017e\u00e1dat, aby se nap\u0159\u00ed\u0161t\u011b podobn\u00fdch v\u00fdrok\u016f zdr\u017eel. P\u0159i t\u00e9to p\u0159\u00edle\u017eitosti by m\u011bly sou\u010dasn\u011b rakousk\u00e9 org\u00e1ny t\u00e9\u017e po\u017e\u00e1dat o p\u0159im\u011b\u0159en\u00fd z\u00e1sah proti neonacistick\u00fdm a dal\u0161\u00edm extr\u00e9mistick\u00fdm organizac\u00edm, kter\u00e9 svou \u010dinnost\u00ed ji\u017e dlouhodob\u011b naru\u0161uj\u00ed nejen sousedsk\u00e9 vztahy mezi na\u0161imi st\u00e1ty. <\/span><\/span><\/p>\n<p style=\"text-align: justify;\"><span class=\"userContent\"><span class=\"text_exposed_show\">Domn\u00edv\u00e1me se, \u017ee na tyto a podobn\u00e9 akce je \u00fastavn\u00ed povinnost\u00ed na\u0161ich \u00fastavn\u00edch org\u00e1n\u016f odpov\u011bd\u011bt p\u0159\u00edslu\u0161n\u00fdmi diplomatick\u00fdmi kroky. <\/span><\/span><\/p>\n<p style=\"text-align: justify;\"><span class=\"userContent\"><span class=\"text_exposed_show\">Ml\u010den\u00ed, p\u0159edst\u00edr\u00e1n\u00ed, \u017ee se nic nestalo a o nic nejde, je tak\u00e9 odpov\u011bd\u00ed, ne v\u0161ak rakousk\u00e9 stran\u011b, ale n\u00e1m ob\u010dan\u016fm.<\/span><\/span><\/p>\n<p style=\"text-align: justify;\"><span class=\"userContent\"><span class=\"text_exposed_show\">V Praze dne 8. b\u0159ezna 2010 <\/span><\/span><\/p>\n<p style=\"text-align: justify;\"><span class=\"userContent\"><span class=\"text_exposed_show\">JUDr. O. Tule\u0161kov<\/span><\/span><\/p>\n","protected":false},"excerpt":{"rendered":"<p>K poselstv\u00ed Heinze Fischera, prezidenta Rakousk\u00e9 republiky, sudeton\u011bmeck\u00e9mu landsman\u0161aftu v Rakousku Pan H. Fischer v pozdravn\u00e9m poselstv\u00ed tzv. sudeton\u011bmeck\u00e9mu landsman\u0161aftu<\/p>\n","protected":false},"author":1,"featured_media":1986,"comment_status":"open","ping_status":"open","sticky":false,"template":"","format":"standard","meta":{"_mi_skip_tracking":false,"_exactmetrics_sitenote_active":false,"_exactmetrics_sitenote_note":"","_exactmetrics_sitenote_category":0},"categories":[9],"tags":[47,223],"_links":{"self":[{"href":"http:\/\/novysmer.cz\/index.php\/wp-json\/wp\/v2\/posts\/1987"}],"collection":[{"href":"http:\/\/novysmer.cz\/index.php\/wp-json\/wp\/v2\/posts"}],"about":[{"href":"http:\/\/novysmer.cz\/index.php\/wp-json\/wp\/v2\/types\/post"}],"author":[{"embeddable":true,"href":"http:\/\/novysmer.cz\/index.php\/wp-json\/wp\/v2\/users\/1"}],"replies":[{"embeddable":true,"href":"http:\/\/novysmer.cz\/index.php\/wp-json\/wp\/v2\/comments?post=1987"}],"version-history":[{"count":0,"href":"http:\/\/novysmer.cz\/index.php\/wp-json\/wp\/v2\/posts\/1987\/revisions"}],"wp:featuredmedia":[{"embeddable":true,"href":"http:\/\/novysmer.cz\/index.php\/wp-json\/wp\/v2\/media\/1986"}],"wp:attachment":[{"href":"http:\/\/novysmer.cz\/index.php\/wp-json\/wp\/v2\/media?parent=1987"}],"wp:term":[{"taxonomy":"category","embeddable":true,"href":"http:\/\/novysmer.cz\/index.php\/wp-json\/wp\/v2\/categories?post=1987"},{"taxonomy":"post_tag","embeddable":true,"href":"http:\/\/novysmer.cz\/index.php\/wp-json\/wp\/v2\/tags?post=1987"}],"curies":[{"name":"wp","href":"https:\/\/api.w.org\/{rel}","templated":true}]}}