{"id":2010,"date":"2013-03-23T13:39:35","date_gmt":"2013-03-23T12:39:35","guid":{"rendered":"http:\/\/novysmer.cz\/index.php\/2013\/03\/23\/konec-francouzske-nadvlady-v-indoin-2\/"},"modified":"2013-03-23T13:39:35","modified_gmt":"2013-03-23T12:39:35","slug":"konec-francouzske-nadvlady-v-indoin-2","status":"publish","type":"post","link":"http:\/\/novysmer.cz\/index.php\/2013\/03\/23\/konec-francouzske-nadvlady-v-indoin-2\/","title":{"rendered":"Konec francouzsk\u00e9 nadvl\u00e1dy v Indo\u010d\u00edn\u011b (2)"},"content":{"rendered":"<p style=\"text-align: justify;\"><strong><img loading=\"lazy\" class=\" alignleft size-full wp-image-2009\" style=\"float: left;\" alt=\"castries\" src=\"http:\/\/novysmer.cz\/wp-content\/uploads\/2013\/03\/castries.jpg\" height=\"148\" width=\"120\" \/>Cel\u00e9 obdob\u00ed v\u00fdvoje sv\u011bta po druh\u00e9 sv\u011btov\u011b v\u00e1lce je v\u00fdrazn\u011b poznamen\u00e1no bojem vietnamsk\u00e9ho lidu za svobodu a nez\u00e1vislost. Nen\u00ed snad ve sv\u011bt\u011b druh\u00e9 zem\u011b, kter\u00e1 by v tomto obdob\u00ed v\u00edc trp\u011bla a jej\u00ed\u017e lid by musel p\u0159in\u00e1\u0161et v\u011bt\u0161\u00ed ob\u011bti, aby dos\u00e1hl svobody a mohl za\u010d\u00edt budovat m\u00edrovou budoucnost.<\/strong><\/p>\n<p> <!--more--> <\/p>\n<p style=\"text-align: justify;\"><strong>VOJENSK\u00c9 V\u00cdT\u011aZSTV\u00cd<\/strong><\/p>\n<p style=\"text-align: justify;\">Vietnamsk\u00e1 lidov\u00e1 arm\u00e1da dob\u0159e zv\u00e1\u017eila situaci a rozhodla se k&nbsp;je\u0161t\u011b v\u011bt\u0161\u00ed izolaci pos\u00e1dky v Dien-bien-phu. Dobyla nap\u0159\u00edklad z\u00e1kladnu v Laichu, a tak nejbli\u017e\u0161\u00ed op\u011brn\u00fd francouzsk\u00fd bod od Dien-bien-phu byl bu\u010f 300 kilometr\u016f v\u00fdchodn\u011b v tonkinsk\u00e9 delt\u011b, nebo 200 kilometr\u016f na z\u00e1pad u laosk\u00e9ho Luangprabang. Sou\u010dasn\u011b zv\u00fd\u0161ili Vietnam sv\u016fj tlak na tyto francouzsk\u00e9 z\u00e1kladny, tak\u017ee&nbsp; z&nbsp;nich nebylo mo\u017eno p\u0159esunovat dal\u0161\u00ed jednotky do Dien-bien-phu.<\/p>\n<p style=\"text-align: justify;\">Dien-bien-phu se st\u00e1le v\u00edce st\u00e1valo pevnost\u00ed ztracenou v d\u017eungli. Prezident Ho \u010ci Min v\u00fdsti\u017en\u011b charakterizoval situaci v t\u00e9to oblasti: <em>\u201eTo je Dien-bien-phu,&#8220;<\/em> \u0159ekl a za\u0165ukal svou obr\u00e1cenou tropickou p\u0159\u00edlbou o st\u016fl. <em>\u201eZde jsou hory,&#8220;<\/em> a jeho \u0161t\u00edhl\u00e9 prsty b\u011b\u017eely po okraji p\u0159\u00edlby, <em>\u201ea tak\u00e9 my. A tady dole,&#8220;<\/em> a jeho p\u011bst se vno\u0159ila do p\u0159\u00edlby, <em>\u201eje \u00fadol\u00ed Dien-bien-phu. Tam jsou tak\u00e9 Francouzi. Ven se nedostanou. M\u016f\u017ee to trvat d\u00e9le, ale ven se nedostanou,&#8220;<\/em> opakoval.<\/p>\n<p style=\"text-align: justify;\">Situace se p\u0159esn\u011b vyv\u00edjela tak, jak to p\u0159edpov\u011bd\u011bli vietnam\u0161t\u00ed velitel\u00e9. Neponechali toti\u017e nic n\u00e1hod\u011b a ud\u011blali v\u0161e, aby mohli v\u00fdhodn\u00e9 podm\u00ednky maxim\u00e1ln\u011b vyu\u017e\u00edt. Vedle neust\u00e1l\u00fdch \u00fatok\u016f na francouzsk\u00e9 z\u00e1kladny, odkud mohla <em>Dien-bien-phu<\/em> p\u0159ij\u00edt pomoc, podnikli \u0159adu sabot\u00e1\u017en\u00edch a diverzn\u00edch akc\u00ed na leti\u0161t\u00edch, odkud m\u011bla startovat letadla na pomoc pos\u00e1dce obkl\u00ed\u010den\u00e9 v \u00fadol\u00ed <em>Dien-bien-phu.<\/em> Mo\u017enost pomoci obr\u00e1nc\u016fm<em> Dien- Bien-phu<\/em> zven\u010d\u00ed se tedy zmen\u0161ila na minimum.<\/p>\n<p style=\"text-align: justify;\">Sou\u010dasn\u011b prob\u00edhaly v okol\u00ed Dien-bien-phu akce, o nich\u017e francouzsk\u00e9 velen\u00ed nem\u011blo nejmen\u0161\u00ed pon\u011bt\u00ed. V t\u00e9to oblasti nebyly podle francouzsk\u00fdch informac\u00ed \u017e\u00e1dn\u00e9 cesty a ty, kter\u00e9 zde kdysi byly, u\u017e d\u00e1vno m\u011bla pohltit bujn\u00e1 vegetace d\u017eungle. To v\u0161ak byla pravda jen \u010d\u00e1ste\u010dn\u011b. Vietnamsk\u00e1 arm\u00e1da toti\u017e znala stezky, kter\u00e9 Francouzi nikdy neobjevili, a nav\u00edc budovala urychlen\u011b nov\u00e9 p\u0159\u00edstupov\u00e9 cesty do t\u00e9to oblasti. Pod klenbou obrovsk\u00fdch kmen\u016f, skryti p\u0159ed sl\u00edd\u00edc\u00edm leteck\u00fdm pr\u016fzkumem Francouz\u016f, stav\u011bli vietnam\u0161t\u00ed \u017eenist\u00e9 silnice, jimi\u017e mohli k Dien-bien-phu p\u0159isunout i t\u011b\u017ek\u00e9 d\u011blost\u0159electvo a v\u0161e, co pot\u0159ebovali k dlouhodob\u00e9mu obl\u00e9h\u00e1n\u00ed francouzsk\u00e9 pevnosti. A tak se den za dnem v\u00edce upev\u0148oval kruh sv\u00edraj\u00edc\u00ed francouzsk\u00e9 jednotky a dopl\u0148oval se t\u011b\u017ekou v\u00fdzbroj\u00ed, dopravovanou ve skrytu d\u017eungle a na otev\u0159en\u00fdch m\u00edstech za noci, kdy\u017e p\u0159es den byly tyto \u00faseky nov\u00fdch cest bezvadn\u011b maskov\u00e1ny.<\/p>\n<p style=\"text-align: justify;\">Za\u010d\u00e1tkem roku 1954, kdy\u017e Vietnamci zni\u010dili poln\u00ed leti\u0161t\u011b u <em>Dien-bien-phu<\/em>, bylo mo\u017eno pos\u00e1dku z\u00e1sobovat u\u017e jen pomoc\u00ed pad\u00e1k\u016f. Byl to podnik velmi ztr\u00e1tov\u00fd nejen proto, \u017ee velk\u00fd po\u010det letadel byl p\u0159i tomto man\u00e9vru sest\u0159elen, ale velmi \u010dasto se st\u00e1valo, \u017ee se z\u00e1soby m\u00edsto do rukou francouzsk\u00fdch obr\u00e1nc\u016f pevnosti dostaly k jejich vietnamsk\u00fdm obl\u00e9hatel\u016fm. Por\u00e1\u017eka u Dien-hien-phu byla jen ot\u00e1zkou \u010dasu a to si uv\u011bdomovali i francouz\u0161t\u00ed gener\u00e1lov\u00e9. Inspek\u010dn\u00ed cesta ministra n\u00e1rodn\u00ed obrany Ren\u00e9 Plevena a n\u00e1\u010deln\u00edka gener\u00e1ln\u00edho \u0161t\u00e1bu gener\u00e1la Paula Elyho vyzn\u011bla velmi tristn\u011b: \u201ePravd\u011bpodobn\u011b nebudeme moci dos\u00e1hnout vojensk\u00e9ho rozhodnut\u00ed; maximum, v n\u011b\u017e m\u016f\u017eeme doufat, je vytvo\u0159it vojensk\u00e9 podm\u00ednky co nejp\u0159\u00edzniv\u011bj\u0161\u00ed pro politick\u00e9 \u0159e\u0161en\u00ed probl\u00e9mu.&#8220;<\/p>\n<p style=\"text-align: justify;\">Voj\u00e1ci tedy zcela jasn\u011b p\u0159enech\u00e1vali odpov\u011bdnost a rozhodnut\u00ed politik\u016fm. Byla zde u\u017e jen jedin\u00e1 vojensk\u00e1 mo\u017enost, o n\u00ed\u017e uva\u017eoval tehdej\u0161\u00ed francouzsk\u00fd ministr zahrani\u010dn\u00edch v\u011bc\u00ed <em>Georges Hidault<\/em> p\u0159i sv\u00fdch porad\u00e1ch se st\u00e1tn\u00edm tajemn\u00edkem USA <em>Johnem Fosterem Dullesem<\/em> &#8211; atomov\u00e1 bomba. P\u0159ed tv\u00e1\u0159\u00ed sv\u011btov\u00e9 ve\u0159ejnosti se tehdej\u0161\u00ed prezident USA <em>Dwight Eisenhower<\/em> neodv\u00e1\u017eil s\u00e1hnout k t\u00e9to zbrani, o jej\u00edch\u017e stra\u0161n\u00fdch d\u016fsledc\u00edch si jako voj\u00e1k dovedl sp\u00ed\u0161e ud\u011blat p\u0159edstavu ne\u017e civilist\u00e9. Proti svr\u017een\u00ed atomov\u00e9 bomby se vyslovila britsk\u00e1 vl\u00e1da, kter\u00e1 se ob\u00e1vala d\u016fsledk\u016f, je\u017e by takov\u00fd krok mohl m\u00edt mezi n\u00e1rodn\u011b osvobozeneck\u00fdm hnut\u00edm v britsk\u00fdch koloni\u00edch.<\/p>\n<p style=\"text-align: justify;\">A tak z\u016fstala pos\u00e1dka Dien-bien-phu ponech\u00e1na sv\u00e9mu osudu. N\u011bkolik pokus\u016f o pr\u016flom bylo odra\u017eeno, leteck\u00fd most pro evakuaci nebyl pro nezp\u016fsobilost ter\u00e9nu mo\u017en\u00fd, a d\u0159\u00edve ne\u017e by voj\u00e1ci toto \u0159e\u0161en\u00ed proti reak\u010dn\u00edm politik\u016fm pou\u017eili, dobyli u\u017e Vietnamci \u0159adu op\u011brn\u00fdch bod\u016f a p\u00e1d sam\u00e9ho<em> Dien-bien-phu<\/em> byl jen ot\u00e1zkou n\u011bkolika dn\u00ed.<\/p>\n<p style=\"text-align: justify;\">Francouzsk\u00e1 reakce se je\u0161t\u011b pokou\u0161ela mobilizovat sv\u011btov\u00e9 ve\u0159ejn\u00e9 m\u00edn\u011bn\u00ed proti Vietnamc\u016fm tvrzen\u00edm, \u017ee odm\u00edtaj\u00ed evakuaci ran\u011bn\u00fdch Francouz\u016f. Tuto akci rozbilo samo francouzsk\u00e9 vrchn\u00ed velen\u00ed, kter\u00e9 vyj\u00e1d\u0159ilo \u201ez\u00e1stupc\u016fm vrchn\u00edho velitelstv\u00ed <em>Vietnamsk\u00e9 lidov\u00e9 arm\u00e1dy<\/em> pod\u011bkov\u00e1n\u00ed za lidskou pozornost, je\u017e jim umo\u017enila pe\u010dovat o francouzsk\u00e9 ran\u011bn\u00e9&#8220;, a podobn\u011b francouz\u0161t\u00ed l\u00e9ka\u0159i potvrdili mimo\u0159\u00e1dnou p\u00e9\u010di Vietnamc\u016f o ran\u011bn\u00e9 nep\u0159\u00e1tele.<\/p>\n<p style=\"text-align: justify;\">Za\u010d\u00e1tkem kv\u011btna 1954 padal jeden op\u011brn\u00fd bod za druh\u00fdm a 7. kv\u011btna 1954 byl zajat i velitel pevnosti gener\u00e1l <em>de Castries. (obr.)<\/em> <em>Vietnamsk\u00e1 lidov\u00e1 arm\u00e1da<\/em> dos\u00e1hla obrovsk\u00e9ho v\u00edt\u011bzstv\u00ed, kter\u00e9 nejen rozhodlo o osudu francouzsk\u00e9 nadvl\u00e1dy v Indo\u010d\u00edn\u011b, ale z\u00e1rove\u0148 i ot\u0159\u00e1slo francouzsk\u00fdm kolonialismem tak siln\u011b, \u017ee u\u017e se z t\u00e9to r\u00e1ny nikdy nevzpamatoval. Vietnamsk\u00e9 v\u00edt\u011bzstv\u00ed bylo rovn\u011b\u017e obrovsk\u00fdm povzbuzen\u00edm n\u00e1rodn\u011b osvobozeneck\u00e9ho hnut\u00ed na cel\u00e9m sv\u011bt\u011b, nebo\u0165 bylo d\u016fkazem, \u017ee koloniz\u00e1tory lze porazit; z\u00e1rove\u0148 se potvrdilo, \u017ee n\u00e1rodn\u011b osvobozeneck\u00e9 hnut\u00ed koloni\u00e1ln\u00edch n\u00e1rod\u016f m\u016f\u017ee i v mezin\u00e1rodn\u00edm m\u011b\u0159\u00edtku po\u010d\u00edtat s pomoc\u00ed a podporou.<\/p>\n<p style=\"text-align: justify;\"><em>Pokra\u010dov\u00e1n\u00ed<\/em><\/p>\n","protected":false},"excerpt":{"rendered":"<p>Cel\u00e9 obdob\u00ed v\u00fdvoje sv\u011bta po druh\u00e9 sv\u011btov\u011b v\u00e1lce je v\u00fdrazn\u011b poznamen\u00e1no bojem vietnamsk\u00e9ho lidu za svobodu a nez\u00e1vislost. Nen\u00ed snad<\/p>\n","protected":false},"author":1,"featured_media":2009,"comment_status":"open","ping_status":"open","sticky":false,"template":"","format":"standard","meta":{"_mi_skip_tracking":false,"_exactmetrics_sitenote_active":false,"_exactmetrics_sitenote_note":"","_exactmetrics_sitenote_category":0},"categories":[9],"tags":[181,134],"_links":{"self":[{"href":"http:\/\/novysmer.cz\/index.php\/wp-json\/wp\/v2\/posts\/2010"}],"collection":[{"href":"http:\/\/novysmer.cz\/index.php\/wp-json\/wp\/v2\/posts"}],"about":[{"href":"http:\/\/novysmer.cz\/index.php\/wp-json\/wp\/v2\/types\/post"}],"author":[{"embeddable":true,"href":"http:\/\/novysmer.cz\/index.php\/wp-json\/wp\/v2\/users\/1"}],"replies":[{"embeddable":true,"href":"http:\/\/novysmer.cz\/index.php\/wp-json\/wp\/v2\/comments?post=2010"}],"version-history":[{"count":0,"href":"http:\/\/novysmer.cz\/index.php\/wp-json\/wp\/v2\/posts\/2010\/revisions"}],"wp:featuredmedia":[{"embeddable":true,"href":"http:\/\/novysmer.cz\/index.php\/wp-json\/wp\/v2\/media\/2009"}],"wp:attachment":[{"href":"http:\/\/novysmer.cz\/index.php\/wp-json\/wp\/v2\/media?parent=2010"}],"wp:term":[{"taxonomy":"category","embeddable":true,"href":"http:\/\/novysmer.cz\/index.php\/wp-json\/wp\/v2\/categories?post=2010"},{"taxonomy":"post_tag","embeddable":true,"href":"http:\/\/novysmer.cz\/index.php\/wp-json\/wp\/v2\/tags?post=2010"}],"curies":[{"name":"wp","href":"https:\/\/api.w.org\/{rel}","templated":true}]}}