{"id":2207,"date":"2015-04-27T17:58:57","date_gmt":"2015-04-27T15:58:57","guid":{"rendered":"http:\/\/novysmer.cz\/index.php\/2015\/04\/27\/ne-gavrilo-princip-stiskl-spou\/"},"modified":"2015-04-27T17:58:57","modified_gmt":"2015-04-27T15:58:57","slug":"ne-gavrilo-princip-stiskl-spou","status":"publish","type":"post","link":"http:\/\/novysmer.cz\/index.php\/2015\/04\/27\/ne-gavrilo-princip-stiskl-spou\/","title":{"rendered":"Ne\u017e Gavrilo Princip stiskl spou\u0161\u0165"},"content":{"rendered":"<p><strong><img loading=\"lazy\" class=\" alignleft size-full wp-image-2204\" style=\"float: left;\" alt=\"gavrilo-princip\" src=\"http:\/\/novysmer.cz\/wp-content\/uploads\/2015\/04\/gavrilo-princip.jpg\" height=\"117\" width=\"120\" \/>Evropa a sarajevsk\u00fd atentat<\/strong><\/p>\n<p><strong><br \/><\/strong><\/p>\n<p><strong><br \/><\/strong><\/p>\n<p><strong><br \/><\/strong><\/p>\n<p><strong><br \/><\/strong><\/p>\n<p><strong><br \/><\/strong><\/p>\n<p> <!--more--> <\/p>\n<p style=\"text-align: justify;\">&nbsp;<\/p>\n<p style=\"text-align: justify;\">V posledn\u00edch deseti letech jsme sv\u011bdky z\u0159ejm\u00e9 revize historick\u00fdch proces\u016f vztahuj\u00edc\u00edch se k novodob\u00e9 historii Evropy a Spojen\u00fdch st\u00e1t\u016f. Vzhledem k v\u00fdro\u010d\u00ed atent\u00e1tu v Sarajevu a tak\u00e9 v\u00fdro\u010d\u00ed za\u010d\u00e1tku prvn\u00ed sv\u011btov\u00e9 v\u00e1lky jsou tyto revize zam\u011b\u0159eny na ot\u00e1zku odpov\u011bdnosti za vypuknut\u00ed Velk\u00e9, respektive prvn\u00ed sv\u011btov\u00e9 v\u00e1lky.<\/p>\n<p style=\"text-align: justify;\">T\u00e9m\u011b\u0159 nen\u00ed st\u00e1t na evropsk\u00e9m kontinentu, kde se neobjev\u00ed \u201enov\u00e9 pohledy\u201c na dolo\u017een\u00e9 historick\u00e9 skute\u010dnosti t\u00fdkaj\u00edc\u00ed se odpov\u011bdnosti za vypuknut\u00ed sv\u011btov\u00e9ho st\u0159etu.<\/p>\n<p style=\"text-align: justify;\">To se t\u00fdk\u00e1 p\u0159edev\u0161\u00edm N\u011bmecka, Rakouska, USA a dal\u0161\u00edch st\u00e1t\u016f. Ve v\u011bt\u0161\u00ed \u010di men\u0161\u00ed tichosti jsou zve\u0159ej\u0148ov\u00e1ny slo\u017eky dokument\u016f, ti\u0161t\u011bn\u00e9 monografie r\u016fzn\u00e9 d\u011bjepisn\u00e9 hodnoty, rozkv\u00e9tala publicistika, ob\u010das se objevovaly rozhovory, atd. To v\u0161e se d\u011blo se z\u00e1m\u011brem (n\u011bkdy s v\u011bt\u0161\u00edm a n\u011bkdy s men\u0161\u00edm halasem), aby se v dan\u00fd okam\u017eik pou\u017eilo to, \u010deho jsme v posledn\u00edch letech a obzvl\u00e1\u0161\u0165 v lo\u0148sk\u00e9m roce sv\u011bdky.<\/p>\n<p style=\"text-align: justify;\">Navzdory tomu, \u017ee Komise pro stanoven\u00ed v\u00e1le\u010dn\u00e9 viny, v jej\u00edm\u017e \u010dele st\u00e1l Ameri\u010dan Robert Lessing, v b\u0159eznu roku 1919 do\u0161la k z\u00e1v\u011bru, \u017ee \u201ev\u00e1lka byla napl\u00e1nov\u00e1na centr\u00e1ln\u00edmi mocnostmi a jej\u00edmi spojenci Bulharskem a Tureckem a je v\u00fdsledkem \u00famysln\u011b realizovan\u00e9ho p\u016fsoben\u00ed rozpoutat ji. Se souhlasem Rakouska-Uherska N\u011bmecko v\u011bdom\u011b odm\u00edtalo \u0159adu smi\u0159uj\u00edc\u00edch n\u00e1vrh\u016f Trojdohody a ma\u0159ilo jej\u00ed opakovan\u00e1 \u00fasil\u00ed zabr\u00e1nit vypuknut\u00ed v\u00e1lky.<\/p>\n<p style=\"text-align: justify;\">C\u00edlem N\u011bmecka bylo dob\u00fdt anglick\u00e9, francouzsk\u00e9, belgick\u00e9 a holandsk\u00e9 kolonie, t\u00e9\u017e p\u0159ebrat Rusku Polsko, Ukrajinu, B\u011blorusko a Pobalt\u00ed a nastolit vlastn\u00ed dominanci nad sv\u011btem.<\/p>\n<p style=\"text-align: justify;\">Rakousko-Uhersko p\u0159ipravovalo pl\u00e1ny na dobyt\u00ed Srbska a \u010cern\u00e9 Hory a podmanit si cel\u00fd Balk\u00e1nsk\u00fd poloostrov. It\u00e1lie m\u011bla z\u00e1m\u011br dob\u00fdt africk\u00e1 \u00fazem\u00ed a Dalm\u00e1cii.<\/p>\n<p style=\"text-align: center;\"><img loading=\"lazy\" class=\" size-full wp-image-2205\" alt=\"franc-ferdinand\" src=\"http:\/\/novysmer.cz\/wp-content\/uploads\/2015\/04\/franc-ferdinand.jpg\" height=\"281\" width=\"450\" \/><\/p>\n<p style=\"text-align: center;\"><em>Arciv\u00e9voda Franti\u0161ek Ferdinand d\u00b4Este s man\u017eelkou \u017dofi\u00ed Chotkovou<\/em><\/p>\n<p style=\"text-align: justify;\">Odp\u016frci N\u011bmecka, p\u0159edev\u0161\u00edm Anglie, Francie a Rusko, kte\u0159\u00ed m\u011bli vlastn\u00ed imperialistick\u00e9 c\u00edle, utvo\u0159ili Trojdohodu: Francie a Rusko ji podepsaly v roce 1893, Francie a Anglie v roce 1904, Anglie. Francie a Rusko v roce 1908. Tak\u00e9 se p\u0159ipravovaly na v\u00e1lku.<\/p>\n<p style=\"text-align: justify;\"><strong>Jejich nejd\u016fle\u017eit\u011bj\u0161\u00ed c\u00edle byly tyto:<\/strong><\/p>\n<p style=\"text-align: justify;\">\u2022 Anglie \u2013 zachovat a roz\u0161\u00ed\u0159it koloni\u00e1ln\u00ed \u0159\u00ed\u0161i dobyt\u00edm n\u011bmeck\u00fdch koloni\u00ed, pak Ir\u00e1k a Palestinu od Turecka a zni\u010dit N\u011bmecko jako sv\u00e9ho \u00fahlavn\u00edho soupe\u0159e.<br \/>\u2022 Francie \u2013 z\u00edskat zp\u011bt Alsasko a Lotrinsko, uloupit od N\u011bmecka S\u00e1rsko a pod\u00edlet se na rozd\u011blen\u00ed n\u011bmeck\u00fdch koloni\u00ed v Africe.<br \/>\u2022 Rusko \u2013 anektovat Hali\u010d a Bukovinu obydlen\u00e9 Ukrajinci, potla\u010dit rakouskouhersk\u00fd vliv na Balk\u00e1n\u011b a nastolit vlastn\u00ed. Odtrhnout od Turecka Bospor a Dardanely a n\u011bkter\u00e9 asijsk\u00e9 oblasti.<br \/>\u2022 Japonsko \u2013 dob\u00fdt n\u011bmeck\u00e9 kolonie na D\u00e1ln\u00e9m v\u00fdchod\u011b, p\u0159\u00edstav Kijao-\u010cao, Karol\u00ednsk\u00e9, Mari\u00e1nsk\u00e9 a Marshallovy ostrovy, n\u011bmeck\u00fd vliv v \u010d\u00ednsk\u00e9 provincii \u0160an-tung nahradit vlastn\u00edm vlivem a z\u00edskat dominantn\u00ed postaven\u00ed na D\u00e1ln\u00e9m v\u00fdchod\u011b jako v\u00fdchoz\u00ed bod pro dobyt\u00ed cel\u00e9 \u010c\u00edny.<\/p>\n<p style=\"text-align: justify;\">Rozpory jsou je\u0161t\u011b v\u00edc zost\u0159eny touhou po osvobozen\u00ed utla\u010dovan\u00fdch n\u00e1rod\u016f \u010cech\u016f, Slov\u00e1k\u016f, Pol\u00e1k\u016f, Ukrajinc\u016f a obyvatel Balk\u00e1nu.<\/p>\n<p style=\"text-align: justify;\">Ud\u00e1losti vyu\u017eilo Rakousko-Uhersko a po domluv\u011b s N\u011bmeckem obvinilo Srbsko a srbskou vl\u00e1du za atent\u00e1t, a 23. \u010dervence 1914 p\u0159edalo srbsk\u00e9 vl\u00e1d\u011b poni\u017euj\u00edc\u00ed ultim\u00e1tum. Vzhledem k vy\u010derp\u00e1n\u00ed zem\u011b v balk\u00e1nsk\u00fdch v\u00e1lk\u00e1ch srbsk\u00e1 vl\u00e1da p\u0159ijala v\u0161echny podm\u00ednky, s v\u00fdjimkou jedn\u00e9.<\/p>\n<p style=\"text-align: center;\"><img loading=\"lazy\" class=\" size-full wp-image-2206\" alt=\"grabez cabrinovic princip\" src=\"http:\/\/novysmer.cz\/wp-content\/uploads\/2015\/04\/grabez_cabrinovic_princip.jpg\" height=\"281\" width=\"450\" \/><\/p>\n<p>&nbsp;<\/p>\n<p><em>Trifko Grabe\u017e, Nedeljko \u010cabrinovi\u0107 a Gavrilo Princip<\/em><\/p>\n<p style=\"text-align: justify;\"><strong>Gavrilo Princip<\/strong> (1894-1918), p\u016fvodem z Bosny a Hercegoviny, nacion\u00e1ln\u00ed revolucion\u00e1\u0159, \u010dlen <em>Mlad\u00e9 Bosny<\/em>. V Sarajevu nav\u0161t\u011bvoval obchodn\u00ed \u0161kolu, pak gymn\u00e1zium, ze kter\u00e9ho byl vylou\u010den v \u0161est\u00e9 t\u0159\u00edd\u011b kv\u016fli vazb\u00e1m s protirakouskou studentskou organizac\u00ed.<\/p>\n<p style=\"text-align: justify;\">Do B\u011blehradu se p\u0159est\u011bhoval v roce 1912 a hl\u00e1sil se jako dobrovoln\u00edk do nadch\u00e1zej\u00edc\u00ed balk\u00e1nsk\u00e9 v\u00e1lky. Nicm\u00e9n\u011b byl odm\u00edtnut a pokra\u010doval ve studiu v B\u011blehrad\u011b, kde tak\u00e9 nav\u00e1zal kontakt s organizac\u00ed \u201eSjednocen\u00ed \u010di smrt\u201c (\u010cern\u00e1 ruka).<\/p>\n<p style=\"text-align: justify;\">Na svat\u00e9ho V\u00edta 28. \u010dervna 1914 Princip \u00fasp\u011b\u0161n\u011b vykonal atent\u00e1t. P\u0159i v\u00fdslechu a na soudn\u00edm procesu se choval hrdinn\u011b a jako mladistv\u00fd byl odsouzen na 20 let tvrd\u00e9ho \u017eal\u00e1\u0159e, ale zem\u0159el na tuberkul\u00f3zu v dubnu 1918 v Terez\u00edn\u011b. Do posledn\u00edch okam\u017eik\u016f \u017eivota se pova\u017eoval za Jugosl\u00e1vce a jeho jazykem, jak se vyj\u00e1d\u0159il, byla srbochorvat\u0161tina.<\/p>\n<p style=\"text-align: justify;\">Z p\u0159\u00edsp\u011bvku Dr. Mom\u010dilo MITROVI\u010cE, v\u011bdeck\u00e9ho pracovn\u00edka \u00dastavu pro novodob\u00e9 d\u011bjiny Srbska, B\u011blehrad<\/p>\n<p style=\"text-align: justify;\">SLOVANSK\u00c1 VZ\u00c1JEMNOST \u010d.180\/2014<\/p>\n<p style=\"text-align: justify;\">Redakce : Slovansk\u00fd v\u00fdbor \u010cR, Pol. v\u011bz\u0148\u016f 9, 111 21, Praha 1<\/p>\n<p style=\"text-align: justify;\">E-mail: <a href=\"mailto:slovanvyborcr@volny.cz\">slovanvyborcr@volny.cz<\/a><\/p>\n<p style=\"text-align: justify;\">Internet: <a target=\"_blank\" href=\"http:\/\/www.slovanskyvyborcr.cz\/\" rel=\"noopener noreferrer\">http:\/\/www.slovanskyvyborcr.cz\/<\/a><\/p>\n","protected":false},"excerpt":{"rendered":"<p>Evropa a sarajevsk\u00fd atentat<\/p>\n","protected":false},"author":1,"featured_media":2204,"comment_status":"open","ping_status":"open","sticky":false,"template":"","format":"standard","meta":{"_mi_skip_tracking":false,"_exactmetrics_sitenote_active":false,"_exactmetrics_sitenote_note":"","_exactmetrics_sitenote_category":0},"categories":[9],"tags":[234,159],"_links":{"self":[{"href":"http:\/\/novysmer.cz\/index.php\/wp-json\/wp\/v2\/posts\/2207"}],"collection":[{"href":"http:\/\/novysmer.cz\/index.php\/wp-json\/wp\/v2\/posts"}],"about":[{"href":"http:\/\/novysmer.cz\/index.php\/wp-json\/wp\/v2\/types\/post"}],"author":[{"embeddable":true,"href":"http:\/\/novysmer.cz\/index.php\/wp-json\/wp\/v2\/users\/1"}],"replies":[{"embeddable":true,"href":"http:\/\/novysmer.cz\/index.php\/wp-json\/wp\/v2\/comments?post=2207"}],"version-history":[{"count":0,"href":"http:\/\/novysmer.cz\/index.php\/wp-json\/wp\/v2\/posts\/2207\/revisions"}],"wp:featuredmedia":[{"embeddable":true,"href":"http:\/\/novysmer.cz\/index.php\/wp-json\/wp\/v2\/media\/2204"}],"wp:attachment":[{"href":"http:\/\/novysmer.cz\/index.php\/wp-json\/wp\/v2\/media?parent=2207"}],"wp:term":[{"taxonomy":"category","embeddable":true,"href":"http:\/\/novysmer.cz\/index.php\/wp-json\/wp\/v2\/categories?post=2207"},{"taxonomy":"post_tag","embeddable":true,"href":"http:\/\/novysmer.cz\/index.php\/wp-json\/wp\/v2\/tags?post=2207"}],"curies":[{"name":"wp","href":"https:\/\/api.w.org\/{rel}","templated":true}]}}