{"id":23,"date":"2007-10-26T15:45:41","date_gmt":"2007-10-26T13:45:41","guid":{"rendered":"http:\/\/novysmer.cz\/index.php\/2007\/10\/26\/nmecko-ve-strategickych-souvislostech-11\/"},"modified":"2007-10-26T15:45:41","modified_gmt":"2007-10-26T13:45:41","slug":"nmecko-ve-strategickych-souvislostech-11","status":"publish","type":"post","link":"http:\/\/novysmer.cz\/index.php\/2007\/10\/26\/nmecko-ve-strategickych-souvislostech-11\/","title":{"rendered":"N\u011aMECKO  VE STRATEGICK\u00ddCH SOUVISLOSTECH (11)"},"content":{"rendered":"<p> <strong><img loading=\"lazy\" class=\" alignleft size-full wp-image-3\" src=\"http:\/\/novysmer.cz\/wp-content\/uploads\/2007\/10\/logo.jpg\" border=\"0\" alt=\"logo\" title=\"logo\" hspace=\"5\" vspace=\"5\" width=\"100\" height=\"65\" align=\"left\" \/>Nov\u00e9 slo\u017eitosti<\/strong>  <\/p>\n<p> <!--more--> <\/p>\n<p> Vl\u00e1da SPD \u2013 FDP, pod veden\u00edm kancl\u00e9\u0159e H. Schmidta (1974-1982) musela \u0159e\u0161it nov\u00e9 probl\u00e9my a slo\u017eitosti. Rozmis\u0165ov\u00e1n\u00ed nov\u00fdch americk\u00fdch raket na \u00fazem\u00ed SRN i dal\u0161\u00edch zem\u00ed \u2013 v prvn\u00ed polovin\u011b 80. let minul\u00e9ho stolet\u00ed \u2013 zkomplikovalo vztahy nejen s \u010ceskoslovenskem.  <\/p>\n<p> Nap\u011bt\u00ed mezi Z\u00e1padem a V\u00fdchodem se vlivem politiky americk\u00e9ho prezidenta R. Reagana stup\u0148ovalo.  <\/p>\n<p> Jedn\u00e1n\u00ed mezi \u010ceskoslovenskem a SRN se zam\u011b\u0159ovalo na obchodn\u00ed v\u00fdm\u011bnu, kulturn\u00ed spolupr\u00e1ci. Ru\u0161iv\u00fdm faktorem, jako i d\u0159\u00edve bylo revan\u0161istick\u00e9 hnut\u00ed.  <\/p>\n<p> <strong>Po roce 1989<\/strong>  <\/p>\n<p> Po mocensk\u00e9m p\u0159evratu v \u010ceskoslovensku v roce 1989-1990 a po sjednocen\u00ed N\u011bmecka do\u0161lo k z\u00e1sadn\u00edm zm\u011bn\u00e1m ve vztaz\u00edch ke SRN. Socialismus byl v Evrop\u011b destruov\u00e1n a nahrazen restaurac\u00ed kapitalismu.  <\/p>\n<p> Mezi \u010cSFR a SRN byla podeps\u00e1na 27. \u00fanora 1992 v Praze  \u201eSmlouva mezi \u010cSFR a SRN o dobr\u00e9m sousedstv\u00ed a p\u0159\u00e1telsk\u00e9 spolupr\u00e1ci.\u201c Smlouva m\u00e1 35 \u010dl\u00e1nk\u016f. Potvrzuje pr\u00e1vn\u00ed kontinuitu \u010deskoslovensk\u00e9ho st\u00e1tu od roku 1918, smlouvu z roku 1973, potvrzuje principy Charty OSN, Z\u00e1v\u011bre\u010dn\u00e9ho aktu helsinsk\u00e9 konference a dal\u0161\u00ed. SRN se zav\u00e1zala, \u017ee bude \u010cSFR pom\u00e1hat p\u0159i za\u010dle\u0148ov\u00e1n\u00ed do celoevropsk\u00fdch struktur. Po rozd\u011blen\u00ed republiky se \u010cR stala \u010dlenem NATO v roce 1999.  <\/p>\n<p> Pr\u016fnik n\u011bmeck\u00e9ho kapit\u00e1lu do \u010cR vytvo\u0159il p\u0159edpoklady pro germanizaci hospod\u00e1\u0159stv\u00ed, prostoru a posl\u00e9ze i lid\u00ed. Tento proces nen\u00ed v z\u00e1jmu na\u0161\u00ed spole\u010dnosti.  <\/p>\n<p> \u201e\u010cesko \u2013 n\u011bmeck\u00e1 deklarace o vz\u00e1jemn\u00fdch vztaz\u00edch a jejich budouc\u00edm rozvoji\u201c byla podeps\u00e1na v Praze 21. ledna 1997.Co do obsahu je odli\u0161n\u00e1 od smlouvy z roku 1992. A zcela v protikladu ke smlouv\u011b z r. 1973 a jej\u00edmu obsahu. Deklarace je problematick\u00e1 a pro v\u011bt\u0161inu na\u0161\u00ed spole\u010dnosti nep\u0159ijateln\u00e1 t\u00edm, \u017ee fal\u0161uje historick\u00e1 fakta z konce druh\u00e9 sv\u011btov\u00e9 v\u00e1lky. Nepravdiv\u011b interpretuje odsun N\u011bmc\u016f z osvobozen\u00e9 \u010cSR po por\u00e1\u017ece N\u011bmecka ve druh\u00e9 sv\u011btov\u00e9 v\u00e1lce. S t\u00edm nelze souhlasit.  <\/p>\n<p> <strong>Odsun N\u011bmc\u016f je pro n\u00e1s uzav\u0159enou ot\u00e1zkou<\/strong>  <\/p>\n<p> Ve SRN od roku 1998 p\u016fsob\u00ed vl\u00e1da SPD \u2013 Zelen\u00ed. Vztahy mezi \u010cR a SRN jsou p\u0159edstaviteli obou zem\u00ed ozna\u010dov\u00e1ny za \u201ebezprobl\u00e9mov\u00e9\u201c. Ve skute\u010dnosti jsou v t\u011bchto vztaz\u00edch probl\u00e9my, o kter\u00fdch se nehovo\u0159\u00ed.  <\/p>\n<p> N\u011bmecko n\u00e1m doposavad neuhradilo v\u00e1le\u010dn\u00e9 reparace. Tak jak to stanovily z\u00e1v\u011bry konference v Postupimi a z nich odvozen\u00e9 dal\u0161\u00ed mezin\u00e1rodn\u00ed dohody, ujedn\u00e1n\u00ed a normy. To je v\u00e1\u017en\u00fd, otev\u0159en\u00fd probl\u00e9m.  <\/p>\n<p> Je skand\u00e1ln\u00ed, \u017ee v hlavn\u00edm m\u011bst\u011b \u010cR, v Praze, p\u016fsob\u00ed kancel\u00e1\u0159 n\u011bmeck\u00fdch revan\u0161istick\u00fdch spolk\u016f a organizac\u00ed. P\u016fsob\u00ed v jejich z\u00e1jmu, zpochyb\u0148uje Postupim, pln\u00ed zpravodajsk\u00e9 \u00fakoly pro revan\u0161istick\u00e9 centr\u00e1ly v Bavorsku. I dal\u0161\u00ed \u010dinnost je nep\u0159ijateln\u00e1.  <\/p>\n<p> Vl\u00e1da \u010cR se chov\u00e1 ne\u010dinn\u011b a velmi podivn\u011b. Spolky odsunut\u00fdch N\u011bmc\u016f z \u010cSR p\u0159ipravuj\u00ed tzv. individu\u00e1ln\u00ed majetkov\u00e9 \u017ealoby v\u016f\u010di na\u0161emu st\u00e1tu. Jsou to z\u00e1m\u011bry, kter\u00e9 nelze trp\u011bt.<br \/> Je skute\u010dnost\u00ed, \u017ee do \u010cR se ze SRN \u0161\u00ed\u0159\u00ed neofa\u0161istick\u00e1 hnut\u00ed. Nejen v podob\u011b tiskovin,  symbol\u016f, ale i akcemi a dal\u0161\u00edmi z\u00e1m\u011bry. Zvl\u00e1\u0161t\u011b k 60. v\u00fdro\u010d\u00ed por\u00e1\u017eky N\u011bmecka ve druh\u00e9 sv\u011btov\u00e9 v\u00e1lce. R\u016fst tohoto hnut\u00ed je velmi z\u0159eteln\u00fd i v zem\u00edch EU.  <\/p>\n<p> Pron\u011bmeck\u00e9 kruhy uvnit\u0159 \u010cR, ve spojen\u00ed s veden\u00edm spolk\u016f odsunut\u00fdch N\u011bmc\u016f organizuj\u00ed uvnit\u0159 \u010cR tzv. Program ob\u010dansk\u00e9 obnovy Sudet. Tento program se m\u00e1 nakonec dostat do Evropsk\u00e9ho parlamentu k \u201eprojedn\u00e1n\u00ed\u201c. Jsou i dal\u0161\u00ed p\u0159\u00edklady.  <\/p>\n<p> Doc. PhDr. Josef Grou\u0161l, CSc.  <\/p>\n<p> Pokra\u010dov\u00e1n\u00ed  <\/p>\n","protected":false},"excerpt":{"rendered":"<p>Nov\u00e9 slo\u017eitosti<\/p>\n","protected":false},"author":1,"featured_media":3,"comment_status":"open","ping_status":"open","sticky":false,"template":"","format":"standard","meta":{"_mi_skip_tracking":false,"_exactmetrics_sitenote_active":false,"_exactmetrics_sitenote_note":"","_exactmetrics_sitenote_category":0},"categories":[9],"tags":[16],"_links":{"self":[{"href":"http:\/\/novysmer.cz\/index.php\/wp-json\/wp\/v2\/posts\/23"}],"collection":[{"href":"http:\/\/novysmer.cz\/index.php\/wp-json\/wp\/v2\/posts"}],"about":[{"href":"http:\/\/novysmer.cz\/index.php\/wp-json\/wp\/v2\/types\/post"}],"author":[{"embeddable":true,"href":"http:\/\/novysmer.cz\/index.php\/wp-json\/wp\/v2\/users\/1"}],"replies":[{"embeddable":true,"href":"http:\/\/novysmer.cz\/index.php\/wp-json\/wp\/v2\/comments?post=23"}],"version-history":[{"count":0,"href":"http:\/\/novysmer.cz\/index.php\/wp-json\/wp\/v2\/posts\/23\/revisions"}],"wp:featuredmedia":[{"embeddable":true,"href":"http:\/\/novysmer.cz\/index.php\/wp-json\/wp\/v2\/media\/3"}],"wp:attachment":[{"href":"http:\/\/novysmer.cz\/index.php\/wp-json\/wp\/v2\/media?parent=23"}],"wp:term":[{"taxonomy":"category","embeddable":true,"href":"http:\/\/novysmer.cz\/index.php\/wp-json\/wp\/v2\/categories?post=23"},{"taxonomy":"post_tag","embeddable":true,"href":"http:\/\/novysmer.cz\/index.php\/wp-json\/wp\/v2\/tags?post=23"}],"curies":[{"name":"wp","href":"https:\/\/api.w.org\/{rel}","templated":true}]}}