{"id":2412,"date":"2017-09-13T21:29:53","date_gmt":"2017-09-13T19:29:53","guid":{"rendered":"http:\/\/novysmer.cz\/index.php\/2017\/09\/13\/eurabie-podvod-na-obcany-evropy\/"},"modified":"2017-09-13T21:29:53","modified_gmt":"2017-09-13T19:29:53","slug":"eurabie-podvod-na-obcany-evropy","status":"publish","type":"post","link":"http:\/\/novysmer.cz\/index.php\/2017\/09\/13\/eurabie-podvod-na-obcany-evropy\/","title":{"rendered":"Eur\u00e1bie &#8211; Podvod na ob\u010dany Evropy"},"content":{"rendered":"<p style=\"text-align: justify;\"><img loading=\"lazy\" class=\" alignleft size-full wp-image-2408\" style=\"float: left;\" src=\"http:\/\/novysmer.cz\/wp-content\/uploads\/2017\/09\/fallaci_o.jpg\" alt=\"\" width=\"149\" height=\"86\" \/>\u00a0<strong>Prvn\u00ed, co bych na \u00favod r\u00e1d podotkl, je skute\u010dnost, \u017ee mus\u00edm odm\u00edtnout ve\u0161ker\u00e9 \u0161katulkov\u00e1n\u00ed lid\u00ed a \u010dernob\u00edl\u00e9 vid\u011bn\u00ed sv\u011bta, kter\u00e9 tak r\u00e1di uplat\u0148uj\u00ed v\u0161ichni dobroserov\u00e9, slun\u00ed\u010dka a dal\u0161\u00ed adepti na sv\u011btskou pravdu, kte\u0159\u00ed maj\u00ed r\u00e1di jednoduch\u00e9 a \u201charmonick\u00e9\u201d vid\u011bn\u00ed sv\u011bta za podpory v\u0161ech mo\u017en\u00fdch i nemo\u017en\u00fdch \u201chatefree\u201d a dal\u0161\u00edch pravdobijn\u00fdch neziskov\u00fdch organizac\u00ed placen\u00fdch z na\u0161ich pen\u011bz !<\/strong><\/p>\n<p>  <!--more-->  <\/p>\n<p style=\"text-align: justify;\">Za druh\u00e9, je t\u0159eba zd\u016fraznit, \u017ee imigra\u010dn\u00ed vlna, kter\u00e1 za\u010dala v roce 2015 a v\u00edce \u010di m\u00e9n\u011b pokra\u010duje dodnes, je pouze d\u016fsledek toho, co za\u010dalo ji\u017e po\u010d\u00e1tkem 70. let a bylo stvrzeno rezoluc\u00ed (!) na tzv. \u0160trasbursk\u00e9 konferenci v roce 1975.<\/p>\n<p style=\"text-align: justify;\">Byli jsme podvedeni, v\u0161ichni, do jednoho. N\u011bmci, Angli\u010dan\u00e9, Francouzi, \u0160pan\u011bl\u00e9, Italov\u00e9, skandin\u00e1vsk\u00e9 n\u00e1rody, \u010ce\u0161i, Pol\u00e1ci, \u0158ekov\u00e9 a v\u016fbec v\u0161ichni ti, zd\u016fraz\u0148uji p\u016fvodn\u00ed obyvatel\u00e9, kte\u0159\u00ed na tomto kontinentu sd\u00edl\u00edme spole\u010dn\u011b prostor. To, \u017ee tu dnes v Evrop\u011b m\u00e1me hordy Arab\u016f, kte\u0159\u00ed prozat\u00edm na z\u00e1pad od n\u00e1s postupn\u011b p\u0159erod\u00ed p\u016fvodn\u00ed obyvatelstvo, m\u011blo po\u010d\u00e1tek v dohod\u00e1ch, kter\u00fdmi se z\u00e1padn\u00ed sv\u011bt op\u011bt upsal pod isl\u00e1msk\u00e9 jho &#8211; tentokr\u00e1t zcela dobrovoln\u011b, mo\u017en\u00e1 za petrodolary, kdo v\u00ed. M\u016f\u017eeme to naz\u00fdvat jak chceme, Evropsk\u00e1 Unie, Eur\u00e1bie, \u010dtvrt\u00e1 \u0159\u00ed\u0161e. Ono je to v podstat\u011b jedno. D\u016fle\u017eit\u00fd je c\u00edl, kam unie jako celek m\u00ed\u0159\u00ed.<\/p>\n<p style=\"text-align: justify;\">Za m\u011bs\u00edc budou volby. Budou i p\u0159edvolebn\u00ed m\u00edtinky, proto vyu\u017eijte sv\u00fdch pr\u00e1v a ptejte se na to. Ptejte se sv\u00fdch mo\u017en\u00e1 budouc\u00edch politik\u016f, jak se k imigraci stav\u00ed, a co s t\u00edm cht\u011bj\u00ed po volb\u00e1ch d\u011blat. A hlavn\u011b, nezapom\u00ednejte. Je to mo\u017en\u00e1 je\u0161t\u011b d\u016fle\u017eit\u011bj\u0161\u00ed ne\u017e vnitrost\u00e1tn\u00ed politika, proto\u017ee tady jde v horizontu n\u011bkolika generac\u00ed doslova o p\u0159e\u017eit\u00ed. A myslete na to tak\u00e9 tehdy, kdy\u017e budete m\u00edjet kebab\u00e1rny, halal restaurace, sm\u011bn\u00e1rny a potraviny t\u0159eba v pra\u017esk\u00e9 Opletalov\u011b ulici a okol\u00ed. Proto\u017ee takto pl\u00ed\u017eiv\u011b to za\u010dalo v\u0161ude jinde v Evrop\u011b. Chci zd\u016fraznit, \u017ee nem\u00e1m nic proti ostatn\u00edm imigrant\u016fm nebo v\u00edr\u00e1m, kter\u00e9 nestav\u00ed svoji v\u00edru na \u00farove\u0148 st\u00e1tu. Ty samoz\u0159ejm\u011b respektuji a mysl\u00edm, \u017ee i v \u010cR s nimi m\u00e1me p\u0159ev\u00e1\u017en\u011b dobr\u00e9 zku\u0161enosti.<\/p>\n<p style=\"text-align: justify;\">Naprosto bravurn\u011b popsala a set\u0159\u00eddila to co p\u0159edch\u00e1zelo dne\u0161n\u00edmu stavu italsk\u00e1 novin\u00e1\u0159ka a spisovatelka, Oriana Fallaci, kter\u00e1 popsala po\u010d\u00e1tek ve sv\u00e9 knize <strong><em>S\u00edla Rozumu:<\/em><\/strong><\/p>\n<p style=\"text-align: center;\"><strong><em><img loading=\"lazy\" class=\" size-full wp-image-2408\" src=\"http:\/\/novysmer.cz\/wp-content\/uploads\/2017\/09\/fallaci_o.jpg\" alt=\"\" width=\"120\" height=\"69\" \/><\/em><\/strong><\/p>\n<p style=\"text-align: justify;\"><strong><em>Kapitola 6. \/ Oriana Fallaci \/<\/em><\/strong><\/p>\n<p style=\"text-align: justify;\">Ne, j\u00e1 to d\u011bsiv\u00e9 pojmenov\u00e1n\u00ed, ten zr\u016fdn\u00fd neologismus, kter\u00fd byl vytvo\u0159en spojen\u00edm slov Evropa a Ar\u00e1bie, nevymyslela. Eur\u00e1bia je n\u00e1zev pl\u00e1tku zalo\u017een\u00e9ho v roce 1975 ofici\u00e1ln\u00edmi str\u016fjci spiknut\u00ed &#8211; organizacemi Middle East International Group (Mezin\u00e1rodn\u00ed spole\u010denstv\u00ed zem\u00ed Bl\u00edzk\u00e9ho v\u00fdchodu) v Lond\u00fdn\u011b, Groupe d\u2019\u00c9tudes sur le Moyen Orient (Spole\u010dnost pro studium Bl\u00edzk\u00e9ho v\u00fdchodu) v \u017denev\u011b a L\u2019Association France-Pays Arabes (Asociace Francie a arabsk\u00fdch zem\u00ed) a Comit\u00e9 Europ\u00e9en de Coordination des Associations d\u2019Amiti\u00e9 avec le Monde Arabe (Evropsk\u00fd v\u00fdbor pro koordinaci asociac\u00ed p\u0159\u00e1tel arabsk\u00e9ho sv\u011bta) v Pa\u0159\u00ed\u017ei. Posledn\u011b jmenovan\u00fd org\u00e1n byl ustaven ad hoc tehdej\u0161\u00edm EHS neboli Evropsk\u00fdm hospod\u00e1\u0159sk\u00fdm spole\u010denstv\u00edm, je\u017e se dnes naz\u00fdv\u00e1 Evropsk\u00e1 unie.\u00a0<\/p>\n<p style=\"text-align: justify;\">Ostatn\u011b z m\u00e9 hlavy nepoch\u00e1zej\u00ed ani d\u016fkazy, je\u017e hodl\u00e1m p\u0159edlo\u017eit. T\u00e9m\u011b\u0159 za v\u0161echny vd\u011b\u010d\u00edme mimo\u0159\u00e1dn\u00e9 studii vyhl\u00e1\u0161en\u00e9 odbornice na isl\u00e1m Bat Ye\u2019or, autorky knihy Islam and Dhimmitude \/ Isl\u00e1m a jinov\u011brci (dhimmitude je francouzsk\u00fd v\u00fdraz vych\u00e1zej\u00edc\u00ed z arabsk\u00e9ho pr\u00e1vn\u00edho term\u00ednu dhimm\u00ed, kter\u00fd ozna\u010duje \u201echr\u00e1n\u011bnce isl\u00e1mu&#8220;, tj. k\u0159es\u0165any, \u017eidy, zoroastrovce, a Bat Ye\u2019or je v p\u0159ekladu Dcera Nilu.) Studie vy\u0161la v prosinci 2002 v Observatoire du Monde Juif (\u017didovsk\u00fd sv\u011bt zbl\u00edzka). \u201eKdybych tak byla schopna dok\u00e1zat, \u017ee Tr\u00f3ja ho\u0159\u00ed vinou kolaborant\u016f!&#8220; vyhrkla jsem jednou na Bat Ye\u2019or s vysv\u011btlen\u00edm, \u017ee \u201ecik\u00e1dy&#8220; dnes naz\u00fdv\u00e1m kolaboranty. \u201eJe to prost\u00e9,&#8220; odv\u011btila. Pot\u00e9 mi poslala (\u017eije ve \u0160v\u00fdcarsku) tuto jedine\u010dnou pr\u00e1ci, p\u0159i jej\u00edm\u017e pro\u010d\u00edt\u00e1n\u00ed m\u011bl \u010dlov\u011bk pocit, jako by nadzved\u00e1val pokli\u010dku hrnce s \u010d\u00edmsi nezn\u00e1m\u00fdm, co v\u0161ak ji\u017e dlouho vyd\u00e1v\u00e1 siln\u00fd z\u00e1pach. N\u00e1doba toti\u017e obsahovala ve\u0161ker\u00e1 nerozv\u00e1\u017en\u00e1 rozhodnut\u00ed sedmdes\u00e1t\u00fdch let, v\u0161echny nep\u0159edlo\u017eenosti, jich\u017e se dopustilo dev\u011bt zem\u00ed EHS.\u00a0<\/p>\n<p style=\"text-align: justify;\">Jako prvn\u00ed kr\u00e1\u010dela Francie prodegaullovsk\u00e9ho Pompidoua, intoxikovan\u00e1 p\u0159\u00edzna\u010dnou napoleonskou dychtivost\u00ed ovl\u00e1dnout Evropu, a soci\u00e1ln\u011bdemokratick\u00e9 N\u011bmecko Willyho Brandta, kter\u00e9 sice rozt\u00ednala ze\u010f, po v\u00e1lce v\u0161ak ji\u017e nabralo nov\u00e9 s\u00edly a bylo p\u0159ipraveno nastolit dal\u0161\u00ed dikt\u00e1t. Vle\u010dky jim p\u0159idr\u017eovali vazalov\u00e9 a komparzist\u00e9. Mezi komparzisty figurovala Anglie, se\u0161l\u00e1 a zesl\u00e1bl\u00e1, tud\u00ed\u017e neschopn\u00e1 udr\u017eet si v\u016fd\u010d\u00ed postaven\u00ed, a ha\u0161te\u0159iv\u00e9 a levi\u010d\u00e1ck\u00e9 Irsko, je\u017e nikdo nebral v\u00e1\u017en\u011b, samo si to v\u0161ak ani trochu nep\u0159ipou\u0161t\u011blo. Mezi vazaly se objevilo doleva uh\u00fdbaj\u00edc\u00ed a lehkov\u00e1\u017en\u00e9 Holandsko, do sebe uzav\u0159en\u00e9 a zmaten\u00e9 D\u00e1nsko, zoufale poddajn\u00e9 Lucembursko, s du\u0161i\u010dkou men\u0161\u00ed ne\u017e jeho rozloha, a Belgie, nav\u011bky p\u0159ipoutan\u00e1 k \u201emaman la France&#8220;. A tak\u00e9 It\u00e1lie, zfanatizovan\u00e1 stoupenkyn\u011b socialisticko-komunistick\u00e9 ideologie, z\u00e1rove\u0148 v\u0161ak serviln\u00ed p\u0159isluhova\u010dka k\u0159es\u0165ansk\u00e9 demokracie. Role loutkovodi\u010de, kter\u00fd tahal za nitky onoho stra\u0161liv\u00e9ho svazku, jen\u017e brzy vy\u00fastil v ubohost zvanou historick\u00fd kompromis, se zhostil proarabsk\u00fd Andreotti. Me\u0161itu v \u0158\u00edm\u011b tehdy sice je\u0161t\u011b milovn\u00edk\u016fm oran\u017e\u00e1dy nep\u0159isl\u00edbil, pomeran\u010dov\u00e9 \u0161\u0165\u00e1vy v\u0161ak vypil p\u0159inejmen\u0161\u00edm tolik, jako komunist\u00e9 zamilovan\u00ed do Arafata. Nikoli n\u00e1hodou st\u00e1l u zrodu italsko-libyjsk\u00e9 bankovn\u00ed korporace, zn\u00e1m\u00e9 pod zkratkou UBAE \u010di n\u00e1zvem Unione delle Banche Arabe ed Europee (Unie arabsk\u00fdch a evropsk\u00fdch bank), a m\u011bl tedy pletky s lotrem Kadd\u00e1f\u00edm. A nyn\u00ed pohle\u010fme, co prav\u00ed studie Bat Ye\u2019or.<\/p>\n<p style=\"text-align: justify;\">P\u00ed\u0161e se v n\u00ed, \u017ee ji\u017e uzr\u00e1l\u00e9 vaj\u00ed\u010dko zmi\u0148ovan\u00e9 konspirace oplodnilo sperma (Bat Ye\u2019or ho naz\u00fdv\u00e1 \u201espou\u0161t\u011b\u010dem&#8220;, \u201erozbu\u0161kou&#8220;), je\u017e vytrysklo 16. a 17. \u0159\u00edjna 1973.<\/p>\n<p style=\"text-align: justify;\">Na konferenci, kterou b\u011bhem jomkipurov\u00e9 neboli ramad\u00e1nov\u00e9 v\u00e1lky uspo\u0159\u00e1dali p\u0159edstavitel\u00e9 zem\u00ed OPEC (<em>Saudsk\u00e9 Ar\u00e1bie, Kuvajtu, \u00cdr\u00e1nu, Ir\u00e1ku, Kataru, Ab\u00fa Dhab\u00ed, Bahrajnu, Al\u017e\u00edrsk\u00e1, Libye<\/em> atd.) v Kuvajt City, kde se usnesli, \u017ee v reakci na aktu\u00e1ln\u00ed situaci ze\u010dty\u0159n\u00e1sob\u00ed cenu ropy. Dva dolary 46 cent\u016f za barel surov\u00e9 ropy vyt\u00e1hli na 9 dolar\u016f 46 cent\u016f. Barel rafinovan\u00e9 ropy st\u00e1l najednou 10 dolar\u016f 46 cent\u016f. Pak uveden\u00e9 zem\u011b ozn\u00e1mily, \u017ee budou s ka\u017ed\u00fdm dal\u0161\u00edm m\u011bs\u00edcem sni\u017eovat t\u011b\u017ebu o 5 procent, uvalily embargo na Spojen\u00e9 st\u00e1ty, D\u00e1nsko a Holandsko a deklarovaly, \u017ee t\u00edmto opat\u0159en\u00edm znev\u00fdhodn\u00ed kohokoli, kdo zam\u00edtne \u010di nepodpo\u0159\u00ed jejich politick\u00e9 po\u017eadavky. Co \u017ee si n\u00e1rokovali?\u00a0<\/p>\n<p style=\"text-align: justify;\">Sta\u017een\u00ed Izraele z okupovan\u00fdch \u00fazem\u00ed, uzn\u00e1n\u00ed Palestiny, zastoupen\u00ed OOP na v\u0161ech m\u00edrov\u00fdch jedn\u00e1n\u00edch a praktickou aplikaci ustanoven\u00ed obsa\u017een\u00e9ho v rezoluci \u010d. 242 Rady bezpe\u010dnosti OSN (zalo\u017een\u00e9 na nekritick\u00e9m pacifismu, kter\u00fd tud\u00ed\u017e stran\u00ed v\u00fdhradn\u011b arabsk\u00fdm st\u00e1t\u016fm, to znamen\u00e1 zakazuje zab\u00edrat jen arabsk\u00e9 \u00fazem\u00ed). P\u0159esto dev\u011bt zem\u00ed EHS vyd\u011bra\u010dsk\u00e9mu ultim\u00e1tu ustoupilo. Po devaten\u00e1cti dnech se sjely do Bruselu a v m\u017eiku podepsaly dokument, v n\u011bm\u017e prohla\u0161ovaly, \u017ee Izrael mus\u00ed opustit okupovan\u00e1 \u00fazem\u00ed, OOP a Arafat maj\u00ed b\u00fdt p\u0159\u00edtomni m\u00edrov\u00fdm jedn\u00e1n\u00edm a ustanoven\u00ed rezoluce \u010d. 242 Rady bezpe\u010dnosti OSN je nedotknuteln\u00e9. 26. listopadu m\u011bli Pompidou s Brandtem dostaven\u00ed\u010dko, jak\u00e9 si Francie s N\u011bmeckem nedovolily od dob Vichy, a v z\u00e1chvatu paniky do\u0161li k z\u00e1v\u011bru, \u017ee je t\u0159eba uspo\u0159\u00e1dat setk\u00e1n\u00ed na nejvy\u0161\u0161\u00ed \u00farovni, aby byl zah\u00e1jen dialog s arabsk\u00fdm sv\u011btem, ba p\u0159\u00edmo nav\u00e1z\u00e1ny pevn\u00e9 p\u0159\u00e1telsk\u00e9 vztahy s Ligou arabsk\u00fdch st\u00e1t\u016f. Pot\u00e9 o sv\u00e9m rozhodnut\u00ed informovali kolegy a&#8230; Po\u010d\u00ednaje It\u00e1li\u00ed v\u0161ichni souhlasili. Ostatn\u011b p\u00e1r dn\u016f nato byl na summitu v Kodani, za p\u0159\u00edtomnosti \u0161ejk\u016f z OPEC, zah\u00e1jen \u201eeuro-arabsk\u00fd dialog&#8220;, a v nadch\u00e1zej\u00edc\u00edm l\u00e9t\u011b n\u00e1sledovalo a\u017e \u0161okuj\u00edc\u00ed mno\u017estv\u00ed konferenc\u00ed a mezin\u00e1rodn\u00edch rozhovor\u016f. V \u010dervnu 1974 se uskute\u010dnil kongres v Bonnu, kter\u00fd nast\u00ednil pl\u00e1n budouc\u00edch krok\u016f. V \u010dervenci v Pa\u0159\u00ed\u017ei zalo\u017eili gener\u00e1ln\u00ed tajemn\u00edk Ligy arabsk\u00fdch st\u00e1t\u016f spolu s p\u0159edsedou Komise EHS Parlamentn\u00ed asociaci pro euro-arabskou spolupr\u00e1ci (zn\u00e1mou t\u00e9\u017e pod n\u00e1zvem Euro-arabsk\u00fd dialog, pozn. p\u0159ekl.), org\u00e1n slo\u017een\u00fd z poslanc\u016f a sen\u00e1tor\u016f r\u016fzn\u00fdch st\u00e1t\u016f EHS. V z\u00e1\u0159\u00ed se uskute\u010dnila konference v Dama\u0161ku, v \u0159\u00edjnu v Rabatu&#8230;<\/p>\n<p style=\"text-align: center;\">* * *<\/p>\n<p style=\"text-align: justify;\">P\u0159ipom\u00edn\u00e1m tato fakta, a a\u010dkoli jsou mi u\u017e d\u016fv\u011brn\u011b zn\u00e1m\u00e1, nemohu se ubr\u00e1nit nev\u011b\u0159\u00edcn\u00e9mu \u00fadivu. I kdy\u017e je to absurdn\u00ed, ne\u0161lo o spiknut\u00ed pokoutn\u011b zosnovan\u00e9 anonymn\u00edmi individui \u010di krimin\u00e1ln\u00edky, s nimi\u017e m\u00e1 co do \u010din\u011bn\u00ed pouze policie \u010di Interpol. Bylo to spiknut\u00ed zinscenovan\u00e9 na denn\u00edm sv\u011btle p\u0159ed zraky n\u00e1s v\u0161ech (za asistence televizn\u00edch kamer), v jeho\u017e \u010dele st\u00e1ly zn\u00e1m\u00e9 vedouc\u00ed osobnosti. Politici neboli lid\u00e9, kter\u00fdm ob\u010dan\u00e9 dali sv\u00e9 volebn\u00ed hlasy, tud\u00ed\u017e svou d\u016fv\u011bru. Konspiraci tedy bylo mo\u017en\u00e9 zastavit, potla\u010dit. Probl\u00e9m tkv\u00ed v tom, \u017ee tito ni\u010demov\u00e9 vyu\u017eili p\u0159\u00edm\u00e9ho denn\u00edho sv\u011btla, kamer, reflektor\u016f a sv\u00e9 skute\u010dn\u00e9 \u010di domn\u011bl\u00e9 presti\u017ee z\u00e1m\u011brn\u011b. Nav\u00edc s takovou bezosty\u0161nost\u00ed, \u017ee to ani nikdo nepost\u0159ehl. Nikdo nepojal sebemen\u0161\u00ed podez\u0159en\u00ed, vysm\u00e1li se n\u00e1m do o\u010d\u00ed jako ministr D. pa\u0159\u00ed\u017esk\u00e9mu prefektovi z pov\u00eddky Edgara Allana Poea Ukraden\u00fd dopis. Zn\u00e1te ji?<\/p>\n<p style=\"text-align: justify;\">Geni\u00e1ln\u00ed a zcela bezp\u00e1te\u0159n\u00ed hrdina, \u201emonstrum horrendum\u201c, schopn\u00e9 p\u00e1chat ty nejv\u011bt\u0161\u00ed hanebnosti &#8211; slavn\u00fd ministr D. &#8211; odciz\u00ed z kr\u00e1lovsk\u00e9ho budo\u00e1ru velmi cenn\u00fd dopis. Dokument, kter\u00fd mu m\u016f\u017ee zajistit nejr\u016fzn\u011bj\u0161\u00ed v\u00fdhody a zni\u010dit sv\u011bt. Pa\u0159\u00ed\u017esk\u00fd prefekt mus\u00ed tedy dopis z\u00edskat zp\u011bt, a jeliko\u017e p\u0159itom nesm\u00ed obvinit z kr\u00e1de\u017ee tak v\u00fdznamnou osobu, zorganizuje fingovanou loupe\u017e.\u00a0<\/p>\n<p style=\"text-align: justify;\">Vnikne do ministrova pal\u00e1ce, prosl\u00edd\u00ed v\u0161echny s\u00e1ly, pokoje, chodby, komory &#8211; ka\u017edi\u010dk\u00fd kout. Prohled\u00e1 z\u00e1suvku po z\u00e1suvce, prolistuje knihu za knihou, prot\u0159epe ka\u017ed\u00fd kousek garderoby. Ov\u0161em marn\u011b. Netvor toti\u017e dopis neukryl, n\u00fdbr\u017e nechal v\u0161em na o\u010d\u00edch. Vlo\u017eil jej do pouzdra, kter\u00e9 se pohupuje na p\u011bkn\u00e9 stu\u017ece z modr\u00e9ho hedv\u00e1b\u00ed, zav\u011b\u0161en\u00e9 na krbu v jeho pracovn\u011b, kde, upozor\u0148uji, p\u0159ij\u00edm\u00e1 v\u0161echny hosty. O krb zavad\u00ed pohledem ka\u017ed\u00fd, kdo vstoup\u00ed do m\u00edstnosti. Dopis opat\u0159en\u00fd pe\u010det\u00ed vy\u010dn\u00edv\u00e1 z pouzdra na dva a\u017e t\u0159i centimetry. V\u0161ichni si ho tedy mohou lehce pov\u0161imnout, vid\u011bl by ho i slepec. A prefekt ho p\u0159esto nezpozoruje. Nebo l\u00e9pe: vid\u00ed jej, jeliko\u017e v\u0161ak nedok\u00e1\u017ee p\u0159ipustit, \u017ee by to byl vskutku on a \u017ee by visel v\u0161em na o\u010d\u00edch &#8211; ka\u017ed\u00e9mu na dosah, ani se ho nedotkne&#8230;\u00a0<\/p>\n<p style=\"text-align: center;\"><img loading=\"lazy\" class=\" size-full wp-image-2411\" src=\"http:\/\/novysmer.cz\/wp-content\/uploads\/2017\/09\/fallaci_sr.jpg\" alt=\"\" width=\"300\" height=\"499\" \/><\/p>\n<p style=\"text-align: justify;\">Jin\u00fdmi slovy: vid\u011bli jsme je, moc dob\u0159e jsme je vid\u011bli, v\u0161echny ty ministry pop\u00edjej\u00edc\u00ed oran\u017e\u00e1du s \u0161ejky, em\u00edry, plukovn\u00edky a sult\u00e1ny. D\u00edvali jsme se na n\u011b v novin\u00e1ch, v televizn\u00edch zpr\u00e1v\u00e1ch. Byli jasn\u011b rozpoznateln\u00ed, jako pouzdro vis\u00edc\u00ed na p\u011bkn\u00e9 stu\u017ece z modr\u00e9ho hedv\u00e1b\u00ed na krbov\u00e9 \u0159\u00edmse. Ov\u0161em vzhledem k tomu, \u017ee n\u00e1s ani na chvilku nenapadlo zkoumat prav\u00fd d\u016fvod pop\u00edjen\u00ed oran\u017e\u00e1dy, nemohli jsme tu\u0161it, \u017ee ukraden\u00fd dopis le\u017e\u00ed v jejich sklenic\u00edch. A tak jsme z\u016fstali slep\u00ed. Pova\u017ete, \u017ee na konferenci v Dama\u0161ku vyslaly evropsk\u00e9 vl\u00e1dy z\u00e1stupce v\u0161ech politick\u00fdch stran. Na konferenci v Rabatu pln\u011b odsouhlasily podm\u00ednky Ligy arabsk\u00fdch st\u00e1t\u016f t\u00fdkaj\u00edc\u00ed se izraelsko-palestinsk\u00e9 ot\u00e1zky. N\u00e1sleduj\u00edc\u00edho roku rozhodla dokonce Parlamentn\u00ed asociace pro euro-arabskou spolupr\u00e1ci ve \u0160trasburku o zalo\u017een\u00ed st\u00e1l\u00e9ho v\u00fdboru se s\u00eddlem v Pa\u0159\u00ed\u017ei a dobr\u00fdmi t\u0159emi sty \u0161edes\u00e1ti \u00fa\u0159edn\u00edky. (Po tomto skv\u011bl\u00e9m po\u010dinu n\u00e1sledovaly konference v K\u00e1hi\u0159e a v \u0158\u00edm\u011b.) T\u00e9m\u011b\u0159 sou\u010dasn\u011b spat\u0159il sv\u011btlo sv\u011bta pl\u00e1tek s d\u011bsiv\u00fdm n\u00e1zvem Eurabia, co\u017e dokazuje, \u017ee v roce 1975 byla ji\u017e Evropa zaprod\u00e1na isl\u00e1mu.<\/p>\n<p style=\"text-align: justify;\">Tento d\u016fkaz p\u016fsob\u00ed tak nezvratn\u011b a znepokojiv\u011b, \u017ee jsem se cht\u011bla znovu p\u0159esv\u011bd\u010dit o jeho pravdivosti a sehnala si star\u00e1 \u010d\u00edsla uveden\u00e9ho pl\u00e1tku (vyd\u00e1van\u00e9ho francouzsky v Pa\u0159\u00ed\u017ei, v redakci pana Luciena Bitterlina; form\u00e1t 21 x 28 cm, cena 5 frank\u016f). V nad\u011bji, \u017ee se Bat Ye\u2019or m\u00fdlila, jsem ov\u011b\u0159ila jej\u00ed odkazy&#8230;, a b\u011bda: nem\u00fdlila se ani trochu. V prvn\u00edm \u010d\u00edsle stoj\u00ed za zm\u00ednku vlastn\u011b jen zvl\u00e1\u0161tn\u00ed p\u00e9\u010de, s n\u00ed\u017e se ka\u017ed\u00fd \u010dl\u00e1nek vyh\u00fdb\u00e1 slov\u016fm jako isl\u00e1m, isl\u00e1msk\u00fd, muslim, Kor\u00e1n, Muhammad a All\u00e1h. (M\u00edsto nich se zde objevuj\u00ed v\u00fdhradn\u011b arabsk\u00e9 v\u00fdrazy a pojem Ar\u00e1bie.) Upout\u00e1 jen v\u00fdbu\u0161n\u00fd \u00favodn\u00edk, ve kter\u00e9m pan Bitterlin prohla\u0161uje, \u017ee budoucnost Evropy je \u201e\u00fazce sv\u00e1z\u00e1na&#8220; s budoucnost\u00ed St\u0159edn\u00edho V\u00fdchodu, tak\u017ee ekonomick\u00e9 smlouvy EHS se mus\u00ed pod\u0159izovat politick\u00fdm dohod\u00e1m, je\u017e maj\u00ed odr\u00e1\u017eet plnou n\u00e1zorovou shodu s arabsk\u00fdm sv\u011btem. Zato p\u0159i \u010detb\u011b druh\u00e9ho \u010d\u00edsla v\u00e1s zamraz\u00ed. V\u00edte, co zde toti\u017e nalezneme (vedle dal\u0161\u00edho rozhorlen\u00e9ho \u00favodn\u00edku, v n\u011bm\u017e pan Bitterlin diktuje EHS, aby zru\u0161ila jistou dohodu s Izraelem, a vyz\u00fdv\u00e1 k uzn\u00e1n\u00ed tis\u00edcilet\u00e9ho p\u0159\u00ednosu arabsk\u00e9 civilizace sv\u011btov\u00e9mu spole\u010denstv\u00ed)? N\u00e1vrhy, kter\u00e9 p\u0159edstavil Belgi\u010dan <em>Tilj Declercq<\/em> (\u010dlen Parlamentn\u00ed asociace pro euro-arabskou spolupr\u00e1ci) na k\u00e1hirsk\u00e9 konferenci, kde byly tak\u00e9 odsouhlaseny a za\u0159azeny do usnesen\u00ed nazvan\u00e9ho \u0160trasbursk\u00e1 rezoluce. A v\u00edte, \u010d\u00edm se tato rezoluce zab\u00fdv\u00e1?<\/p>\n<p style=\"text-align: justify;\">Budouc\u00edmi p\u0159ist\u011bhovalci (pro p\u0159esnost: p\u0159ist\u011bhovalci, kter\u00e9 arabsk\u00e9 zem\u011b vy\u0161lou do Evropy spolu s ropou).<\/p>\n<p style=\"text-align: justify;\">Hle\u010fte, co se v n\u00ed do\u010dteme: <em>\u201eDne\u0161kem po\u010d\u00ednaje mus\u00ed st\u0159edn\u011bdob\u00e9 i dlouhodob\u00e9 politick\u00e9 strategie vych\u00e1zet ze sm\u011bny evropsk\u00fdch technologi\u00ed za ropu a arabskou pracovn\u00ed s\u00edlu. Ze sm\u011bny, kter\u00e1 zajist\u00ed nep\u0159etr\u017eit\u00fd ob\u011bh petrodolar\u016f, d\u00edky n\u011bmu\u017e dos\u00e1hnou Evropa a Ar\u00e1bie pln\u00e9 \u010di alespo\u0148 nejvy\u0161\u0161\u00ed mo\u017en\u00e9 ekonomick\u00e9 integrace.&#8220;<\/em> A d\u00e1le: <em>\u201eParlamentn\u00ed asociace pro euro-arabskou spolupr\u00e1ci \u017e\u00e1d\u00e1 po evropsk\u00fdch vl\u00e1d\u00e1ch, aby p\u0159ipravily zvl\u00e1\u0161tn\u00ed opat\u0159en\u00ed, je\u017e zaru\u010d\u00ed volnost pohybu arabsk\u00fdm pracuj\u00edc\u00edm, kte\u0159\u00ed v budoucnosti imigruj\u00ed do Evropy, jako\u017e i respekt k jejich z\u00e1kladn\u00edm pr\u00e1v\u016fm. Ta mus\u00ed odpov\u00eddat pr\u00e1v\u016fm ob\u010dan\u016f hostitelsk\u00fdch zem\u00ed a zajistit imigrant\u016fm shodn\u00e9 pracovn\u00ed podm\u00ednky, ubytovac\u00ed mo\u017enosti, zdravotnick\u00e9 slu\u017eby, bezplatn\u00e9 vzd\u011bl\u00e1n\u00ed atd.\u201c<\/em> D\u00e1le \u0160trasbursk\u00e1 rezoluce, je\u017e se mimochodem op\u011bt pe\u010dliv\u011b vyh\u00fdb\u00e1 v\u00fdraz\u016fm jako isl\u00e1m, isl\u00e1msk\u00fd, muslim, Kor\u00e1n, Muhammad a All\u00e1h, hovo\u0159\u00ed o \u201epot\u0159eb\u00e1ch&#8220;, kter\u00e9 vzniknou v okam\u017eiku, kdy <em>\u201esm\u011bnn\u00e1 pracovn\u00ed s\u00edla&#8220;<\/em> doraz\u00ed do Evropy, p\u0159edev\u0161\u00edm o <em>\u201enutnosti vytvo\u0159it arabsk\u00fdm p\u0159ist\u011bhovalc\u016fm a&#8217;jejich rodin\u00e1m takov\u00e9 podm\u00ednky, aby mohli udr\u017eovat sv\u00e9 n\u00e1bo\u017eensk\u00e9 a kulturn\u00ed tradice&#8220;. Pot\u00e9 upozor\u0148uje na \u201enezbytnost vytvo\u0159it imigrant\u016fm i jejich rodin\u00e1m p\u0159\u00edzniv\u00e9 spole\u010densk\u00e9 klima prost\u0159ednictv\u00edm tisku a rozli\u010dn\u00fdch informa\u010dn\u00edch kan\u00e1l\u016f&#8220;.<\/em> A nakonec vyzdvihuje <em>\u201epot\u0159ebu zd\u016fraz\u0148ovat za p\u0159isp\u011bn\u00ed tisku a akademick\u00e9 obce p\u0159\u00ednos arabsk\u00e9 kultury k v\u00fdvoji Evropy&#8220;. Sm\u00ed\u0161en\u00fd expertn\u00ed v\u00fdbor nav\u00e1zal usnesen\u00edm: \u201eVedle nezadateln\u00e9ho pr\u00e1va praktikovat svou v\u00edru a udr\u017eovat bl\u00edzk\u00e9 vztahy s rodn\u00fdmi zem\u011bmi bude imigrant\u016fm n\u00e1le\u017eet pr\u00e1vo exportovat do Evropy svou kulturu, propagovat ji a \u0161\u00ed\u0159it.&#8220;<\/em> (\u010cetli jste dob\u0159e?)<\/p>\n<p style=\"text-align: justify;\">Sm\u00ed\u0161en\u00fd expertn\u00ed v\u00fdbor u\u010dinil v K\u00e1hi\u0159e je\u0161t\u011b jeden krok. Oz\u0159ejmil, \u017ee euro-arabsk\u00e1 spolupr\u00e1ce by se m\u011bla z oblasti ryze technologick\u00e9 roz\u0161\u00ed\u0159it na pole bankovnictv\u00ed, finan\u010dnictv\u00ed, v\u011bdy, jadern\u00e9 energetiky, pr\u016fmyslu a obchodu. Ba co h\u016f\u0159. Potvrdil, \u017ee arabsk\u00e9 zem\u011b necht\u011bj\u00ed do Evropy pouze vyslat pracovn\u00ed s\u00edlu (\u010dt\u011bte \u201esm\u011bnn\u00e9 zbo\u017e\u00ed&#8220;), ale \u017ee se zde hodlaj\u00ed t\u00e9\u017e \u201ed\u016fkladn\u011b vyzbrojit&#8220;.<\/p>\n<p style=\"text-align: justify;\">Nevypukly snad pr\u00e1v\u011b v sedmdes\u00e1t\u00fdch letech skand\u00e1ly s ileg\u00e1ln\u00edm obchodem se zbran\u011bmi? Neza\u010dala snad pr\u00e1v\u011b tehdy Francie budovat jadern\u00fd komplex v Ir\u00e1ku? Nepo\u010dala pr\u00e1v\u011b v sedmdes\u00e1t\u00fdch letech na\u0161e m\u011bsta zaplavovat zm\u00edn\u011bn\u00e1 <em>\u201epracovn\u00ed s\u00edla\u201c<\/em> &#8211; \u010disti\u010di oken \u010d\u00edhaj\u00edc\u00ed se st\u011brkami u semafor\u016f \u010di pouli\u010dn\u00ed prodejci specializovan\u00ed na tu\u017eky a \u017ev\u00fdka\u010dky? (U\u017e v roce 1978, to si pamatuji velmi p\u0159esn\u011b, okupovali ve Florencii historick\u00e9 centrum. \u201eKde se tu jen vzali?!?\u201c zeptala jsem se jednoho dne trafikanta na <em>piazza Repubblica.<\/em> Rozhodil rukama a s povzdechem odv\u011btil: <em>\u201eT\u011b\u017eko \u0159\u00edct&#8230; Jednoho r\u00e1na jsem otev\u0159el obchod, a u\u017e tu byli. Podle m\u011b je sem v noci vysadila s pad\u00e1ky ta na\u0161e zparchant\u011bl\u00e1 vl\u00e1da, sp\u0159a\u017een\u00e1 se zlod\u011bjskou bandou \u0161ejk\u016f, kte\u0159\u00ed si za kapku benzinu \u00fa\u010dtujou miliardu.&#8220;<\/em>) A neza\u010dali snad pr\u00e1v\u011b v on\u011bch letech Arabov\u00e9 l\u00e9tat do Evropy za n\u00e1kupy? Neodkoupil tehdy Kadd\u00e1f\u00ed 10 procent Fiatu? Nepol\u00ed\u010dil si zrovna tehdy Egyp\u0165an AI Fayed na luxusn\u00ed obchodn\u00ed d\u016fm Harrods v Lond\u00fdn\u011b? Skupovali v\u0161echno, v\u0161eci\u010dko. Prodejny s obuv\u00ed, velk\u00e9 hotely, ocel\u00e1rny, hrady. Leteck\u00e9 spole\u010dnosti, nakladatelstv\u00ed, filmov\u00e1 studia, proslul\u00e9 obchody na via Tornabuoni a Fabourg-Saint-Honor\u00e9, milion\u00e1\u0159sk\u00e9 jachty. V jedn\u00e9 chv\u00edli cht\u011bli koupit i na\u0161i vodu. \u0158ekl mi to Yamani.<\/p>\n<p style=\"text-align: center;\">* * *<\/p>\n<p style=\"text-align: justify;\">V srpnu 1975, tedy dva m\u011bs\u00edce po \u0160trasbursk\u00e9 rezoluci a konferenci v K\u00e1hi\u0159e, jsem d\u011blala rozhovor se sa\u00fadskoarabsk\u00fdm ministrem pro ropu a ropn\u00e9 zdroje Zak\u00edm Jaman\u00edm &#8211; \u0161ejkem, kter\u00fd v roce 1973 inicioval ropn\u00e9 embargo a v\u00edce ne\u017e kdo jin\u00fd financoval Arafata. Ach, je toho mnoho, \u010d\u00edm se mi Jaman\u00ed trvale zapsal do pam\u011bti. P\u0159edev\u0161\u00edm nezapomenu na neb\u00fdval\u00e9 rafinovanou prov\u011brku, j\u00ed\u017e m\u011b podrobil p\u0159i dobr\u00fdch p\u011bti p\u0159\u00edpravn\u00fdch setk\u00e1n\u00edch (v Lond\u00fdn\u011b, D\u017eidd\u011b, Rij\u00e1du, Dama\u0161ku a Bejr\u00fatu), ne\u017e svolil k interview, na n\u011b\u017e pak kone\u010dn\u011b do\u0161lo v jeho s\u00eddle v T\u00e1\u2019ifu. Nezapomenu na pohotovost, s n\u00ed\u017e mi na leti\u0161ti v D\u017eidd\u011b zabr\u00e1nil v dal\u0161\u00edm setk\u00e1n\u00ed s jeho p\u0159\u00edtelem Arafatem, kter\u00fd se tam pr\u00e1v\u011b nach\u00e1zel, na vzru\u0161en\u00ed, s n\u00edm\u017e mi popisoval popravu mlad\u00e9ho prince (vykonanou zlat\u00fdm me\u010dem), kter\u00fd zavra\u017edil kr\u00e1le Fajsala. Na fale\u0161, s n\u00ed\u017e si m\u011b cht\u011bl naklonit vkl\u00e1daje mi do \u00fast mizern\u00e9 f\u00edky ze sv\u00e9 zahrady, a jehn\u011b\u010d\u00ed bulvu (podle v\u0161eho \u201enejvybran\u011bj\u0161\u00ed pochoutku&#8220;), kterou se mi jednou, ach, jak odporn\u00e9, sna\u017eil nacpat do pusy stejn\u011b jako f\u00edky. Na non\u0161alanci, s n\u00ed\u017e mi bez nejmen\u0161\u00ed \u00facty ke Kor\u00e1nu nab\u00edzel \u0161ampa\u0148sk\u00e9, kter\u00fdm byl jeho sklep v T\u00e1\u2019ifu napln\u011bn a\u017e po strop. Na pl\u00e1n odv\u00e9zt m\u011b do Mekky (pochopiteln\u011b d\u016fkladn\u011b zahalenou v burce), aby vym\u00fdtil m\u016fj ateismus. A nezapomenu t\u00e9\u017e na tesknou p\u00edse\u0148, kterou ve\u010der co ve\u010der zp\u00edvala p\u0159i kyta\u0159e jeho dcera Maha: \u201eTake me away! Please, take me away! \/ Odve\u010f m\u011b odsud! Odve\u010f m\u011b pros\u00edm!&#8220; Nejhloub\u011bji se mi v\u0161ak do pam\u011bti vryla slova, je\u017e pronesl, kdy\u017e n\u00e1\u0161 rozhovor sklouzl od ropy k vod\u011b: slova o kr\u00e1li Midasovi, kter\u00fd um\u00edr\u00e1 \u017e\u00edzn\u00ed a tou\u017e\u00ed si tuto tekutinu koupit.<\/p>\n<p style=\"text-align: justify;\">\u201eP\u0159ed tis\u00edci a tis\u00edci lety,&#8220; za\u010dal, \u201ebyly v Ar\u00e1bii \u0159eky a jezera. Pot\u00e9 se z nich vypa\u0159ila voda a dnes nem\u00e1me jedinou \u0159eku, jedin\u00e9 jezero. Ud\u011blejte si vyhl\u00eddkov\u00fd let helikopt\u00e9rou a spat\u0159\u00edte jen tu a tam horsk\u00fd pot\u016f\u010dek. Od \u010das\u016f Muhammada jsme z\u00e1visl\u00ed pouze na de\u0161ti. Posledn\u00edch sto let spadlo jen velmi m\u00e1lo sr\u00e1\u017eek a posledn\u00edch p\u011btadvacet rok\u016f t\u00e9m\u011b\u0159 nezapr\u0161elo. Mraky se stahuj\u00ed nad vegetac\u00ed, a zde \u017e\u00e1dn\u00e1 neroste.\u00a0<\/p>\n<p style=\"text-align: justify;\">Tedy aby bylo jasno: podzemn\u00ed vodu m\u00e1me. Jen\u017ee velmi, velmi hluboko. Hloub\u011bji ne\u017e ropu. A kdy\u017e d\u011bl\u00e1me vrty, abychom ji na\u0161li, ze zem\u011b st\u0159\u00edk\u00e1 ropa. Rozhodli jsme se tedy nechat vodu, kde je, a \u0161et\u0159it si ji na \u010dasy, a\u017e nebudeme tak bohat\u00ed. Zat\u00edm se spokoj\u00edme s odsolovanou vodou, s vodou z mo\u0159e. Ta v\u0161ak nesta\u010d\u00ed a j\u00e1 bych cht\u011bl z\u00edskat sladkou vodu ze zem\u00ed, kter\u00fdm prod\u00e1v\u00e1me ropu. Koupit ji, nal\u00edt do velk\u00fdch plastov\u00fdch barel\u016f a pak vypustit do vodn\u00edch n\u00e1dr\u017e\u00ed, tedy do um\u011bl\u00fdch jezer. Stejn\u011b se tankery po od\u010derp\u00e1n\u00ed ropy mus\u00ed vr\u00e1tit. A pro\u010d by se m\u011bly vracet pr\u00e1zdn\u00e9? Kdy\u017e pluj\u00ed bez z\u00e1t\u011b\u017ee, riskuj\u00ed, \u017ee se p\u0159evr\u00e1t\u00ed. Te\u010f je proto pln\u00edme \u0161pinavou mo\u0159skou vodou. A to je pl\u00fdtv\u00e1n\u00ed a chyba, proto\u017ee voda vypou\u0161t\u011bn\u00e1 po n\u00e1vratu z lod\u00ed zne\u010di\u0161\u0165uje na\u0161e pob\u0159e\u017e\u00ed. Zab\u00edj\u00ed ryby.<\/p>\n<p style=\"text-align: justify;\">V\u00edm, sladk\u00e1 voda je drah\u00e1. A um\u011bl\u00e1 jezera stoj\u00ed kupu pen\u011bz. Ale t\u011bch m\u00e1me v\u00edc ne\u017e dost. Za dva roky &#8211; od po\u010d\u00e1tku embarga &#8211; jsme jich uspo\u0159ili tolik, \u017ee vyvstal nal\u00e9hav\u00fd probl\u00e9m, jak je utratit. A kde je utrat\u00edme, kdy\u017e ne na Z\u00e1pad\u011b &#8211; v Evrop\u011b? Kdo n\u00e1m pom\u016f\u017ee se v\u0161ech t\u011bch pen\u011bz zbavit, kdy\u017e ne Z\u00e1pad &#8211; Evropa? M\u00e1m pl\u00e1n, jak b\u011bhem p\u011bti let utratit 140 miliard dolar\u016f. A jestli nevyjde, jsme zni\u010deni. Hod\u00ed se n\u00e1m tedy va\u0161e voda&#8230;\u201c<\/p>\n<p style=\"text-align: justify;\">Ov\u0161em, po\u017eadovanou vodu jsme jim neprodali. Mysl\u00edm vodu, kterou by napustili sv\u00e9 n\u00e1dr\u017ee. Vodu, kterou slovn\u00edk definuje jako \u201epr\u016fzra\u010dnou, bezbarvou tekutinu bez chuti a z\u00e1pachu, slo\u017eenou z kysl\u00edku a vod\u00edku, nezbytnou pro \u017eivot rostlin a \u017eivo\u010dich\u016f, chemicky vyj\u00e1d\u0159enou vzorcem H2O\u201c. Prodali jsme jim v\u0161ak n\u011bco podobn\u011b drahocenn\u00e9ho, stejn\u011b nepostradateln\u00e9ho, jako je voda z \u0159ek a pramen\u016f. \u017divotad\u00e1rnou s\u00edlu, bez n\u00ed\u017e lid sch\u00e1z\u00ed jako strom, kter\u00fd nikdy nesvla\u017e\u00ed d\u00e9\u0161\u0165, a proto jednoho dne uschne &#8211; u\u017e nikdy nevykvete, neurod\u00ed se na n\u011bm jedin\u00fd plod, odum\u0159ou mu ko\u0159eny a skon\u010d\u00ed jako d\u0159\u00edv\u00ed na podpal.<\/p>\n<p style=\"text-align: justify;\">Prodali jsme jim zdroj na\u0161ich princip\u016f, hodnot, v\u00fddobytk\u016f. Ko\u0159eny na\u0161\u00ed kultury, historie, na\u0161\u00ed vlastn\u00ed podstaty, civilizace. Svou vlastn\u00ed identitu.<\/p>\n<p style=\"text-align: right;\"><strong><em>Zdroj:\u00a0Fallaci, Oriana: S\u00edla Rozumu, 2004. ISBN: 978-80-7422-301-3<\/em><\/strong><\/p>\n<p>\u00a0<\/p>\n","protected":false},"excerpt":{"rendered":"<p>\u00a0Prvn\u00ed, co bych na \u00favod r\u00e1d podotkl, je skute\u010dnost, \u017ee mus\u00edm odm\u00edtnout ve\u0161ker\u00e9 \u0161katulkov\u00e1n\u00ed lid\u00ed a \u010dernob\u00edl\u00e9 vid\u011bn\u00ed sv\u011bta, kter\u00e9<\/p>\n","protected":false},"author":1,"featured_media":2408,"comment_status":"open","ping_status":"open","sticky":false,"template":"","format":"standard","meta":{"_mi_skip_tracking":false,"_exactmetrics_sitenote_active":false,"_exactmetrics_sitenote_note":"","_exactmetrics_sitenote_category":0},"categories":[10],"tags":[234,221,34],"_links":{"self":[{"href":"http:\/\/novysmer.cz\/index.php\/wp-json\/wp\/v2\/posts\/2412"}],"collection":[{"href":"http:\/\/novysmer.cz\/index.php\/wp-json\/wp\/v2\/posts"}],"about":[{"href":"http:\/\/novysmer.cz\/index.php\/wp-json\/wp\/v2\/types\/post"}],"author":[{"embeddable":true,"href":"http:\/\/novysmer.cz\/index.php\/wp-json\/wp\/v2\/users\/1"}],"replies":[{"embeddable":true,"href":"http:\/\/novysmer.cz\/index.php\/wp-json\/wp\/v2\/comments?post=2412"}],"version-history":[{"count":0,"href":"http:\/\/novysmer.cz\/index.php\/wp-json\/wp\/v2\/posts\/2412\/revisions"}],"wp:featuredmedia":[{"embeddable":true,"href":"http:\/\/novysmer.cz\/index.php\/wp-json\/wp\/v2\/media\/2408"}],"wp:attachment":[{"href":"http:\/\/novysmer.cz\/index.php\/wp-json\/wp\/v2\/media?parent=2412"}],"wp:term":[{"taxonomy":"category","embeddable":true,"href":"http:\/\/novysmer.cz\/index.php\/wp-json\/wp\/v2\/categories?post=2412"},{"taxonomy":"post_tag","embeddable":true,"href":"http:\/\/novysmer.cz\/index.php\/wp-json\/wp\/v2\/tags?post=2412"}],"curies":[{"name":"wp","href":"https:\/\/api.w.org\/{rel}","templated":true}]}}