{"id":268,"date":"2008-12-26T22:25:06","date_gmt":"2008-12-26T21:25:06","guid":{"rendered":"http:\/\/novysmer.cz\/index.php\/2008\/12\/26\/konference-v-postupimi-a-transfer-nmc-z-sr-v\/"},"modified":"2008-12-26T22:25:06","modified_gmt":"2008-12-26T21:25:06","slug":"konference-v-postupimi-a-transfer-nmc-z-sr-v","status":"publish","type":"post","link":"http:\/\/novysmer.cz\/index.php\/2008\/12\/26\/konference-v-postupimi-a-transfer-nmc-z-sr-v\/","title":{"rendered":"Konference v Postupimi a transfer N\u011bmc\u016f z \u010cSR (V.)"},"content":{"rendered":"<p> <img loading=\"lazy\" class=\" alignleft size-full wp-image-3\" src=\"http:\/\/novysmer.cz\/wp-content\/uploads\/2007\/10\/logo.jpg\" border=\"0\" alt=\"logo\" title=\"logo\" hspace=\"5\" vspace=\"5\" width=\"100\" height=\"65\" align=\"left\" \/>Kolektivn\u00ed vina a kolektivn\u00ed trest?  <\/p>\n<p> <!--more--> <\/p>\n<p align=\"justify\"> Ke komplexn\u00edmu pohledu na popisovanou problematiku je vhodn\u00e9 upozornit je\u0161t\u011b na jednu skute\u010dnost. Pravicov\u00e9 odbojov\u00e9 organizace, \u0159\u00edzen\u00e9 z Lond\u00fdna, protestovaly u Bene\u0161e, kdy\u017e nazna\u010dil, \u017ee nen\u00ed N\u011bmec jako N\u011bmec. Nem\u011bly pochopen\u00ed pro vyjmut\u00ed antifa\u0161ist\u016f z odsunu. Dokonce mezi \u0159\u00e1dky protestn\u00edch depe\u0161\u00ed je nazna\u010dov\u00e1no: pokud chce n\u011bkdo chr\u00e1nit N\u011bmce, a\u0165 se rad\u011bji do vlasti nevrac\u00ed. Dne\u0161n\u00ed pravicov\u00ed pis\u00e1lkov\u00e9 by m\u011bli t\u00e9to ot\u00e1zce v\u011bnovat pozornost &#8211; je dolo\u017eiteln\u00e1 z archivn\u00edch pramen\u016f.  <\/p>\n<p align=\"justify\"> Sudeton\u011bme\u010dt\u00ed \u0161tv\u00e1\u010di a \u010de\u0161t\u00ed novokolaboranti pravicov\u00e9 orientace a\u017e do omrzen\u00ed neust\u00e1le vyk\u0159ikuji o k\u0159ivd\u011b, kter\u00e1 se stala p\u0159\u00edhrani\u010dn\u00edm N\u011bmc\u016fm, \u017ee je potkal kolektivn\u00ed trest za kolektivn\u00ed vinu. Dokonce to byl, podle nich, nejv\u011bt\u0161\u00ed zlo\u010din 20. stolet\u00ed. Ne tedy druh\u00e1 sv\u011btov\u00e1 v\u00e1lka. N\u011bmci podle nich sm\u011bli vra\u017edit po cel\u00e9 Evrop\u011b, jen jim se nesm\u011blo n\u011bco st\u00e1t. Absurdnost fale\u0161n\u00e9 obhajoby nejl\u00e9pe pozn\u00e1me, kdy\u017e si p\u0159e\u0159\u00edk\u00e1me n\u00e1sleduj\u00edc\u00ed v\u011btu: N\u011bmci v \u010desk\u00fdch zem\u00edch v\u017edy podporovali emancipa\u010dn\u00ed akce \u010desk\u00e9ho n\u00e1roda, prosazovali jeho pr\u00e1vo na sv\u00e9bytn\u00fd v\u00fdvoj, na sebeur\u010den\u00ed n\u00e1roda, nepodporovali n\u00e1rodnostn\u00ed \u00fatisk \u010cech\u016f, odm\u00edtali nacismus a v\u00e1lku a k \u010cech\u016fm se chovali v duchu demokracie a humanity, byli dobr\u00fdmi sousedy. Novohenleinov\u0161t\u00ed agit\u00e1tor! tedy v\u016fbec nev\u011bd\u00ed, co je kolektivn\u00ed trest.  <\/p>\n<p align=\"justify\"> Kolektivn\u00edm trestem pro \u010cechy byla vynucen\u00e1 \u00fa\u010dast v prvn\u00ed sv\u011btov\u00e9 v\u00e1lce, kdy um\u00edrali za ciz\u00ed imperialistick\u00e9 c\u00edle N\u011bmecka a Rakousko-Uherska. Kolektivn\u00edm trestem bylo zru\u0161en\u00ed Badeniho jazykov\u00fdch reforem, kolektivn\u00edm trestem pro \u010desk\u00fd n\u00e1rod bylo \u017eit\u00ed v podm\u00ednk\u00e1ch nacistick\u00e9 okupace, kdy jsme na sebe museli nechat padat smrtonosn\u00e9 n\u00e1klady z letadel na\u0161ich spojenc\u016f. N\u011bmci \u017e\u00e1daj\u00ed pr\u00e1vo na vlast, pro\u010d ho tedy up\u00edrali \u010cech\u016fm, pro\u010d \u017did\u016fm vzali nejen vlast, ale i \u017eivoty?  <\/p>\n<p align=\"justify\"> N\u011bmci nikdy v d\u011bjin\u00e1ch nevytvo\u0159ili ve st\u0159edn\u00ed Evrop\u011b lep\u0161\u00ed politick\u00e9, jazykov\u00e9 a kulturn\u00ed podm\u00ednky ne\u017e \u010ce\u0161i, ovsem v r\u00e1mci re\u00e1ln\u00e9 mo\u017enosti. Pr\u00e1vo na vlast p\u0159izn\u00e1vali N\u011bmci jen sob\u011b.  <\/p>\n<p align=\"justify\"> Odsun N\u011bmc\u016f nebyl kolektivn\u00edm trestem, net\u00fdkal se v\u0161ech N\u011bmc\u016f. Je to prokazateln\u00e1 pravda, i kdy\u017e to \u0161tv\u00e1\u010di proti m\u00edru a kolaboranti pop\u00edraj\u00ed. Sta\u010d\u00ed n\u00e1sleduj\u00edc\u00ed d\u016fkaz:  <\/p>\n<p align=\"justify\"> Shrom\u00e1\u017ed\u011bni N\u011bmc\u016f v \u010cech\u00e1ch, na Morav\u011b a ve Slezsku vypracovalo a poslaneck\u00e9 sn\u011bmovn\u011b 15.10.2001 poslalo n\u00e1vrh na od\u0161kodn\u011bn\u00ed p\u0159\u00edslu\u0161n\u00edk\u016f n\u011bmeck\u00e9 men\u0161iny. K petici p\u0159ipojili koment\u00e1\u0159 historick\u00e9 povahy op\u00edraj\u00edc\u00ed se o sudeton\u011bmeck\u00e9 archivn\u00ed prameny, jak tvrd\u00ed. Je dobro si zapamatovat zde uv\u00e1d\u011bn\u00e1 \u010d\u00edsla (str. 7 a 6 uveden\u00e9 petice). Z odsunu bylo vy\u010dlen\u011bno (vyjmuto) 32.637 odborn\u00edk\u016f a 53.103 rodinn\u00fdmi p\u0159\u00edslu\u0161n\u00edky, 12.965 osob s prozat\u00edmn\u00edm osv\u011bd\u010den\u00edm o \u010ds. st\u00e1tn\u00edm ob\u010danstv\u00ed, 33.057 N\u011bmc\u016f ze sm\u00ed\u0161en\u00fdch man\u017eelstv\u00ed, 1.878 n\u011bmeck\u00fdch \u017did\u016f, 4.351 N\u011bmc\u016f vyjmut\u00fdch z odsunu cestou milost\u00ed, 18.000 antifa\u0161ist\u016f a 6.500 s odlo\u017een\u00fdm odsunem. Nebudu nyn\u00ed uv\u00e1d\u011bt, \u017ee \u010desk\u00e9 \u00fa\u0159ady vykazuj\u00ed v\u011bt\u0161\u00ed po\u010det antifa\u0161ist\u016f a osob s p\u0159iznan\u00fdm \u010ds. ob\u010danstv\u00edm (140.000), z\u00e1sadn\u00ed je skute\u010dnost, \u017ee transferu nepodl\u00e9halo v\u0161echno n\u011bmeck\u00e9 obyvatelstvo, tedy to nebyl kolektivn\u00ed trest. Je\u0161t\u011b p\u0159ipomenu, \u017ee ve 247 obc\u00edch a m\u011bstech se na rozpozn\u00e1n\u00ed nacist\u016f a antifa\u0161ist\u016f pod\u00edleli n\u011bme\u010dt\u00ed antinacist\u00e9, kte\u0159\u00ed se vr\u00e1tili z koncentra\u010dn\u00edch t\u00e1bor\u016f. \u010cesk\u00fd n\u00e1rod nem\u016f\u017ee b\u00fdt vin\u011bn z toho, \u017ee n\u011bmeck\u00fdch odp\u016frc\u016f Hitlera, Henleina a Franka byl tak mal\u00fd po\u010det. A op\u011bt p\u0159\u00edpadn\u00e1 ot\u00e1zka, byl podobn\u00fd po\u010det \u010cech\u016f \u010di \u017did\u016f vyjmut z koncentra\u010dn\u00edch t\u00e1bor\u016f a transport\u016f smrti? Nikdy nebyl.  <\/p>\n<p align=\"justify\"> Ani\u017e bych byl zast\u00e1ncem z\u00e1sady o kolektivn\u00ed vin\u011b, p\u0159ece jen mus\u00edm respektovat fakta. N\u011bmeck\u00fd historik Detlef Brandes ve sv\u00e9 pr\u00e1ci uv\u00e1d\u00ed, \u017ee do Sudeton\u011bmeck\u00e9 strany vstoupilo do \u010dervna 1938 celkem 1.349.160 p\u0159\u00edhrani\u010dn\u00edch N\u011bmc\u016f a s\u00e1m dod\u00e1v\u00e1, \u017ee vzhledem k celkov\u00e9mu po\u010dtu obyvatel byla Sudetsk\u00e1 \u017eupa v procentu\u00e1ln\u00edm pom\u011bru k obyvatelstvu na prvn\u00edm m\u00edst\u011b v \u0159\u00ed\u0161i (viz str. 420). K tomu je\u0161t\u011b sta\u010d\u00ed dodat, \u017ee pasivn\u00ed \u010dlenstv\u00ed se netrp\u011blo, kde jsou tedy N\u011bmci, kte\u0159\u00ed nic nev\u011bd\u011bli a nic nedemokratick\u00e9ho ned\u011blali, kdy\u017e ve v\u0161ech organizac\u00edch vl\u00e1dl v\u016fdcovsk\u00fd princip? K dispozici jsou je\u0161t\u011b dal\u0161\u00ed z\u00e1va\u017en\u00e1 \u010d\u00edsla. Za aktivn\u00ed pod\u00edl na rozbit\u00ed \u010ceskoslovenska, za boj proti demokracii, na\u0159\u00eddil Adolf Hitler ud\u011blit p\u0159\u00edhrani\u010dn\u00edm N\u011bmc\u016fm 1.182.817 vyznamen\u00e1n\u00ed, v\u011bt\u0161inou za tzv. \u201eosvobozen\u00ed Sudet&quot;. Za pomoc p\u0159i likvidaci okle\u0161t\u011bn\u00e9ho \u010cesko-Slovenska bylo je\u0161t\u011b, v\u011bt\u0161inou s ozna\u010den\u00edm Pra\u017esk\u00fd hrad, ud\u011bleno dal\u0161\u00edch 154.563 vyznamen\u00e1n\u00ed. Aktivity proti \u010cSR a proti \u010cech\u016fm musel ka\u017ed\u00e9mu vyznamenan\u00e9mu potvrdit stranick\u00fd org\u00e1n Sudeton\u011bmeck\u00e9 strany, pozd\u011bji organizace nacistick\u00e9 strany. \u017dadatel\u016f bylo tolik, \u017ee se vyznamen\u00e1vac\u00ed akce prot\u00e1hla a\u017e do 31.12.1940. Pro p\u0159ipojen\u00ed k nacistick\u00e9mu N\u011bmecku a pro p\u0159ijet\u00ed n\u011bmeck\u00e9ho ob\u010danstv\u00ed hlasovalo 2.467.936 N\u011bmc\u016f s volebn\u00edm pr\u00e1vem. Na\u0161im kolaboruj\u00edc\u00edm publicist\u016fm pravicov\u00e9ho a nevlasteneck\u00e9ho zam\u011b\u0159en\u00ed doporu\u010duji, aby si jednou dali pr\u00e1ci a z propagandistick\u00fdch pramen\u016f nacistick\u00e9 strany si se\u010detli po\u010det v\u0161ech N\u011bmc\u016f, kte\u0159\u00ed se hl\u00e1sili do Sudeton\u011bmeck\u00e9 strany, do nacistick\u00e9 strany, do \u0159ad Hitlerovsk\u00e9 ml\u00e1de\u017ee, do Svazu n\u011bmeck\u00fdch d\u00edvek a do Svazu n\u011bmeck\u00fdch \u017een, do N\u011bmeck\u00e9 pracovn\u00ed fronty, do organizace Silou k radosti, do SA, SS, kam byl vstup dobrovoln\u00fd a do dal\u0161\u00edch profesn\u00edch organizac\u00ed nacistick\u00e9 strany. Zjist\u00ed, \u017ee nacistick\u00e1 pros\u00e1klost byla v \u010deskomoravsk\u00e9m zn\u011bm\u010den\u00e9m pohrani\u010d\u00ed v\u011bt\u0161\u00ed ne\u017e v jin\u00fdch regionech N\u011bmecka. Po\u010det \u010dlen\u016f nacistick\u00e9ho zam\u011b\u0159en\u00ed p\u0159esahuje o 87.000 po\u010det obyvatel pohrani\u010d\u00ed. To znamen\u00e1, \u017ee p\u0159ev\u00e1\u017en\u00e1 \u010d\u00e1st nacistick\u00fdm morem zachv\u00e1cen\u00fdch osob nev\u00e1hala a organizovala se v n\u011bkolika nacistick\u00fdch organizac\u00edch. Nepo\u010d\u00edt\u00e1m pohrani\u010dn\u00ed N\u011bmce v n\u011bmeck\u00e9 arm\u00e1d\u011b, tam museli nastoupit, ale pt\u00e1m se, pro\u010d \u00fatvary slo\u017een\u00e9 ze sudeton\u011bmeck\u00fdch voj\u00e1k\u016f dost\u00e1valy nejv\u00edce vyznamen\u00e1ni a bylo tu zaznamen\u00e1no nejmen\u0161\u00ed mno\u017estv\u00ed zb\u011bh\u016f? Nejv\u011bt\u0161\u00ed po\u010det dezert\u00e9r\u016f byl z Alsaska a z pr\u016fmyslov\u00fdch okres\u016f v Por\u00fdn\u00ed.  <\/p>\n<p align=\"justify\"> Nen\u00ed p\u0159ece probl\u00e9m v porozum\u011bn\u00ed s n\u011bmeck\u00fdmi antifa\u0161isty a demokraty, s nimi\u017e se smi\u0159ovat nemus\u00edme, st\u00e1li jsme v boji na jedn\u00e9 stran\u011b z\u00e1pasu. Smi\u0159ovat se s nacisty, novohenleinovci, s kolaboranty, teroristy a v\u00e1le\u010dn\u00fdmi zlo\u010dinci ov\u0161em nechceme. Ostatn\u011b tento \u00fakol na sebe vzali ji\u017e nad\u0161en\u011b na\u0161i novokolaboranti.  <\/p>\n<p align=\"justify\"> Jak\u00fd byl v\u00fdsledek odsunu?  <\/p>\n<p align=\"justify\"> Spojeneck\u00e1 kontroln\u00ed rada 20. listopadu 1945 p\u0159ijala pl\u00e1n odsunu z \u010ceskoslovenska, pro odsun bylo ur\u010deno 2.500.000 osob. Transfer byl ukon\u010den 24. \u0159\u00edjna 1946. Dodate\u010dn\u00fd odsun prob\u011bhl je\u0161t\u011b do poloviny roku 1947, aby do\u0161lo ke sjednoceni rodin, t\u00fdkal se 80.000 osob.  <\/p>\n<p align=\"justify\"> Do z\u00e1padn\u00edch okupa\u010dn\u00edch z\u00f3n se transfer t\u00fdkal 1.559.000 osob, do sov\u011btsk\u00e9 z\u00f3ny odsunuto dal\u0161\u00edch 841.000 osob. Dobrovoln\u011b se za lep\u0161\u00ed kari\u00e9rou odst\u011bhovalo je\u0161t\u011b 88.614 antifa\u0161ist\u016f. Koncem kv\u011btna 1947 \u017eilo v \u010cSR je\u0161t\u011b 204.000 N\u011bmc\u016f, odsun se tedy nevztahoval na ve\u0161ker\u00e9 n\u011bmeck\u00e9 obyvatelstvo.  <\/p>\n<p align=\"justify\"> <em>Autor : Prof. PhDr. Ji\u0159\u00ed Frajdl, CSc.<\/em>  <\/p>\n<p align=\"justify\"> <em>Studijn\u00ed text. Vydala Historick\u00e1 a dokumenta\u010dn\u00ed komise Klubu \u010desk\u00e9ho pohrani\u010d\u00ed ve spolupr\u00e1ci s K\u0159es\u0165ansko soci\u00e1ln\u00edm hnut\u00edm jako publikaci pro vnit\u0159n\u00ed pot\u0159ebu vlasteneck\u00fdch organizac\u00ed. Praha, srpen, 2000 <\/em> <\/p>\n<p align=\"justify\"> <em>Redakce: Ing. P. Rejf, P\u0159ipravil: JUDr. O. Tule\u0161kov<\/em>  <\/p>\n","protected":false},"excerpt":{"rendered":"<p>Kolektivn\u00ed vina a kolektivn\u00ed trest?<\/p>\n","protected":false},"author":1,"featured_media":3,"comment_status":"open","ping_status":"open","sticky":false,"template":"","format":"standard","meta":{"_mi_skip_tracking":false,"_exactmetrics_sitenote_active":false,"_exactmetrics_sitenote_note":"","_exactmetrics_sitenote_category":0},"categories":[8],"tags":[68],"_links":{"self":[{"href":"http:\/\/novysmer.cz\/index.php\/wp-json\/wp\/v2\/posts\/268"}],"collection":[{"href":"http:\/\/novysmer.cz\/index.php\/wp-json\/wp\/v2\/posts"}],"about":[{"href":"http:\/\/novysmer.cz\/index.php\/wp-json\/wp\/v2\/types\/post"}],"author":[{"embeddable":true,"href":"http:\/\/novysmer.cz\/index.php\/wp-json\/wp\/v2\/users\/1"}],"replies":[{"embeddable":true,"href":"http:\/\/novysmer.cz\/index.php\/wp-json\/wp\/v2\/comments?post=268"}],"version-history":[{"count":0,"href":"http:\/\/novysmer.cz\/index.php\/wp-json\/wp\/v2\/posts\/268\/revisions"}],"wp:featuredmedia":[{"embeddable":true,"href":"http:\/\/novysmer.cz\/index.php\/wp-json\/wp\/v2\/media\/3"}],"wp:attachment":[{"href":"http:\/\/novysmer.cz\/index.php\/wp-json\/wp\/v2\/media?parent=268"}],"wp:term":[{"taxonomy":"category","embeddable":true,"href":"http:\/\/novysmer.cz\/index.php\/wp-json\/wp\/v2\/categories?post=268"},{"taxonomy":"post_tag","embeddable":true,"href":"http:\/\/novysmer.cz\/index.php\/wp-json\/wp\/v2\/tags?post=268"}],"curies":[{"name":"wp","href":"https:\/\/api.w.org\/{rel}","templated":true}]}}