{"id":291,"date":"2009-02-01T19:36:21","date_gmt":"2009-02-01T18:36:21","guid":{"rendered":"http:\/\/novysmer.cz\/index.php\/2009\/02\/01\/pro-levice-odmita-lisabonskou-smlouvu-7\/"},"modified":"2009-02-01T19:36:21","modified_gmt":"2009-02-01T18:36:21","slug":"pro-levice-odmita-lisabonskou-smlouvu-7","status":"publish","type":"post","link":"http:\/\/novysmer.cz\/index.php\/2009\/02\/01\/pro-levice-odmita-lisabonskou-smlouvu-7\/","title":{"rendered":"Pro\u010d levice odm\u00edt\u00e1 Lisabonskou smlouvu (7)"},"content":{"rendered":"<p align=\"justify\"> <img loading=\"lazy\" class=\" alignleft size-full wp-image-275\" src=\"http:\/\/novysmer.cz\/wp-content\/uploads\/2009\/01\/eu.jpg\" border=\"0\" alt=\"eu\" title=\"eu\" hspace=\"5\" vspace=\"5\" width=\"75\" height=\"50\" align=\"left\" \/>O Lisabonsk\u00e9 smlouv\u011b a irsk\u00e9m referendu. Rozhovor Jarom\u00edr Kohl\u00ed\u010dka s Danielem Stro\u017eem <\/p>\n<p> <!--more--> <\/p>\n<p align=\"justify\"> <em>Jarom\u00edre, prezident V\u00e1clav Klaus netaj\u00ed svou radost z irsk\u00e9ho \u201eNE&quot; Lisabonsk\u00e9 smlouv\u011b. Pozastav\u00ed se tak pr\u00fd podle n\u011bho proces potla\u010dov\u00e1n\u00ed n\u00e1rodn\u00edch st\u00e1t\u016f a t\u00edm i cesta k centralizaci Evropsk\u00e9 unie byrokraticky \u0159\u00edzen\u00e9 z Bruselu. Jak se na v\u00fdsledek referenda v Irsku d\u00edv\u00e1\u0161 ty, europoslanec levicov\u00e9 frakce EP CUE\/NCL, nominovan\u00fd za KS\u010cM?<\/em> <\/p>\n<p align=\"justify\"> Prezidentovy n\u00e1zory ponech\u00e1m te\u010f stranou. Rad\u011bji vysv\u011btl\u00edm, pro\u010d pouze v Irsku se vl\u00e1da odv\u00e1\u017eila nechat ob\u010dany rozhodnout t\u00edm &#8211; podle obecn\u00e9ho m\u00edn\u011bn\u00ed &#8211; nejdemokrati\u010dt\u011bj\u0161\u00edm zp\u016fsobem. Kdy\u017e Francouzi a Nizozemci zam\u00edtli tzv. \u00dastavn\u00ed smlouvu, rozhodli se vedouc\u00ed st\u00e1tn\u00edci EU tajn\u011b p\u0159epracovat dv\u011b smlouvy, podle kter\u00fdch Evropsk\u00e1 unie funguje. Vzali v\u00edce ne\u017e 90 % zm\u011bn navr\u017een\u00fdch v \u00dastavn\u00ed smlouv\u011b a zm\u011bnili na odpov\u00eddaj\u00edc\u00edch m\u00edstech modifikovanou smlouvu z roku 1957 z \u0158\u00edma (zakl\u00e1daj\u00edc\u00ed EU) a druhou smlouvu, kterou p\u0159ejmenovali na Smlouvu o fungov\u00e1n\u00ed EU. Tato druh\u00e1 smlouva se postupem doby st\u00e1le m\u011bnila tak, jak od Amsterodamu p\u0159es Maastricht a Nice byla m\u011bn\u011bna pravidla fungov\u00e1n\u00ed nadn\u00e1rodn\u00edho celku. V\u0161echno se d\u011blo pokud mo\u017eno bez \u00fa\u010dasti ve\u0159ejnosti, co nejrychleji a s pokynem, pokud to jen trochu p\u016fjde, vyhnout se mo\u017en\u00fdm komplikac\u00edm. <\/p>\n<p align=\"justify\"> Tak tomu bylo i v p\u0159\u00edpad\u011b na\u0161\u00ed smlouvy z Lisabonu. Soubor 297 zm\u011bn pak byl v naprosto chaotick\u00e9m tvaru p\u0159edlo\u017een n\u00e1rodn\u00edm parlament\u016fm s tich\u00fdm pokynem \u201etakhle to rychle p\u0159ijm\u011bte a moc o tom nediskutujte&quot;. <\/p>\n<p align=\"justify\"> V p\u0159\u00edpad\u011b Poslaneck\u00e9 sn\u011bmovny se jedn\u00e1 o sn\u011bmovn\u00ed tisk \u010d. 407. Je mi osobn\u011b trochu l\u00edto koleg\u016f, kte\u0159\u00ed p\u0159i studov\u00e1n\u00ed tohoto tisku nem\u011bli v ruce tzv. konsolidovan\u00e9 vyd\u00e1n\u00ed smluv. To toti\u017e vydal parlamentn\u00ed institut v \u010desk\u00e9m jazyce v roce 2006. Ch\u00e1pu, \u017ee p\u0159i jedn\u00e1n\u00ed o takov\u00e9mto textu se jedn\u00e1 o velmi z\u00e1sadn\u00ed probl\u00e9m. J\u00e1 s\u00e1m jsem si vypom\u00e1hal anglick\u00fdm a francouzsk\u00fdm textem zm\u011bn. Form\u00e1ln\u011b jde proti \u00fastavn\u00ed smlouv\u011b o velkou zm\u011bnu. Po prostudov\u00e1n\u00ed cel\u00e9ho materi\u00e1lu ale m\u016f\u017eeme \u0159\u00edci, \u017ee se p\u0159\u00edli\u0161 moc podstatn\u00e9ho nezm\u011bnilo. Viditeln\u00fdmi zm\u011bnami je opu\u0161t\u011bn\u00ed my\u0161lenky d\u00e1t Unii form\u00e1ln\u00ed znaky st\u00e1tu, jako je hymna a n\u00e1zvy n\u011bkter\u00fdch v\u00fdznamn\u00fdch \u0159\u00edd\u00edc\u00edch funkc\u00ed. Odm\u00edtnut\u00ed smlouvy irsk\u00fdmi ob\u010dany proto v\u00edt\u00e1m. <\/p>\n<p align=\"justify\"> <em>Jak\u00fd &#8211; mysl\u00ed\u0161 si &#8211; m\u011bli Irov\u00e9 k odm\u00edtnut\u00ed smlouvy d\u016fvod? V\u017edy\u0165 se o nich neust\u00e1le p\u00ed\u0161e, jakou jim \u010dlenstv\u00ed v EU p\u0159ineslo prosperitu?<\/em> <\/p>\n<p align=\"justify\"> Irsku skute\u010dn\u011b \u010dlenstv\u00ed v EU p\u0159ineslo obrovsk\u00fd posun. Od roku 1973, tj. od p\u0159ijet\u00ed do EU, bylo Irsko nejchud\u0161\u00ed z \u010dlensk\u00fdch zem\u00ed. Vzhledem k obecn\u00e9 roz\u0161\u00ed\u0159enosti angli\u010dtiny byli jeho ob\u010dan\u00e9 dob\u0159e p\u0159ipraveni na pr\u00e1ci v nadn\u00e1rodn\u00edch spole\u010dnostech, kde je zpravidla spole\u010dnou \u0159e\u010d\u00ed angli\u010dtina. Po dvaceti letech \u010dlenstv\u00ed v EU se z chud\u00e9 zem\u011b, kter\u00e1 se chlub\u00ed t\u00edm, \u017ee irsk\u00e9ho p\u016fvodu je zhruba 80 milion\u016f obyvatel po cel\u00e9m sv\u011bt\u011b (a od hladomoru v polovin\u011b 19. stolet\u00ed nebyla schopna nikdy sv\u00e9 obyvatele u\u017eivit), stal \u010d\u00edtankov\u00fd p\u0159\u00edklad rychl\u00e9ho a \u00fasp\u011b\u0161n\u00e9ho rozvoje. Tak jak nar\u016fstal HDP na hlavu, bylo t\u0159eba vhodn\u011b roz\u010dlenit zemi, aby i nad\u00e1le mohla alespo\u0148 jej\u00ed jedna \u010d\u00e1st \u010derpat z kohezn\u00edch a strukturn\u00edch fond\u016f. To se povedlo a region BMW (Borderland Middle West) je pova\u017eov\u00e1n za strukturn\u011b nedostate\u010dn\u011b rozvinut\u00fd a tud\u00ed\u017e m\u016f\u017ee z t\u011bchto fond\u016f \u010derpat. Jihov\u00fdchod zem\u011b pat\u0159\u00ed naproti tomu mezi jednu p\u011btinu nejbohat\u0161\u00edch region\u016f Unie, na pen\u00edze z t\u011bchto kapitol spole\u010dn\u00e9ho rozpo\u010dtu tedy nem\u00e1 n\u00e1rok. Irov\u00e9 si budou muset zvykat na to, \u017ee jejich p\u0159\u00edsp\u011bvek do spole\u010dn\u00e9 pokladny p\u0159evy\u0161uje mo\u017enost \u010derp\u00e1n\u00ed z fond\u016f EU. <\/p>\n<p align=\"justify\"> Drsn\u00e9 zasahov\u00e1n\u00ed do st\u00e1tn\u00edho rozpo\u010dtu apar\u00e1tem EU Irov\u00e9 ji\u017e za\u017eili a tak\u00e9 jejich v\u00fdrazn\u011b n\u00edzk\u00e9 hodnoty DPH a zdan\u011bn\u00ed podnik\u016f jsou sol\u00ed v o\u010d\u00edch bruselsk\u00e9 byrokracie. Jestli\u017ee k tomu p\u0159id\u00e1me v posledn\u00ed dob\u011b vyhl\u00e1\u0161en\u00e1 nepopul\u00e1rn\u00ed opat\u0159en\u00ed \u201eBruselu&quot;, je z\u0159ejm\u00e9, pro\u010d Irov\u00e9 smlouvu odm\u00edtli. Extr\u00e9mn\u00ed liberalismus, kter\u00fd m\u00e1 p\u0159ednost p\u0159ed v\u0161\u00edm, v\u010detn\u011b Evropsk\u00e9 soci\u00e1ln\u00ed charty, pravidla t\u00fdkaj\u00edc\u00ed se st\u00e1tn\u00edch rozpo\u010dt\u016f a ur\u010dit\u00fdch druh\u016f dan\u00ed, kter\u00e1 nevyhovuj\u00ed i dal\u0161\u00ed nepopul\u00e1rn\u00ed opat\u0159en\u00ed, byla v\u00edtan\u00fdmi trumfy v rukou Sinn Fein. Tato strana (stejn\u011b jako KS\u010cM m\u00e1 sv\u00e9 poslance v Evropsk\u00e9m parlamentu a p\u016fsob\u00ed ve frakci GUE\/NGL) byla jedin\u00e1, kter\u00e1 vyzvala ob\u010dany hlasovat proti Lisabonsk\u00e9 smlouv\u011b. M\u011bla p\u0159i tom \u0161irokou podporu od nevl\u00e1dn\u00edch organizac\u00ed (nap\u0159. m\u00edstn\u00ed pobo\u010dky TEAM ASSOCIATION veden\u00e9 i u n\u00e1s zn\u00e1m\u00fdm profesorem Trinity College v Dublinu Anthony Coughlanem). <\/p>\n<p align=\"justify\"> <em>Nem\u00e1\u0161 tak\u00e9 pocit, \u017ee kdyby i v jin\u00fdch \u010dlensk\u00fdch st\u00e1tech EU mohli rozhodovat sami ob\u010dan\u00e9, nam\u00edsto vl\u00e1d a parlament\u016f, m\u011bli bychom u\u017e zam\u00edtnut\u00ed t\u00e9to smlouvy celou \u0159adu?<\/em> <\/p>\n<p align=\"justify\"> Ano, je velmi pravd\u011bpodobn\u00e9, \u017ee Pol\u00e1ci, Britov\u00e9, \u010ce\u0161i, ale i dal\u0161\u00ed obyvatel\u00e9 \u010dlensk\u00fdch st\u00e1t\u016f by v referendu reagovali, a to nap\u0159\u00ed\u010d politick\u00fdm spektrem, podobn\u011b jako Irov\u00e9. Skute\u010dn\u00e1 levice vid\u00ed na Lisabonsk\u00e9 smlouv\u011b jako negativn\u00ed prvky extr\u00e9mn\u00ed liberalismus obsa\u017een\u00fd a prohlouben\u00fd v obou t\u011bchto upraven\u00fdch smlouv\u00e1ch. P\u0159itom jako velmi nebezpe\u010dn\u00e9 vid\u00edme u\u017e\u0161\u00ed sepjet\u00ed s NATO a rozvoj mo\u017en\u00fdch vojensk\u00fdch dobrodru\u017estv\u00ed kdekoliv na sv\u011bt\u011b (pod pl\u00e1\u0161t\u00edkem likvidace nebezpe\u010d\u00ed roz\u0161i\u0159ov\u00e1n\u00ed terorismu). Pro pravici je tato smlouva st\u00e1le m\u00e1lo liber\u00e1ln\u00ed. Zd\u00e1 se j\u00ed, \u017ee p\u0159\u00edli\u0161 omezuje mo\u017enosti pravicov\u00fdch vl\u00e1d (nap\u0159\u00edklad na\u0161\u00ed zvl\u00e1\u0161tn\u00ed koalice) p\u0159i odbour\u00e1v\u00e1n\u00ed soci\u00e1ln\u00edho st\u00e1tu a privatizaci cel\u00e9ho sektoru ve\u0159ejn\u00fdch slu\u017eeb v\u010detn\u011b soci\u00e1ln\u00edho a zdravotn\u00edho poji\u0161t\u011bn\u00ed. <\/p>\n<p align=\"justify\"> <em>Demokracie by p\u0159ece m\u011bla b\u00fdt \u201evl\u00e1dou lidu&quot;. Nenazna\u010duje proto v\u00fdsledek irsk\u00e9ho referenda z\u00e1rove\u0148 i vzr\u016fstaj\u00edc\u00ed rozpor mezi m\u00edn\u011bn\u00edm unijn\u00edch ob\u010dan\u016f a vl\u00e1dami jejich jednotliv\u00fdch st\u00e1t\u016f?<\/em> <\/p>\n<p align=\"justify\"> U demokracie, neboli vl\u00e1dy lidu, je v\u017edy d\u016fle\u017eit\u00e9, kdo je t\u00edm \u201elidem&quot;. Ve starov\u011bku byli \u201elidem&quot; pouze svobodn\u00ed a majetn\u00ed ob\u010dan\u00e9. Pokud na rozd\u00edl od na\u0161\u00ed pravice budeme za lid pova\u017eovat v\u0161echny ob\u010dany, potom by byl v\u00fdsledek jasn\u00fd. Nazna\u010dila jej ji\u017e referenda v Nizozem\u00ed a Francii (k Evropsk\u00e9 \u00fastavn\u00ed smlouv\u011b), kter\u00e1 znamenala konec Evropsk\u00e9 \u00fastavn\u00ed smlouvy. <\/p>\n<p align=\"justify\"> <em>P\u0159edseda Evropsk\u00e9ho parlamentu Hans-Gert Poettering si podle sv\u00e9ho nejnov\u011bj\u0161\u00edho vyj\u00e1d\u0159en\u00ed p\u0159eje, \u201eaby proces ratifikace Lisabonsk\u00e9 smlouvy pokra\u010doval&quot;. Cht\u011bl by, aby smlouva vstoupila v platnost je\u0161t\u011b p\u0159ed evropsk\u00fdmi volbami v \u010dervnu p\u0159\u00ed\u0161t\u00edho roku. Jak\u00fd m\u00e1\u0161 na to n\u00e1zor?<\/em> <\/p>\n<p align=\"justify\"> \u00dasp\u011bch irsk\u00e9ho referenda (tj. odm\u00edtnut\u00ed navrhovan\u00fdch zm\u011bn smluv) p\u0159edev\u0161\u00edm nazna\u010duje \u0161patn\u00e9 m\u00edn\u011bn\u00ed ob\u010dan\u016f o sm\u011bru, kter\u00fdm je EU \u0159\u00edzena z Bruselu. Jestli\u017ee v\u00edce ne\u017e 70 % legislativy platn\u00e9 v \u010dlensk\u00fdch st\u00e1tech EU poch\u00e1z\u00ed pr\u00e1v\u011b z t\u00e9to kuchyn\u011b, je pro \u0159adu vl\u00e1d, kter\u00e9 si nejsou jisty \u201ev kramflec\u00edch&quot;, nejjednodu\u0161\u0161\u00ed prezentovat nejhor\u0161\u00ed protilidov\u00e9 v\u00fdmysly z vlastn\u00ed kuchyn\u011b jako aplikaci bruselsk\u00fdch na\u0159\u00edzen\u00ed. Vzpom\u00edn\u00e1m si, \u017ee to takto d\u011blaly i vl\u00e1dy, kter\u00e9 jsem m\u011bl mo\u017enost sledovat zbl\u00edzka a kritizovat jako \u010dlen Poslaneck\u00e9 sn\u011bmovny Parlamentu \u010cR. Dok\u00e1\u017eu si p\u0159edstavit, \u017ee podobn\u00e1 tendence se uplat\u0148uje i v jin\u00fdch st\u00e1tech a samoz\u0159ejm\u011b negativn\u011b ovliv\u0148uje ve\u0159ejn\u00e9 m\u00edn\u011bn\u00ed proti v\u0161emu, co p\u0159ich\u00e1z\u00ed \u201ez Bruselu&quot;. <\/p>\n<p align=\"justify\"> Respektuji p\u0159\u00e1n\u00ed p\u0159edsedy EP, koneckonc\u016f jde o linii p\u0159ijatou p\u0159ed v\u00edce ne\u017e rokem v Berl\u00edn\u011b pod patronac\u00ed n\u011bmeck\u00e9 kancl\u00e9\u0159ky Merkelov\u00e9, jeho stranick\u00e9 p\u0159edsedkyn\u011b. Nevid\u00edm ale mo\u017enost ratifikovat Lisabonskou smlouvu navzdory negativn\u00edmu v\u00fdsledku referenda v Irsku. Dokument t\u00e9to s\u00edly podle v\u0161ech dosavadn\u00edch pravidel mus\u00ed b\u00fdt schv\u00e1len jednomysln\u011b v\u0161emi \u010dlensk\u00fdmi st\u00e1ty. Bude tedy zaj\u00edmav\u00e9, jak\u00fdmi piruetami se pokus\u00ed toto z\u00e1kladn\u00ed pravidlo zejm\u00e9na konzervativn\u00ed vl\u00e1dy nap\u0159\u00ed\u010d EU obej\u00edt. Domn\u00edv\u00e1m se, \u017ee u t\u00e9mat, kter\u00e1 jsou pro irsk\u00e9 ob\u010dany nejcitliv\u011bj\u0161\u00ed, bude snaha vyhl\u00e1sit v\u00fdjimku z platnosti (tzv. opt-out) pro Irsko. <\/p>\n<p align=\"justify\"> V sou\u010dasn\u00e9 dob\u011b nevid\u00edm d\u016fvod, pro kter\u00fd by EU bez tzv. Lisabonsk\u00e9 smlouvy nemohla fungovat. D\u016fkazem budi\u017e sou\u010dasn\u00e9 \u010dty\u0159let\u00e9 obdob\u00ed. Pochopiteln\u011b jsou body, o kter\u00fdch se v souvislosti s Evropskou \u00fastavn\u00ed smlouvou, resp. s Lisabonskou smlouvou hovo\u0159ilo a kter\u00e9 by bylo vhodn\u00e9 prosazovat i p\u0159i nep\u0159ijet\u00ed Lisabonsk\u00e9 smlouvy. Jedn\u00e1 se o zv\u00fd\u0161en\u00ed \u00falohy n\u00e1rodn\u00edch parlament\u016f a Evropsk\u00e9ho parlamentu, o u\u017e\u0161\u00ed koordinaci spole\u010dn\u00e9 zahrani\u010dn\u00ed a bezpe\u010dnostn\u00ed politiky (ov\u0161em nez\u00e1visle na paktu NATO a tzv. transatlantick\u00e9 vazb\u011b s velk\u00fdm bratrem z Washingtonu) a samoz\u0159ejm\u011b o v\u011bt\u0161\u00ed akcent v cel\u00e9 soci\u00e1ln\u00ed oblasti. <\/p>\n<p align=\"justify\"> Pozitivn\u00ed zm\u011bny Smlouvy o zalo\u017een\u00ed EU i Smlouvy o fungov\u00e1n\u00ed EU je samoz\u0159ejm\u011b mo\u017en\u00e9 postupn\u011b p\u0159ipravit. Takov\u00e9 zm\u011bny ale jist\u011b nebude prosazovat francouzsk\u00e9 ani \u010desk\u00e9 p\u0159edsednictv\u00ed a t\u011b\u017eko by je podpo\u0159il Evropsk\u00fd parlament v sou\u010dasn\u00e9m slo\u017een\u00ed. V\u011b\u0159\u00edm, \u017ee po volb\u00e1ch do EP v \u010dervnu p\u0159\u00ed\u0161t\u00edho roku, bude nov\u00fd Evropsk\u00fd parlament spole\u010dn\u011b s novou Komis\u00ed schopen k takov\u00fdm zm\u011bn\u00e1m p\u0159isp\u011bt daleko l\u00e9pe, ne\u017e v sou\u010dasn\u00e9m slo\u017een\u00ed t\u011bchto dvou org\u00e1n\u016f. <\/p>\n<p align=\"justify\"> <em>Jak\u00e1 by podle tebe musela b\u00fdt \u00fastavn\u00ed smlouva, kter\u00e1 by nej\u0161ir\u0161\u00edm mas\u00e1m ob\u010dan\u016f EU vyhovovala? A je n\u011bjak\u00e9 smlouvy v\u016fbec pot\u0159eba?<\/em> <\/p>\n<p align=\"justify\"> Sou\u010dasn\u00e9 zn\u011bn\u00ed Smlouvy zakl\u00e1daj\u00edc\u00ed EU by m\u011blo b\u00fdt v\u00fdrazn\u011b zestru\u010dn\u011bno s t\u00edm, \u017ee pokud m\u00e1 m\u00edt charakter \u00dastavy, \u0159ada sou\u010dasn\u00fdch \u010d\u00e1st\u00ed do n\u00ed nepat\u0159\u00ed. Podobn\u011b Smlouva o fungov\u00e1n\u00ed EU, pokud m\u00e1 b\u00fdt p\u0159ijateln\u00e1 pro levici, nem\u016f\u017ee b\u00fdt dokumentem tak extr\u00e9mn\u011b liber\u00e1ln\u00edm jako Smlouva z Lisabonu. Mus\u00ed jasn\u011b deklarovat m\u00edrovou politiku EU a do pop\u0159ed\u00ed postavit soci\u00e1ln\u00ed ot\u00e1zky. Charta z\u00e1kladn\u00edch pr\u00e1v EU jako slab\u00fd odvar podobn\u00fdch p\u0159ijat\u00fdch dokument\u016f, by m\u011bla b\u00fdt nahrazena mezin\u00e1rodn\u011b uzn\u00e1van\u00fdm dokumentem, kter\u00e9 p\u0159ijalo Valn\u00e9 shrom\u00e1\u017ed\u011bn\u00ed OSN v roce 1948. <\/p>\n<p align=\"justify\"> Je\u0161t\u011b jednou ale zd\u016fraz\u0148uji, \u017ee v sou\u010dasn\u00e9m stavu je EU schopna fungov\u00e1n\u00ed a efektivn\u00ed \u010dinnosti, a \u017ee p\u0159ijet\u00ed, nebo nep\u0159ijet\u00ed Lisabonsk\u00e9 smlouvy nen\u00ed pro dal\u0161\u00ed v\u00fdvoj rozhoduj\u00edc\u00ed. Podstatn\u011b d\u016fle\u017eit\u011bj\u0161\u00ed je \u00fasp\u011bch levice v parlamentn\u00edch volb\u00e1ch v jednotliv\u00fdch \u010dlensk\u00fdch st\u00e1tech a ve volb\u00e1ch do Evropsk\u00e9ho parlamentu. Pr\u00e1v\u011b ten m\u016f\u017ee p\u0159in\u00e9st posun \u017e\u00e1douc\u00edm sm\u011brem a j\u00e1 v\u011b\u0159\u00edm, \u017ee z\u00e1stupci KS\u010cM se v t\u00e9to \u010dinnosti neztrat\u00ed. <\/p>\n<p align=\"justify\"> Hal\u00f3 noviny, 20. 6.2008 <\/p>\n","protected":false},"excerpt":{"rendered":"<p>O Lisabonsk\u00e9 smlouv\u011b a irsk\u00e9m referendu. Rozhovor Jarom\u00edr Kohl\u00ed\u010dka s Danielem Stro\u017eem<\/p>\n","protected":false},"author":1,"featured_media":275,"comment_status":"open","ping_status":"open","sticky":false,"template":"","format":"standard","meta":{"_mi_skip_tracking":false,"_exactmetrics_sitenote_active":false,"_exactmetrics_sitenote_note":"","_exactmetrics_sitenote_category":0},"categories":[9],"tags":[28],"_links":{"self":[{"href":"http:\/\/novysmer.cz\/index.php\/wp-json\/wp\/v2\/posts\/291"}],"collection":[{"href":"http:\/\/novysmer.cz\/index.php\/wp-json\/wp\/v2\/posts"}],"about":[{"href":"http:\/\/novysmer.cz\/index.php\/wp-json\/wp\/v2\/types\/post"}],"author":[{"embeddable":true,"href":"http:\/\/novysmer.cz\/index.php\/wp-json\/wp\/v2\/users\/1"}],"replies":[{"embeddable":true,"href":"http:\/\/novysmer.cz\/index.php\/wp-json\/wp\/v2\/comments?post=291"}],"version-history":[{"count":0,"href":"http:\/\/novysmer.cz\/index.php\/wp-json\/wp\/v2\/posts\/291\/revisions"}],"wp:featuredmedia":[{"embeddable":true,"href":"http:\/\/novysmer.cz\/index.php\/wp-json\/wp\/v2\/media\/275"}],"wp:attachment":[{"href":"http:\/\/novysmer.cz\/index.php\/wp-json\/wp\/v2\/media?parent=291"}],"wp:term":[{"taxonomy":"category","embeddable":true,"href":"http:\/\/novysmer.cz\/index.php\/wp-json\/wp\/v2\/categories?post=291"},{"taxonomy":"post_tag","embeddable":true,"href":"http:\/\/novysmer.cz\/index.php\/wp-json\/wp\/v2\/tags?post=291"}],"curies":[{"name":"wp","href":"https:\/\/api.w.org\/{rel}","templated":true}]}}