{"id":315,"date":"2009-03-22T10:58:14","date_gmt":"2009-03-22T09:58:14","guid":{"rendered":"http:\/\/novysmer.cz\/index.php\/2009\/03\/22\/vlada-zruila-zvyeni-dan-pro-bohate\/"},"modified":"2009-03-22T10:58:14","modified_gmt":"2009-03-22T09:58:14","slug":"vlada-zruila-zvyeni-dan-pro-bohate","status":"publish","type":"post","link":"http:\/\/novysmer.cz\/index.php\/2009\/03\/22\/vlada-zruila-zvyeni-dan-pro-bohate\/","title":{"rendered":"Vl\u00e1da zru\u0161ila  zv\u00fd\u0161en\u00ed  dan\u011b  pro bohat\u00e9"},"content":{"rendered":"<p align=\"justify\"> <img loading=\"lazy\" class=\" alignleft size-full wp-image-3\" src=\"http:\/\/novysmer.cz\/wp-content\/uploads\/2007\/10\/logo.jpg\" border=\"0\" alt=\"logo\" title=\"logo\" hspace=\"5\" vspace=\"5\" width=\"100\" height=\"65\" align=\"left\" \/>Jak jinak, p\u0159ece t\u00e1to vl\u00e1da a v\u0161echny\u00a0 pravicov\u00e9\u00a0 vl\u00e1dy , kter\u00e9 zde vl\u00e1dly po roce 1989 chr\u00e1n\u00ed z\u00e1jmy\u00a0 bohat\u00fdch\u00a0 vrstev, tedy lid\u00ed\u00a0 dob\u0159e\u00a0 vyd\u011bl\u00e1vaj\u00edc\u00edch, kte\u0159\u00ed jsou\u00a0\u00a0 tak\u00e9 jej\u00edch potencion\u00e1ln\u00edmi voli\u010di. Je s podivem, kolik finan\u010dn\u00edch prost\u0159edk\u016f lze vz\u00edt dan\u011bmi a soci\u00e1ln\u00edm a zdravotn\u00edm poji\u0161t\u011bn\u00edm oby\u010dejn\u00fdm lidem ze\u00a0 mzdy, kter\u00e1 se mnohdy rovn\u00e1\u00a0 minim\u00e1ln\u00ed mzd\u011b \/ jen\u017e\u00a0 je z\u00a0 hlediska \u017eivotn\u00edch n\u00e1klad\u016f, pouhou \u017eebra\u010denkou \/ a jak solid\u00e1rn\u011b lidsk\u00fd je tento syst\u00e9m\u00a0 k lidem, kte\u0159\u00ed\u00a0 maj\u00ed nadpr\u016fm\u011brn\u00e9\u00a0 v\u00fdd\u011blky v na\u0161\u00ed zem\u00ed.  <\/p>\n<p> \u00a0 <\/p>\n<p> <!--more--> <\/p>\n<p align=\"justify\"> Syst\u00e9m, jen\u017e\u00a0 zde uplat\u0148uje pravice, ale\u00a0 nejen ona, je syst\u00e9mem loupe\u017eiv\u00fdch lapk\u016f, tedy chud\u00fdm vz\u00edt\u00a0 co se d\u00e1, okr\u00e1st jej na \u010dem se d\u00e1 a bohat\u00fdm p\u0159idat, kde se jen d\u00e1, nebo alespo\u0148 jim nic nevz\u00edt. Zat\u00edm co \u010dlov\u011bk s minim\u00e1ln\u00ed mzdou \u017eije jak se \u0159\u00edk\u00e1 z ruky do huby a opa\u010dn\u011b a\u00a0 \u010dlov\u011bk s\u00a0 podpr\u016fm\u011brn\u00fdm platem \u017eije\u00a0 od v\u00fdplaty\u00a0 k\u00a0 v\u00fdplat\u011b, lidem dob\u0159e\u00a0 vyd\u011bl\u00e1vaj\u00edc\u00edm, zbohatl\u00edk\u016fm a lidem majetn\u00fdm se i v krizi, kdy se pomalu hrout\u00ed syst\u00e9m tolik nadstandardn\u011b propagovan\u00e9ho tr\u017en\u00edho hospod\u00e1\u0159stv\u00ed \u017eije pom\u011brn\u011b\u00a0 nadstandardn\u011b. Lze to sm\u011ble p\u0159irovnat k\u00a0 poh\u00e1dce o c\u00edsa\u0159i, jen\u017e je od\u011bn do sv\u00fdch \u201e nov\u00fdch\u00a0 \u0161at\u016f \u201ca\u00a0 ony jsou tak pr\u016fhledn\u00e9, \u017ee se z n\u011bj st\u00e1v\u00e1 exhibicionista. Je\u00a0 to tak\u00e9 o tom, \u017ee\u00a0 ob\u010dan\u00e9\u00a0 se ji\u017e dus\u00ed od opr\u00e1tky \u010di \u0161krtidel r\u016fzn\u00fdch pravici obhajovan\u00fdch ekonomick\u00fdch a soci\u00e1ln\u00edch bal\u00edk\u016f a bal\u00ed\u010dk\u016f a druh\u00fdm pr\u00e1v\u011b d\u00edky opat\u0159en\u00edm a r\u016fzn\u00fdm nehor\u00e1zn\u00fdm zv\u00fdhodn\u011bn\u00edm vl\u00e1dy, zde kvete p\u0161enka. Vl\u00e1da\u00a0 se chov\u00e1 jak pov\u011bstn\u00fd J\u00e1no\u0161\u00edk, jen\u00a0 v opa\u010dn\u00e9m slova smyslu, ale to\u00a0 je p\u0159\u00edzna\u010dn\u00e9 pro\u00a0 kapitalismus.\u00a0 Ono i ten primitivn\u00ed a\u017e p\u0159ihloupl\u00fd antikomunismus, kter\u00fd\u00a0 je\u00a0 uplat\u0148ov\u00e1n jako zbra\u0148 proti levici, tedy KS\u010cM,\u00a0 m\u00e1\u00a0 svou\u00a0 vypov\u00eddac\u00ed hodnotu, hlavn\u011b\u00a0 v obdob\u00ed\u00a0 voleb, jeliko\u017e stokr\u00e1t opakovan\u00e1 le\u017e, se\u00a0 nakonec stane i pravdou a\u00a0 prore\u017eimn\u00ed tisk\u00a0\u00a0 pravici slou\u017e\u00ed do roztrh\u00e1n\u00ed t\u011bla.\u00a0\u00a0 <\/p>\n<p> Pro\u00a0 pravici, jejich\u00a0 vl\u00e1dy a strany, je to velice d\u016fle\u017eit\u00e1 forma\u00a0 boje o moc\u00a0 v t\u00e9to zem\u00ed. Ono se tak\u00e9 od tohoto odv\u00edj\u00ed i\u00a0 jejich \u00fasp\u011bch \u010di ne\u00fasp\u011bch\u00a0 ve\u00a0 volb\u00e1ch v\u0161eho druhu a tak\u00e9\u00a0 financov\u00e1n\u00ed\u00a0 jejich politick\u00e9 \u010dinnosti, kter\u00e1 je\u00a0 v hlavn\u00ed m\u011b\u0159e dotov\u00e1na z na\u0161\u00edch dan\u00ed. Proto si tak\u00e9 svou politikou a ochranou t\u011bchto j\u00edm slou\u017e\u00edc\u00edch\u00a0 vrstev ve spole\u010dnosti udr\u017euj\u00ed procentu\u00e1ln\u011b svou voli\u010dskou z\u00e1kladnu. Je\u00a0 tak\u00e9 pravdou, \u017ee\u00a0 lid\u00e9\u00a0 nechod\u00ed k volb\u00e1m z d\u016fvodu toho, \u017ee jsou zastra\u0161ov\u00e1n\u00ed pr\u00e1v\u011b\u00a0 prore\u017eimn\u00edm tiskem a\u00a0 p\u00e1r jedinci, kte\u0159\u00ed otev\u0159en\u011b vyhro\u017euj\u00ed n\u00e1sil\u00edm v p\u0159\u00edpad\u011b mo\u017en\u00e9ho v\u00edt\u011bzstv\u00ed\u00a0 komunist\u016f. <\/p>\n<p> T\u011bmito a\u00a0 podobn\u00fdmi\u00a0 opat\u0159en\u00edmi jen dokazuji, \u017ee nejsou schopn\u00ed v\u00e9st tento st\u00e1t a to z prost\u00e9ho d\u016fvod\u016f, v\u0161e\u00a0 rozprodali, rozkradli, zadlu\u017eili a nechali vytunelovat, tedy jin\u00fdmi slovy, v\u0161e je\u00a0 v ruk\u00e1ch nadn\u00e1rodn\u00edch spole\u010dnost\u00ed, kter\u00e9 se tv\u00e1\u0159\u00ed jako na\u0161\u00ed zachr\u00e1nci, p\u0159itom n\u00e1s d\u00edky primitivizmu \u010di nejapn\u00e9mu\u00a0 analfabetizmu a korup\u010dn\u00edmu prost\u0159ed\u00ed, jen\u017e je tak vlastn\u00ed na\u0161\u00edm politik\u016fm a\u00a0 jejich pravicov\u00fdm\u00a0 vl\u00e1d\u00e1m, okr\u00e1daj\u00ed kde mohou, viz jejich zisky, naposledy t\u0159eba zve\u0159ejn\u011bn\u00e9 zisky, jen\u017e dos\u00e1hly\u00a0 u\u00a0 n\u00e1s zahrani\u010dn\u00ed\u00a0 banky, kter\u00e9\u00a0 na\u0161ince d\u0159ou z pen\u011bz v\u0161emi mo\u017en\u00fdmi zp\u016fsoby.\u00a0 <\/p>\n<p> Nelze tedy\u00a0\u00a0 nevzpomenout i\u00a0 ono\u00a0 zru\u0161en\u00ed v\u011bt\u0161\u00ed da\u0148ov\u00e9 z\u00e1t\u011b\u017ee\u00a0 bohat\u00fdch, j\u00edm\u017e st\u00e1t\u00a0 nav\u00edc\u00a0 d\u00e1v\u00e1 mo\u017enost rychlej\u0161\u00edch odpis\u016f, \u010di financov\u00e1n\u00ed zcela zbyte\u010dn\u00fdch rekvalifikac\u00ed a kurz\u016f, kdy\u017e\u00a0 ty nemaj\u00ed na na\u0161em trhu pr\u00e1ce \u017e\u00e1dn\u00e9 uplatn\u011bn\u00ed \u010di\u00a0 mzdov\u00e9 prost\u0159edky a\u00a0 narovn\u00e1n\u00ed, ve smyslu toho, aby nepropou\u0161t\u011bli sv\u00e9 zam\u011bstnance. Privatizace je k ni\u010demu. kdy\u017e\u00a0 do takov\u00fdchto podnik\u016f\u00a0 nal\u00e9v\u00e1me finan\u010dn\u00ed prost\u0159edky nejen\u00a0 ze st\u00e1tn\u00ed kasy, ale i evropsk\u00fdch fond\u016f\u00a0 abychom je zachr\u00e1nili. Tyto podniky\u00a0 \u0159adu let sv\u00e9 zisky z na\u0161\u00ed pr\u00e1ce a\u00a0 vst\u0159\u00edcnost\u00ed, mnohdy i zjevn\u00e9 korupce pravicov\u00fdch\u00a0 vl\u00e1d \/ da\u0148ov\u00e9 pr\u00e1zdniny a r\u016fzn\u00e9 podobn\u00e9 \u201e v\u00fdhody \u201c, spolufinancov\u00e1n\u00ed\u00a0 v\u00fdstavby podnik\u016f, mnohdy na \u201czelen\u00e9\u00a0 louce \u201c a podobn\u011b\/, utr\u00e1cely za\u00a0 hranicemi na\u0161eho st\u00e1tu. Kdy\u017e do\u0161ly\u00a0 v\u00fdhody, odch\u00e1zeli a budou odch\u00e1zet\u00a0 do m\u00edst, kde zase\u00a0 budou moc\u00ed nab\u00fdvat sv\u00e9 jm\u011bn\u00ed a zneu\u017e\u00edvat korupci ke sv\u00fdm zisk\u016fm. Po p\u00e1r\u00a0 letech jsme se stali mont\u00e1\u017en\u00edm st\u00e1tem, tuneluj\u00ed i na\u0161\u00ed\u00a0 inteligenci, tedy tu schopnou a tu\u00a0 neschopnou\u00a0 korumpuj\u00ed, viz na\u0161e vl\u00e1dy, politick\u00e9 \u201e \u0161pi\u010dky \u201c, poslance, mnohdy i sen\u00e1tory, ale nejen je. V minulosti za\u00a0 v\u0161e\u00a0 mohli komunist\u00e9, te\u010f se ukazuje, \u017ee to tak nen\u00ed, p\u00e1r nesyst\u00e9mov\u00fdch akc\u00ed a krach\u016f t\u011bch, kdo\u017e\u00a0 si ji\u017e dlouh\u00e1 l\u00e9ta \u017eili\u00a0 nad pom\u011bry, p\u00e1r chybn\u00fdch krok\u016f t\u011bch, kdo\u017e o\u00a0 v\u0161em ve sv\u011bt\u011b rozhoduj\u00ed a m\u00e1me tady\u00a0 ekonomickou a hospod\u00e1\u0159skou krizi, ta musela opravdu p\u0159ij\u00edt, modla \u201e tr\u017en\u00edho hospod\u00e1\u0159stv\u00ed \u201e je pro naivn\u00ed, stejn\u011b tak\u00a0 jako obludn\u00fd je s\u00e1m kapitalismus.\u00a0 Je\u0161t\u011b\u00a0 p\u00e1r let a staneme se doopravdy \u201e ban\u00e1novou republikou \u201c. <\/p>\n<p> Ministr Ne\u010das\u00a0 nem\u00e1 pen\u00edze, trp\u00ed soci\u00e1ln\u00ed oblast, st\u00e1t je v milionov\u00e9m propadu a\u00a0 ministr Kalousek, ten p\u0159i\u0161el z dluhopisy, chce si\u00a0 p\u016fj\u010dit od t\u011bch, kter\u00e9 na stran\u011b druh\u00e9,\u00a0 nel\u00edtostn\u011b okr\u00e1d\u00e1.  <\/p>\n<p align=\"justify\"> \u00a0 <\/p>\n<p align=\"justify\"> Janu\u0161 Adamus  <\/p>\n<p> \u00a0 <\/p>\n","protected":false},"excerpt":{"rendered":"<p>Jak jinak, p\u0159ece t\u00e1to vl\u00e1da a v\u0161echny\u00a0 pravicov\u00e9\u00a0 vl\u00e1dy , kter\u00e9 zde vl\u00e1dly po roce 1989 chr\u00e1n\u00ed z\u00e1jmy\u00a0 bohat\u00fdch\u00a0 vrstev,<\/p>\n","protected":false},"author":1,"featured_media":3,"comment_status":"open","ping_status":"open","sticky":false,"template":"","format":"standard","meta":{"_mi_skip_tracking":false,"_exactmetrics_sitenote_active":false,"_exactmetrics_sitenote_note":"","_exactmetrics_sitenote_category":0},"categories":[5],"tags":[],"_links":{"self":[{"href":"http:\/\/novysmer.cz\/index.php\/wp-json\/wp\/v2\/posts\/315"}],"collection":[{"href":"http:\/\/novysmer.cz\/index.php\/wp-json\/wp\/v2\/posts"}],"about":[{"href":"http:\/\/novysmer.cz\/index.php\/wp-json\/wp\/v2\/types\/post"}],"author":[{"embeddable":true,"href":"http:\/\/novysmer.cz\/index.php\/wp-json\/wp\/v2\/users\/1"}],"replies":[{"embeddable":true,"href":"http:\/\/novysmer.cz\/index.php\/wp-json\/wp\/v2\/comments?post=315"}],"version-history":[{"count":0,"href":"http:\/\/novysmer.cz\/index.php\/wp-json\/wp\/v2\/posts\/315\/revisions"}],"wp:featuredmedia":[{"embeddable":true,"href":"http:\/\/novysmer.cz\/index.php\/wp-json\/wp\/v2\/media\/3"}],"wp:attachment":[{"href":"http:\/\/novysmer.cz\/index.php\/wp-json\/wp\/v2\/media?parent=315"}],"wp:term":[{"taxonomy":"category","embeddable":true,"href":"http:\/\/novysmer.cz\/index.php\/wp-json\/wp\/v2\/categories?post=315"},{"taxonomy":"post_tag","embeddable":true,"href":"http:\/\/novysmer.cz\/index.php\/wp-json\/wp\/v2\/tags?post=315"}],"curies":[{"name":"wp","href":"https:\/\/api.w.org\/{rel}","templated":true}]}}