{"id":34,"date":"2007-11-02T12:29:37","date_gmt":"2007-11-02T11:29:37","guid":{"rendered":"http:\/\/novysmer.cz\/index.php\/2007\/11\/02\/nmecko-ve-strategickych-souvislostech-18\/"},"modified":"2007-11-02T12:29:37","modified_gmt":"2007-11-02T11:29:37","slug":"nmecko-ve-strategickych-souvislostech-18","status":"publish","type":"post","link":"http:\/\/novysmer.cz\/index.php\/2007\/11\/02\/nmecko-ve-strategickych-souvislostech-18\/","title":{"rendered":"N\u011aMECKO  VE STRATEGICK\u00ddCH SOUVISLOSTECH (18)"},"content":{"rendered":"<p> <img loading=\"lazy\" class=\" alignleft size-full wp-image-3\" src=\"http:\/\/novysmer.cz\/wp-content\/uploads\/2007\/10\/logo.jpg\" border=\"0\" alt=\"logo\" title=\"logo\" hspace=\"5\" vspace=\"5\" width=\"100\" height=\"65\" align=\"left\" \/>L\u00edtost nad ob\u011btmi n\u011bmeck\u00e9ho agresora  <\/p>\n<p> <!--more--> <\/p>\n<p> \u010ceskoslovensk\u00fd diplomat F. \u010cern\u00fd v Lond\u00fdn\u011b v listopadu 1941 \u0159ekl mj. k ot\u00e1zce N\u011bmc\u016f v \u010ceskoslovensku: \u201eMy budeme v\u017edy siln\u011bj\u0161\u00ed, budeme-li bez N\u011bmc\u016f \u2026 pro republiku to je naprostou nutnost\u00ed, probl\u00e9m N\u011bmc\u016f v \u010cSR je nejv\u00e1\u017en\u011bj\u0161\u00edm probl\u00e9mem, kter\u00fd na\u0161i st\u00e1tn\u00edci budou povol\u00e1ni \u0159e\u0161it. Od jeho sv\u00e9pr\u00e1vn\u00e9ho rozhodnut\u00ed z\u00e1le\u017e\u00ed, a to na stalet\u00ed, klidn\u00fd v\u00fdvoj na\u0161ich pom\u011br\u016f a zd\u00e1rn\u00fd rozvoj republiky.\u201c  <\/p>\n<p> Jeho pohled rozhodn\u011b nebyl jen dobov\u00fd, ale obsahoval a obsahuje i dnes v\u00fdznamnou dimenzi my\u0161len\u00ed a na\u0161ich p\u0159\u00edstup\u016f.  <\/p>\n<p> N\u011bmci na\u0159\u00edkaj\u00ed nad odsunem, cht\u011bj\u00ed, abychom je litovali. Abychom dodate\u010dn\u011b jako \u010desk\u00fd a slovensk\u00fd n\u00e1rod p\u0159ijali jimi vnucovanou pozici t\u011bch, co se maj\u00ed odpov\u00eddat za odsun. Abychom sami p\u0159e\u0161li z pozice v\u00edt\u011bz\u016f nad N\u011bmeckem ve druh\u00e9 sv\u011btov\u00e9 v\u00e1lce na lavici ob\u017ealovan\u00fdch za odsun. A ti, co slou\u017eili Hitlerovi a rozb\u00edjeli republiku, aby se stali st\u0159edem pozornosti a nav\u00edc aby sb\u00edrali \u201eomluvy\u201c od t\u011bch zem\u00ed, kter\u00e9 se jich kone\u010dn\u011b v roce 1945 zbavily. Ob\u011bti n\u011bmeck\u00fdch agresor\u016f a jejich pomocn\u00edk\u016f z p\u00e1t\u00fdch kolon nezapom\u00ednaj\u00ed. I dnes je nutn\u00e9 p\u0159ipomenout, \u017ee N\u011bmecko druhou sv\u011btovou v\u00e1lku prohr\u00e1lo.  <\/p>\n<p> N\u011bmeck\u00fd pokrokov\u00fd myslitel a kritik n\u011bmeck\u00e9ho fa\u0161ismu F.W. Foerster ve sv\u00e9 knize <br \/> \u201e Evropa a n\u011bmeck\u00e1 ot\u00e1zka\u201c napsal po por\u00e1\u017ece N\u011bmecka ve druh\u00e9 sv\u011btov\u00e9 v\u00e1lce na adresu N\u011bmc\u016f: \u201eVy sami jste vinni svou b\u00eddou, nebo\u0165 va\u0161e po stalet\u00ed rostouc\u00ed p\u00fdcha nemohla jinak skon\u010dit. Odplatou za h\u0159\u00edch je smrt. P\u0159edstavovali jste si bezbo\u017en\u011b snadn\u00e9 vn\u00e1\u0161eti smrt a zni\u010den\u00ed do cel\u00e9ho p\u0159ekvapen\u00e9ho sv\u011bta. M\u00e1te na sv\u011bdom\u00ed miliony \u017eivot\u016f, s nimi\u017e jste jednali, jako by to byl pouh\u00fd hmyz.  <\/p>\n<p> Vyhnali jste miliony lid\u00ed z domov\u016f, prom\u011bnili jste v popel a trosky miliony dom\u016f! Nyn\u00ed skl\u00edz\u00edte \u017ee\u0148 sv\u00e9 dra\u010d\u00ed setby! Oslavovali jste krev a \u017eelezo, nyn\u00ed vid\u00edte, \u017ee sv\u011bt, kter\u00fd jste vyz\u00fdvali a provokovali k boji, poslal na v\u00e1s mnohem v\u00edce krve a \u017eeleza, ne\u017e jste mohli pustit na n\u011bj.  <\/p>\n<p> Nyn\u00ed d\u011bkujte Bohu, \u017ee v\u00e1m kone\u010dn\u011b seslal tento proti\u00fader, aby v\u00e1s p\u0159ivedl ze \u0161\u00edlenstv\u00ed zp\u011bt k rozumu a zbavil p\u00fdchy, aby jste poznali zdrav\u00e9 m\u011b\u0159\u00edtko p\u0159i hodnocen\u00ed sv\u00fdch pr\u00e1v a sv\u00fdch po\u017eadavk\u016f\u2026  <\/p>\n<p> Jestli\u017ee cel\u00e9 generace nestoudn\u011b veleb\u00ed v\u00e1lku a nec\u00edt\u00ed ciz\u00ed utrpen\u00ed, jestli\u017ee se ide\u00e1m pr\u00e1va vysm\u00edvaj\u00ed na v\u0161ech ulic\u00edch a jestli\u017ee zlot\u0159il\u00e1 moc je prohl\u00e1\u0161ena za smysl \u017eivota, pak jednoho dne d\u00e9mon, seslan\u00fd na \u017e\u00e1dost provinilc\u016f, vyslov\u00ed v\u0161echno, co sm\u011blo b\u00fdt dosud pouze \u0161ept\u00e1no, dnes je dokument\u00e1rn\u011b jasn\u00e9, \u017ee ji\u017e prvn\u00ed sv\u011btov\u00e1 v\u00e1lka byla kolektivn\u00edm zlo\u010dinem a \u017ee nov\u00e1 sv\u011btov\u00e1 v\u00e1lka po\u010daly b\u00fdt p\u0159ipravov\u00e1na ihned s bezprost\u0159edn\u011b po skon\u010den\u00ed p\u0159\u00edm\u011b\u0159\u00ed v\u00e1lky prv\u00e9\u201c.  <\/p>\n<p> Nem\u011blo by se zapom\u00ednat na to, \u017ee n\u011bmeck\u00fd revan\u0161ismus si k \u010cR i dal\u0161\u00edm zem\u00edm dovol\u00ed to, co je mu dovoleno.  <\/p>\n<p> Doc. PhDr. Josef Grou\u0161l, CSc.  <\/p>\n<p> Pokra\u010dov\u00e1n\u00ed  <\/p>\n","protected":false},"excerpt":{"rendered":"<p>L\u00edtost nad ob\u011btmi n\u011bmeck\u00e9ho agresora<\/p>\n","protected":false},"author":1,"featured_media":3,"comment_status":"open","ping_status":"open","sticky":false,"template":"","format":"standard","meta":{"_mi_skip_tracking":false,"_exactmetrics_sitenote_active":false,"_exactmetrics_sitenote_note":"","_exactmetrics_sitenote_category":0},"categories":[9],"tags":[16],"_links":{"self":[{"href":"http:\/\/novysmer.cz\/index.php\/wp-json\/wp\/v2\/posts\/34"}],"collection":[{"href":"http:\/\/novysmer.cz\/index.php\/wp-json\/wp\/v2\/posts"}],"about":[{"href":"http:\/\/novysmer.cz\/index.php\/wp-json\/wp\/v2\/types\/post"}],"author":[{"embeddable":true,"href":"http:\/\/novysmer.cz\/index.php\/wp-json\/wp\/v2\/users\/1"}],"replies":[{"embeddable":true,"href":"http:\/\/novysmer.cz\/index.php\/wp-json\/wp\/v2\/comments?post=34"}],"version-history":[{"count":0,"href":"http:\/\/novysmer.cz\/index.php\/wp-json\/wp\/v2\/posts\/34\/revisions"}],"wp:featuredmedia":[{"embeddable":true,"href":"http:\/\/novysmer.cz\/index.php\/wp-json\/wp\/v2\/media\/3"}],"wp:attachment":[{"href":"http:\/\/novysmer.cz\/index.php\/wp-json\/wp\/v2\/media?parent=34"}],"wp:term":[{"taxonomy":"category","embeddable":true,"href":"http:\/\/novysmer.cz\/index.php\/wp-json\/wp\/v2\/categories?post=34"},{"taxonomy":"post_tag","embeddable":true,"href":"http:\/\/novysmer.cz\/index.php\/wp-json\/wp\/v2\/tags?post=34"}],"curies":[{"name":"wp","href":"https:\/\/api.w.org\/{rel}","templated":true}]}}