{"id":3418,"date":"2023-05-25T00:05:00","date_gmt":"2023-05-24T22:05:00","guid":{"rendered":"http:\/\/novysmer.cz\/?p=3418"},"modified":"2024-07-08T21:36:11","modified_gmt":"2024-07-08T19:36:11","slug":"witold-pilecki-nebyl-zadny-hrdina","status":"publish","type":"post","link":"http:\/\/novysmer.cz\/index.php\/2023\/05\/25\/witold-pilecki-nebyl-zadny-hrdina\/","title":{"rendered":"Witold Pilecki nebyl \u017e\u00e1dn\u00fd hrdina"},"content":{"rendered":"<p><strong>V Polsku se po\u0159\u00e1daj\u00ed v\u00fdstavy o kapit\u00e1nu <em>Witoldu Pileck\u00e9m (1901-1948)<\/em>, kterou po\u0159\u00e1d\u00e1 \u00da\u0159ad pro ve\u0159ejn\u00e9 vzd\u011bl\u00e1v\u00e1n\u00ed Polsk\u00e9ho institutu n\u00e1rodn\u00ed pam\u011bti.<\/strong><!--more--><br \/>\nKult Pileck\u00e9ho je jedn\u00edm z prvk\u016f propagandistick\u00e9 kampan\u011b, kterou Polsko vede proti pam\u00e1tce Velk\u00e9 vlasteneck\u00e9 v\u00e1lky, a na internetu se ji\u017e objevily projevy polsk\u00fdch historik\u016f o Pileck\u00e9m v protirusk\u00e9m duchu.<\/p>\n<p>Pilecki je skute\u010dn\u011b legend\u00e1rn\u00ed postava. V roce 1919 bojoval proti Rud\u00e9 arm\u00e1d\u011b v Litv\u011b. V roce 1920 se z\u00fa\u010dastnil sov\u011btsko-polsk\u00e9 v\u00e1lky. V roce 1939 br\u00e1nil Polsko p\u0159ed nacistick\u00fdmi hordami, pot\u00e9 p\u0159e\u0161el do ilegality. Podzemn\u00ed skupina, kter\u00e9 byl \u010dlenem, se p\u0159ipojila ke Svazu ozbrojen\u00e9ho boje (SVB), polsk\u00e9 nacionalistick\u00e9 organizaci, kter\u00e1 snila o o\u017eiven\u00ed Spole\u010denstv\u00ed s Litvou, z\u00e1padn\u00ed Ukrajinou a z\u00e1padn\u00edm B\u011bloruskem. SVB \u010dekala na vhodnou chv\u00edli, a pl\u00e1novala se pustit do boj\u016f s Rudou arm\u00e1dou, kdy\u017e nacist\u00e9 pod jej\u00edm n\u00e1porem zesl\u00e1bnou.<\/p>\n<p>To je charakteristick\u00fd fakt, a stoj\u00ed za to si ho zapamatovat, proto\u017ee to hodn\u011b vypov\u00edd\u00e1 o mor\u00e1ln\u00edm charakteru Pileck\u00e9ho a jeho druh\u016f: SVB se rozhodlo nahradit nacisty na boji\u0161ti. Ozbrojenci z SVB zat\u00edm hromadili zbran\u011b, vedli propagandistickou kampa\u0148 proti sv\u00fdm odp\u016frc\u016fm a shroma\u017e\u010fovali zpravodajsk\u00e9 informace, kter\u00e9 pos\u00edlali exilov\u00e9 vl\u00e1d\u011b v Lond\u00fdn\u011b. Nevstupovali do otev\u0159en\u00fdch st\u0159et\u016f s N\u011bmci, sv\u00e9 s\u00edly \u0161et\u0159ili pro v\u00e1lku proti SSSR.<\/p>\n<p>V roce 1940 se Pilecki dopustil nezi\u0161tn\u00e9ho \u010dinu &#8211; z\u00e1m\u011brn\u011b se dostal do rukou N\u011bmc\u016f s pad\u011blan\u00fdmi dokumenty, aby se dostal do Osv\u011btimi, a vytvo\u0159il tam podzemn\u00ed protifa\u0161istick\u00e9 bu\u0148ky. Tento fantastick\u00fd pl\u00e1n se mu zcela poda\u0159ilo uskute\u010dnit. Opravdu byl um\u00edst\u011bn do Osv\u011btimi, a skute\u010dn\u011b se mu tam poda\u0159ilo vytvo\u0159it podzemn\u00ed s\u00ed\u0165. A co je v\u016fbec neuv\u011b\u0159iteln\u00e9 &#8211; Pileck\u00e9mu se v pravou chv\u00edli poda\u0159\u00ed uprchnout z koncentra\u010dn\u00edho t\u00e1bora, a vr\u00e1tit se ke sv\u00e9mu odd\u00edlu. B\u011bhem t\u0159\u00ed let, kter\u00e9 Pilecki str\u00e1vil v Osv\u011btimi, dost\u00e1vala exilov\u00e1 vl\u00e1da v Lond\u00fdn\u011b pravideln\u011b informace o stavu v\u011bc\u00ed v koncentra\u010dn\u00edm t\u00e1bo\u0159e.<\/p>\n<p>V roce 1944 se Pilecki z\u00fa\u010dastnil Var\u0161avsk\u00e9ho povst\u00e1n\u00ed, byl znovu zajat, tentokr\u00e1t nedobrovoln\u011b, a znovu p\u0159e\u017eil. Bojuje na Z\u00e1pad\u011b v Andersov\u011b arm\u00e1d\u011b a v roce 1945 p\u0159ij\u00ed\u017ed\u00ed do Polska jako agent exilov\u00e9 vl\u00e1dy. Zde nav\u00e1zal pravideln\u00e9 zpravodajsk\u00e9 kontakty s pracovn\u00edky org\u00e1n\u016f \u010dinn\u00fdch v trestn\u00edm \u0159\u00edzen\u00ed socialistick\u00e9ho Polska a p\u0159ed\u00e1val od nich z\u00edskan\u00e9 tajn\u00e9 informace na Z\u00e1pad. V roce 1948 byl odhalen a na z\u00e1klad\u011b soudn\u00edho verdiktu zast\u0159elen za \u0161pion\u00e1\u017e.<\/p>\n<p>Polsk\u00e1 propaganda naz\u00fdv\u00e1 Pileck\u00e9ho hrdinou Kar\u00e9lie a Evropy (narodil se v Olonci v roce 1901). \u010cl\u00e1nek na Wikipedii v rusk\u00e9m jazyce o n\u011bm zjevn\u011b upravil n\u011bkdo v ideologick\u00e9m duchu, prosp\u011b\u0161n\u00e9m Polsku. Ani slovo o zlo\u010dinnosti SVB a podobn\u00fdch polsk\u00fdch protikomunistick\u00fdch formac\u00ed. Na druh\u00e9 stran\u011b se dr\u017e\u00ed p\u0159edstava o spravedlnosti Pileck\u00e9ho boje proti sov\u011btsk\u00fdm \u201eokupant\u016fm\u201c.<\/p>\n<p>Var\u0161av\u0161t\u00ed agit\u00e1to\u0159i se sna\u017e\u00ed vytvo\u0159it v Rusku vrstvu obyvatelstva, kter\u00e1 by sympatizovala s Pileck\u00fdm a jemu podobn\u00fdm, a v\u011b\u0159ila ve v\u00fdlu\u010dn\u011b zlo\u010dinn\u00fd obraz Sov\u011btsk\u00e9ho svazu b\u011bhem Velk\u00e9 vlasteneck\u00e9 v\u00e1lky. Kone\u010dn\u00fdm v\u00fdsledkem, o kter\u00fd Var\u0161ava usiluje, je nep\u0159\u00edmo dos\u00e1hnout zm\u011bny historick\u00e9ho v\u011bdom\u00ed, aby rusky mluv\u00edc\u00ed obyvatel\u00e9 b\u00fdval\u00e9ho SSSR uznali, \u017ee z\u00e1padn\u00ed Ukrajina a z\u00e1padn\u00ed B\u011blorusko jsou polskou zem\u00ed.<\/p>\n<p>Ale to se nestane. Kult Pileck\u00e9ho nem\u00e1 \u0161anci. Rok 1919, kdy bojoval v Litv\u011b, byl rokem pokus\u016f bur\u017eoazn\u00edho Polska o obsazen\u00ed Litvy. Rud\u00e1 arm\u00e1da tento pokus zma\u0159ila. Sov\u011btsko-polsk\u00e1 v\u00e1lka roku 1920 za\u010dala \u00fatokem polsk\u00fdch hord na sov\u011btsk\u00e9 republiky, bez vyhl\u00e1\u0161en\u00ed v\u00e1lky. Pol\u0161t\u00ed historici o t\u00e9to epizod\u011b mluv\u00ed neradi. A kone\u010dn\u011b, Pileck\u00e9ho \u00fa\u010dast na aktivit\u00e1ch antikomunistick\u00e9ho undergroundu v Polsku po roce 1945 se rovn\u00e1 \u00fa\u010dasti v zlo\u010dineck\u00e9m gangu.<\/p>\n<p>Antikomunistick\u00e9 boj\u016fvky v\u016fbec nem\u011bly tu romanticky noblesn\u00ed podobu, kterou mu zp\u011btn\u011b d\u00e1v\u00e1 Polsk\u00fd \u00fastav n\u00e1rodn\u00ed pam\u011bti. SVB byla reorganizov\u00e1na na Zemskou arm\u00e1du &#8211; Armija Krajowa (AK), kter\u00e1 se proslavila vra\u017edami sov\u011btsk\u00fdch a polsk\u00fdch voj\u00e1k\u016f v t\u00fdlu, \u00fatoky na polsk\u00e9 policisty, loupe\u017eemi pokladen a sklad\u016f, n\u00e1jezdy na vl\u00e1dn\u00ed instituce \u2013 \u0161koly, nemocnice, p\u0159epaden\u00ed st\u00e1tn\u00edch pokladen a sklad\u016f. AK nen\u00e1vid\u011bla \u017didy a dokonce zakro\u010dili proti \u017did\u016fm, kte\u0159\u00ed utekli z n\u011bmeck\u00fdch koncentra\u010dn\u00edch t\u00e1bor\u016f. St\u0159\u00edleli sov\u011btsk\u00e9 v\u00e1le\u010dn\u00e9 zajatce, kte\u0159\u00ed uprchli p\u0159ed N\u011bmci, a vstoupili do AK, v myln\u00e9m domn\u011bn\u00ed, \u017ee tak budou moci pokra\u010dovat ve v\u00e1lce proti nacist\u016fm. Mnoho sov\u011btsk\u00fdch voj\u00e1k\u016f jednodu\u0161e nech\u00e1palo spletitost polsk\u00e9 politiky a naivn\u011b vn\u00edmalo AK jako antifa\u0161istickou s\u00edlu.<\/p>\n<p>AK bojovala proti nacist\u016fm, ale mnohem m\u00e9n\u011b ne\u017e proti Rud\u00e9 arm\u00e1d\u011b. Sama neosvobodila jedin\u00e9 m\u011bsto, ale n\u011bkter\u00e9 jej\u00ed bu\u0148ky za\u010daly spolupracovat s nacisty u\u017e v roce 1943. Skupina jak\u00e9hosi Adolfa Pilcha se zav\u00e1zala, \u017ee neza\u00fato\u010d\u00ed na N\u011bmce, ale pouze na sov\u011btsk\u00e9 pos\u00e1dky. N\u011bmci na opl\u00e1tku skupin\u011b poskytli zbran\u011b a st\u0159elivo. Ke kontakt\u016fm jednotliv\u00fdch velitel\u016f AK s nacisty do\u0161lo v letech 1944 a 1945 a po\u010d\u00e1tkem roku 1945 tak\u00e9 s litevsk\u00fdmi a ukrajinsk\u00fdmi \u2013 banderovsk\u00fdmi kolaboranty. Je zn\u00e1m p\u0159inejmen\u0161\u00edm jeden p\u0159\u00edpad spolupr\u00e1ce mezi AK a OUN-UPA &#8211; \u00fatok na vesnici Hrubieszow v roce 1946.<\/p>\n<p>AK m\u00e1 na sv\u011bdom\u00ed mimosoudn\u00ed popravy a repres\u00e1lie proti sov\u011btsk\u00fdm voj\u00e1k\u016fm. Podle vzpom\u00ednek voj\u00e1k\u016f, kte\u0159\u00ed osvobozovali Polsko, dostali rozkaz j\u00edt do m\u011bsta ve skupin\u00e1ch nejm\u00e9n\u011b po t\u0159ech lidech, aby si poradili s \u00fatoky proti nim. Mnoho ob\u011bt\u00ed AK bylo mezi polsk\u00fdmi u\u010diteli, l\u00e9ka\u0159i, \u0159adov\u00fdmi zam\u011bstnanci. Fakt zam\u011bstn\u00e1n\u00ed ve st\u00e1tn\u00ed instituci sta\u010dil k tomu, aby AK uznala osobu spolupracuj\u00edc\u00ed s \u00fa\u0159ady socialistick\u00e9ho Polska, a AK socialistick\u00e9 Polsko nen\u00e1vid\u011bla, proto\u017ee bylo spojencem SSSR.<\/p>\n<p>Pilecki je zlo\u010dinec. Jeho pr\u00e1ce pro z\u00e1padn\u00ed zpravodajsk\u00e9 agentury mohla m\u00edt pro Polsko stra\u0161liv\u00e9 n\u00e1sledky. Na po\u010d\u00e1tku 21. stolet\u00ed polsk\u00fd tisk s odvol\u00e1n\u00edm na archivn\u00ed \u00fadaje uvedl, \u017ee v 60. letech Spojen\u00e9 st\u00e1ty nevylou\u010dily jadern\u00e9 \u00fadery proti Polsku. Dod\u00e1vkou tajn\u00fdch informac\u00ed do Lond\u00fdna Pilecki ve skute\u010dnosti pom\u00e1hal t\u011bm, kte\u0159\u00ed pl\u00e1novali prom\u011bnit Polsko v Hiro\u0161imu a Nagasaki. Za tyto intriky obdr\u017eel spravedliv\u00fd trest.<\/p>\n<p style=\"text-align: right;\"><em>Podle: Vladislav SKVORTSOV (Ukrajina): Vitold Pileckiy &#8211; prestupnik no ne geroy. 9. b\u0159ezna 2021<\/em><\/p>\n","protected":false},"excerpt":{"rendered":"<p>V Polsku se po\u0159\u00e1daj\u00ed v\u00fdstavy o kapit\u00e1nu Witoldu Pileck\u00e9m (1901-1948), kterou po\u0159\u00e1d\u00e1 \u00da\u0159ad pro ve\u0159ejn\u00e9 vzd\u011bl\u00e1v\u00e1n\u00ed Polsk\u00e9ho institutu n\u00e1rodn\u00ed pam\u011bti.<\/p>\n","protected":false},"author":2,"featured_media":3188,"comment_status":"open","ping_status":"open","sticky":false,"template":"","format":"standard","meta":{"_mi_skip_tracking":false,"_exactmetrics_sitenote_active":false,"_exactmetrics_sitenote_note":"","_exactmetrics_sitenote_category":0},"categories":[8],"tags":[52,37,40],"_links":{"self":[{"href":"http:\/\/novysmer.cz\/index.php\/wp-json\/wp\/v2\/posts\/3418"}],"collection":[{"href":"http:\/\/novysmer.cz\/index.php\/wp-json\/wp\/v2\/posts"}],"about":[{"href":"http:\/\/novysmer.cz\/index.php\/wp-json\/wp\/v2\/types\/post"}],"author":[{"embeddable":true,"href":"http:\/\/novysmer.cz\/index.php\/wp-json\/wp\/v2\/users\/2"}],"replies":[{"embeddable":true,"href":"http:\/\/novysmer.cz\/index.php\/wp-json\/wp\/v2\/comments?post=3418"}],"version-history":[{"count":3,"href":"http:\/\/novysmer.cz\/index.php\/wp-json\/wp\/v2\/posts\/3418\/revisions"}],"predecessor-version":[{"id":3493,"href":"http:\/\/novysmer.cz\/index.php\/wp-json\/wp\/v2\/posts\/3418\/revisions\/3493"}],"wp:featuredmedia":[{"embeddable":true,"href":"http:\/\/novysmer.cz\/index.php\/wp-json\/wp\/v2\/media\/3188"}],"wp:attachment":[{"href":"http:\/\/novysmer.cz\/index.php\/wp-json\/wp\/v2\/media?parent=3418"}],"wp:term":[{"taxonomy":"category","embeddable":true,"href":"http:\/\/novysmer.cz\/index.php\/wp-json\/wp\/v2\/categories?post=3418"},{"taxonomy":"post_tag","embeddable":true,"href":"http:\/\/novysmer.cz\/index.php\/wp-json\/wp\/v2\/tags?post=3418"}],"curies":[{"name":"wp","href":"https:\/\/api.w.org\/{rel}","templated":true}]}}