{"id":3527,"date":"2025-01-05T00:45:53","date_gmt":"2025-01-04T23:45:53","guid":{"rendered":"http:\/\/novysmer.cz\/?p=3527"},"modified":"2025-01-12T23:54:18","modified_gmt":"2025-01-12T22:54:18","slug":"jak-to-bylo-ve-vyborgu","status":"publish","type":"post","link":"http:\/\/novysmer.cz\/index.php\/2025\/01\/05\/jak-to-bylo-ve-vyborgu\/","title":{"rendered":"Jak to bylo ve Vyborgu"},"content":{"rendered":"<p><strong>Genocida Rus\u016f ve Finsku<\/strong><!--more--><\/p>\n<p><img loading=\"lazy\" class=\"size-full wp-image-1319 alignleft\" style=\"font-style: italic;\" src=\"http:\/\/novysmer.cz\/wp-content\/uploads\/2015\/09\/petri.jpg\" alt=\"petri\" width=\"220\" height=\"288\" \/><\/p>\n<p>Po \u201eosamostatn\u011bn\u00ed\u201c Finska v dubnu 1918, kdy finsk\u00e9 jednotky <em>Gustava Mannerheima<\/em> (1867-1951) obsadily <em>Vyborg,<\/em> byl <em>Petr Velik\u00fd<\/em> svr\u017een z podstavce. A pozd\u011bji zde provedli masakr rusk\u00e9ho obyvatelstva. Nemluv\u00edme o bol\u0161evic\u00edch, kte\u0159\u00ed zab\u00edjeli hlavn\u011b rusk\u00e9 \u0161lechtice a m\u011b\u0161\u0165any. V dubnu 1918 <em>Mannerheim<\/em> provedl zat\u00fdk\u00e1n\u00ed a hromadn\u00e9 popravy rusk\u00e9ho civiln\u00edho obyvatelstva.<\/p>\n<p>Drtivou v\u011bt\u0161inu tvo\u0159ilo m\u00edstn\u00ed rusk\u00e9 obyvatelstvo, kter\u00e9 nem\u011blo nic spole\u010dn\u00e9ho s hnut\u00edm Rud\u00fdch. Nejmlad\u0161\u00edm ob\u011btem etnick\u00fdch \u010distek bylo 12-13 let. Rusov\u00e9 byli zast\u0159eleni a zabiti. Ka\u017ed\u00fd m\u00e1 svou genocidu, ale ne Rusov\u00e9. Mo\u017en\u00e1 by st\u00e1lo za to um\u00edstit zde pam\u011btn\u00ed k\u0159\u00ed\u017e o genocid\u011b rusk\u00e9ho obyvatelstva. Mimochodem, hlava bronzov\u00e9ho Petra za Velk\u00e9 vlasteneck\u00e9 v\u00e1lky byla k vid\u011bn\u00ed na stole fa\u0161istick\u00e9ho starosty m\u011bsta Finna Tuurna. Jako dekorace&#8230;<\/p>\n<p>Pomn\u00edk Petra Velik\u00e9ho byl p\u0159esto obnoven v roce 1940 ve <em>Vyborgu<\/em> v SSSR, ale s obsazen\u00edm <em>Kar\u00e9lie<\/em> finsk\u00fdmi fa\u0161isty byl znovu zni\u010den. <em>Mannerheim<\/em> si nav\u00edc osobn\u011b p\u0159i\u0161el prohl\u00e9dnout pora\u017een\u00e9ho bronzov\u00e9ho Petra a zapomn\u011bl, jak sladce si \u017eil v carsk\u00e9m Rusku a p\u0159\u00edsahal v\u011brnost b\u00e1\u0165u\u0161ku carovi. A teprve v roce 1954 na jeho m\u00edsto op\u011bt nastoupil<em> Petr Velik\u00fd.<\/em><\/p>\n","protected":false},"excerpt":{"rendered":"<p>Genocida Rus\u016f ve Finsku<\/p>\n","protected":false},"author":2,"featured_media":2991,"comment_status":"open","ping_status":"open","sticky":false,"template":"","format":"standard","meta":{"_mi_skip_tracking":false,"_exactmetrics_sitenote_active":false,"_exactmetrics_sitenote_note":"","_exactmetrics_sitenote_category":0},"categories":[8],"tags":[51,172,37,40],"_links":{"self":[{"href":"http:\/\/novysmer.cz\/index.php\/wp-json\/wp\/v2\/posts\/3527"}],"collection":[{"href":"http:\/\/novysmer.cz\/index.php\/wp-json\/wp\/v2\/posts"}],"about":[{"href":"http:\/\/novysmer.cz\/index.php\/wp-json\/wp\/v2\/types\/post"}],"author":[{"embeddable":true,"href":"http:\/\/novysmer.cz\/index.php\/wp-json\/wp\/v2\/users\/2"}],"replies":[{"embeddable":true,"href":"http:\/\/novysmer.cz\/index.php\/wp-json\/wp\/v2\/comments?post=3527"}],"version-history":[{"count":1,"href":"http:\/\/novysmer.cz\/index.php\/wp-json\/wp\/v2\/posts\/3527\/revisions"}],"predecessor-version":[{"id":3528,"href":"http:\/\/novysmer.cz\/index.php\/wp-json\/wp\/v2\/posts\/3527\/revisions\/3528"}],"wp:featuredmedia":[{"embeddable":true,"href":"http:\/\/novysmer.cz\/index.php\/wp-json\/wp\/v2\/media\/2991"}],"wp:attachment":[{"href":"http:\/\/novysmer.cz\/index.php\/wp-json\/wp\/v2\/media?parent=3527"}],"wp:term":[{"taxonomy":"category","embeddable":true,"href":"http:\/\/novysmer.cz\/index.php\/wp-json\/wp\/v2\/categories?post=3527"},{"taxonomy":"post_tag","embeddable":true,"href":"http:\/\/novysmer.cz\/index.php\/wp-json\/wp\/v2\/tags?post=3527"}],"curies":[{"name":"wp","href":"https:\/\/api.w.org\/{rel}","templated":true}]}}