{"id":3545,"date":"2025-05-11T18:52:31","date_gmt":"2025-05-11T16:52:31","guid":{"rendered":"http:\/\/novysmer.cz\/?p=3545"},"modified":"2025-05-11T20:16:59","modified_gmt":"2025-05-11T18:16:59","slug":"3545","status":"publish","type":"post","link":"http:\/\/novysmer.cz\/index.php\/2025\/05\/11\/3545\/","title":{"rendered":"Ludv\u00edk Svoboda &#8211; od legion\u00e1\u0159e k prezidentovi"},"content":{"rendered":"<p><strong>Slovo \u201esvoboda\u201c se v \u010de\u0161tin\u011b vyslovuje s d\u016frazem na prvn\u00ed slabiku, ale znamen\u00e1 svobodu, stejn\u011b jako v ru\u0161tin\u011b. Velmi p\u0159\u00edhodn\u00e9 p\u0159\u00edjmen\u00ed pro hlavu st\u00e1tu. Zoja Klus\u00e1kov\u00e1 &#8211; Svobodov\u00e1, dcera v\u016fdce ji\u017e neexistuj\u00edc\u00edho \u010ceskoslovenska, vypr\u00e1v\u00ed o sv\u00e9m otci, rodem roln\u00edkovi, povol\u00e1n\u00edm voj\u00e1kovi a prezidentovi.<\/strong><!--more--><\/p>\n<p>I na 20. stolet\u00ed s jeho prudk\u00fdmi zvraty vypad\u00e1 biografie Ludv\u00edka Svobody (1895\u20131979) neobvykle. Poch\u00e1zel z rolnick\u00e9 rodiny, byl povol\u00e1n do rakousko-uhersk\u00e9 arm\u00e1dy, v roce 1915 p\u0159e\u0161el na ruskou stranu a skon\u010dil v \u010deskoslovensk\u00fdch legi\u00edch, v jejich\u017e \u0159ad\u00e1ch bojoval proti bol\u0161evik\u016fm. N\u00e1sledovala slu\u017eba v ozbrojen\u00fdch sil\u00e1ch \u010ceskoslovensk\u00e9 republiky a emigrace, zp\u016fsoben\u00e1 neochotou p\u0159ijmout n\u011bmeckou okupaci.<\/p>\n<p>V Sov\u011btsk\u00e9m svazu Svoboda formoval a pot\u00e9 velel \u010deskoslovensk\u00fdm jednotk\u00e1m, od velitele praporu a\u017e po velitele sboru. Pak tu byly posty ministra obrany, ostuda a vstup do velk\u00e9 politiky a nem\u00e9n\u011b ne\u017e post prezidenta \u010ceskoslovenska. Hlavou st\u00e1tu se stal v osudn\u00e9m roce 1968, jeho\u017e vzpom\u00ednka dodnes vrh\u00e1 temn\u00fd st\u00edn na rusko-\u010desk\u00e9 vztahy. Zvl\u00e1\u0161tn\u00ed ale je, \u017ee na rozd\u00edl od jin\u00fdch v\u016fdc\u016f socialistick\u00fdch zem\u00ed v\u00fdchodn\u00ed Evropy je pro sv\u00e9 krajany st\u00e1le n\u00e1rodn\u00edm hrdinou.<\/p>\n<ul>\n<li><em><strong>V\u00e1\u0161 otec se narodil do farm\u00e1\u0159sk\u00e9 rodiny a po druh\u00e9 sv\u011btov\u00e9 v\u00e1lce, pot\u00e9, co byl propu\u0161t\u011bn ze v\u0161ech sv\u00fdch funkc\u00ed, se zapojil do zakl\u00e1d\u00e1n\u00ed dru\u017estva. Jak jeho rolnick\u00e9 ko\u0159eny ovlivnily jeho osobnost?<\/strong><\/em><\/li>\n<\/ul>\n<p>Rodina m\u00e9ho otce vlastnila velk\u00fd pozemek, kter\u00fd obd\u011bl\u00e1vali p\u0159es 100 let. M\u016fj otec z\u00edskal vzd\u011bl\u00e1n\u00ed agronoma na zem\u011bd\u011blsk\u00e9 technick\u00e9 \u0161kole a neb\u00fdt prvn\u00ed sv\u011btov\u00e9 v\u00e1lky, zvolil by si cestu farm\u00e1\u0159e. Existuje takov\u00fd pojem jako \u201eoby\u010dejn\u00e1 selsk\u00e1 mysl\u201c. Pr\u00e1v\u011b tento zdrav\u00fd p\u0159\u00edstup k \u017eivotu mu pomohl vydr\u017eet mnoho zkou\u0161ek, kter\u00e9 ho postihly.<\/p>\n<p>P\u0159esto pr\u00e1ce na p\u016fd\u011b zanech\u00e1v\u00e1 siln\u00fd otisk na osobnosti: p\u011bstuje v \u010dlov\u011bku nejen l\u00e1sku k p\u0159\u00edrod\u011b, ale tak\u00e9 formuje takov\u00e9 vlastnosti, jako je trp\u011blivost, vnit\u0159n\u00ed discipl\u00edna, pozornost k lidsk\u00fdm pot\u0159eb\u00e1m, schopnost spolupracovat s lidmi a z\u00edsk\u00e1vat si jejich d\u016fv\u011bru. Mysl\u00edm, \u017ee pr\u00e1v\u011b tato \u017eivotn\u00ed zku\u0161enost ho nau\u010dila p\u0159ekon\u00e1vat \u201ekrupobit\u00ed\u201c, kter\u00e9 na n\u011bj osud seslal.<\/p>\n<p>Na za\u010d\u00e1tku pades\u00e1t\u00fdch let se m\u016fj otec ocitl v t\u011b\u017ek\u00e9 \u017eivotn\u00ed situaci. P\u00e1t\u00e9 v\u00fdro\u010d\u00ed v\u00edt\u011bzstv\u00ed nad fa\u0161ismem a osvobozen\u00ed \u010ceskoslovenska oslavil ji\u017e ne jako ministr obrany a na konci roku 1952 byl dokonce zat\u010den kv\u016fli obvin\u011bn\u00ed ze sabot\u00e1\u017ee vl\u00e1dn\u00edho programu reorganizace ozbrojen\u00fdch sil. O rok pozd\u011bji, na za\u010d\u00e1tku roku 1953, byl ve v\u011bku 57 let posl\u00e1n do d\u016fchodu. Z v\u011bzen\u00ed byl propu\u0161t\u011bn na p\u0159\u00edmluvu sov\u011btsk\u00fdch vojensk\u00fdch v\u016fdc\u016f, v\u010detn\u011b slavn\u00fdch vojensk\u00fdch v\u016fdc\u016f mar\u0161\u00e1l\u016f \u017dukova a Kon\u011bva, a podle n\u011bkter\u00fdch zpr\u00e1v i samotn\u00e9ho Stalina.<\/p>\n<p>M\u016fj otec p\u0159i\u0161el o v\u0161echno krom\u011b poslaneck\u00e9ho mand\u00e1tu, kter\u00fd mu mimochodem hodn\u011b pomohl, a to nejen pro voli\u010de sv\u00e9ho okrsku. Hlavn\u00ed je, \u017ee d\u00edky tomu mu nikdo nemohl zak\u00e1zat komunikaci s lidmi.<\/p>\n<p>V t\u00e9 dob\u011b se v \u010deskoslovensk\u00e9m zem\u011bd\u011blstv\u00ed za\u010dala vytv\u00e1\u0159et zem\u011bd\u011blsk\u00e1 dru\u017estva, co\u017e se stalo velk\u00fdm traumatem pro soukrom\u00e9 zem\u011bd\u011blce, kte\u0159\u00ed byli zvykl\u00ed samostatn\u011b hospoda\u0159it sv\u00e1 hospod\u00e1\u0159stv\u00ed a spravovat plody sv\u00e9 pr\u00e1ce. Aby p\u0159ekonal ned\u016fv\u011bru v dru\u017estva, navrhl m\u016fj otec sv\u00fdm krajan\u016fm projekt modern\u00edho velkostatku, kter\u00fd by krom\u011b tradi\u010dn\u00edch odv\u011btv\u00ed m\u011bl mnoho nov\u00fdch: nap\u0159\u00edklad zahradnictv\u00ed, v\u010dela\u0159stv\u00ed, chov masn\u00e9ho skotu, chov ovc\u00ed a kachen a dr\u016fbe\u017e\u00e1rnu. \u00dakolu se chopil jako skute\u010dn\u00fd vojensk\u00fd strat\u00e9g a ud\u011blal v\u0161e pro to, aby vytvo\u0159il modern\u00ed, ziskovou zem\u011bd\u011blskou farmu, kde by \u010dlenov\u00e9 dru\u017estva dost\u00e1vali velmi slu\u0161n\u00fd plat. Jeho \u017eena Irena, moje matka, zorganizovala v r\u00e1mci dru\u017estva j\u00eddelnu, pr\u00e1delnu a mate\u0159skou \u0161kolu, co\u017e zm\u011bnilo ka\u017edodenn\u00ed \u017eivot vesnick\u00fdch hospodyn\u011bk. A p\u0159itom m\u016fj otec ani nezast\u00e1val \u017e\u00e1dnou funkci v dru\u017estvu; Lid\u00e9 prost\u011b naslouchali jeho n\u00e1zoru, jeho rad\u00e1m, d\u016fv\u011b\u0159ovali mu a ani jeho nejodv\u00e1\u017en\u011bj\u0161\u00ed projekty nepova\u017eovali za v\u011btrn\u00e9 ml\u00fdny.<\/p>\n<p>Nicm\u00e9n\u011b, zdaleka nebylo v\u0161echno bez mr\u00e1\u010dku. N\u011bkte\u0159\u00ed m\u00edstn\u00ed strani\u010dt\u00ed funkcion\u00e1\u0159i z\u00e1vid\u011bli dru\u017estvu jeho \u00fasp\u011bch a naz\u00fdvali ho \u201egener\u00e1lsk\u00fdm\u201c a dokonce i \u201ekulack\u00fdm\u201c.<\/p>\n<ul>\n<li><em><strong>Jak se v\u00e1\u0161 otec v roce 1915 ocitl v zajet\u00ed? Bylo to zajet\u00ed, nebo p\u0159eb\u011bhnut\u00ed na ruskou stranu?<\/strong><\/em><\/li>\n<\/ul>\n<p>V\u00e1lka za z\u00e1jmy Rakouska-Uherska a N\u011bmecka nebyla v\u00e1lkou \u010cech\u016f. O tom, jak byl jeho otec zajat, psal ve sv\u00fdch pam\u011btech \u201eCesty \u017eivota\u201c. Tuto pas\u00e1\u017e ocituju. \u201eV z\u00e1\u0159\u00ed 1915 za\u010dala dal\u0161\u00ed masov\u00e1 dezerce \u010desk\u00fdch voj\u00e1k\u016f. 4. z\u00e1\u0159\u00ed se vzdal Pra\u017esk\u00fd pluk domobrany, pot\u00e9 91. p\u011b\u0161\u00ed pluk a bezprost\u0159edn\u011b po nich v\u011bt\u0161ina 18. a 98. p\u011b\u0161\u00edho pluku. 6. z\u00e1\u0159\u00ed zah\u00e1jili Rusov\u00e9 ofenz\u00edvu na jihu a jihoz\u00e1pad\u011b od Ternopilu a Trembovly, prorazili a obe\u0161li Bolcanovy brig\u00e1dy rakousko-uherskou obranu, kter\u00e1 se fakticky rozpadla.\u201c Pak se otec pokusil p\u0159ej\u00edt na ruskou stranu, ale tento pokus selhal. D\u00e1le p\u00ed\u0161e: \u201eN\u00e1sleduj\u00edc\u00edho dne, brzy r\u00e1no, n\u00e1s napadli koz\u00e1ci, kte\u0159\u00ed roztrhali p\u0159edn\u00ed linii jako n\u016f\u017e a za\u00fato\u010dili na p\u011bchotu zezadu. A v rakousk\u00fdch z\u00e1kopech za\u010dala panika. N\u00e1\u0161 kapit\u00e1n ud\u011blal v\u0161e, co mohl, aby voj\u00e1ky uklidnil, byl ochrapt\u011bl\u00fd k\u0159ikem, vyst\u0159elil z pistole na v\u0161echny strany a pak se vrhl k opu\u0161t\u011bn\u00e9mu kulometu a za\u010dal s n\u00edm m\u00ed\u0159it na postupuj\u00edc\u00ed rusk\u00e9 p\u011b\u0161\u00e1ky. Ne\u017e sta\u010dil stisknout spou\u0161\u0165, sko\u010dil jsem na n\u011bj a n\u00e1sil\u00edm ho od kulometu odt\u00e1hl. O n\u011bkolik vte\u0159in pozd\u011bji p\u0159ib\u011bhli Rusov\u00e9 a my jsme zvedli ruce. Pozd\u011bji, u\u017e v zajet\u00ed, kdy\u017e rozum nahradil emoce, mi kapit\u00e1n pod\u011bkoval.\u201c<\/p>\n<p>O p\u00e1r m\u011bs\u00edc\u016f pozd\u011bji se m\u016fj otec p\u0159idal k \u010desk\u00fdm legion\u00e1\u0159\u016fm, aby bojoval proti N\u011bmc\u016fm, a ode\u0161el na frontu.<\/p>\n<ul>\n<li><em><strong>Jak \u010dasto mu jeho sov\u011bt\u0161t\u00ed partne\u0159i p\u0159ipom\u00ednali jeho legion\u00e1\u0159skou minulost? Zkomplikovalo to jeho vztahy s p\u0159edstaviteli SSSR?<\/strong><\/em><\/li>\n<\/ul>\n<p>V jeho jedn\u00e1n\u00ed se sov\u011btsk\u00fdmi vojensk\u00fdmi a politick\u00fdmi v\u016fdci, s nimi\u017e se setk\u00e1val b\u011bhem v\u00e1lky i po n\u00ed, nem\u011bla tato minulost \u017e\u00e1dn\u00fd v\u00fdznam, p\u0159esto\u017ee v\u0161ichni v\u011bd\u011bli, \u017ee jeho otec nebyl komunista. Ocenili, jak nap\u0159\u00edklad napsal mar\u0161\u00e1l \u017dukov, \u017ee Ludv\u00edk Svoboda byl v\u00e1\u0161niv\u00fdm vlastencem sv\u00e9 vlasti a v\u011brn\u00fdm p\u0159\u00edtelem sov\u011btsk\u00e9ho lidu. Byl respektov\u00e1n nejen jako \u010dlov\u011bk, ale i jako vojensk\u00fd v\u016fdce.<\/p>\n<p>Ve sv\u00e9m v\u00e1le\u010dn\u00e9m den\u00edku si m\u016fj otec poznamenal, \u017ee se ho sov\u011btsk\u00fd rozv\u011bd\u010d\u00ed d\u016fstojn\u00edk jen jednou zeptal na jeho \u00fa\u010dast v legion\u00e1\u0159sk\u00e9m hnut\u00ed. M\u016fj otec se nikdy netajil t\u00edm, \u017ee b\u011bhem prvn\u00ed sv\u011btov\u00e9 v\u00e1lky byl v \u010deskoslovensk\u00fdch legi\u00edch. Byl hrd\u00fd na svou \u00fa\u010dast v legion\u00e1\u0159sk\u00e9m hnut\u00ed, kter\u00e9 sehr\u00e1lo obrovskou roli v obrozen\u00ed \u010desk\u00e9 st\u00e1tnosti po t\u0159ech stolet\u00edch zajet\u00ed. A legion\u00e1\u0159i se v tomto boji uk\u00e1zali velmi dob\u0159e, o \u010dem\u017e sv\u011bd\u010d\u00ed bitvy u Zborova a Bachma\u010de. Za \u00fa\u010dast v bitv\u00e1ch na stran\u011b Rus\u016f proti N\u011bmc\u016fm byl m\u016fj otec vyznamen\u00e1n dv\u011bma k\u0159\u00ed\u017ei svat\u00e9ho Ji\u0159\u00ed.<\/p>\n<p>Ano, pozd\u011bji se Ludv\u00edk Svoboda z\u00fa\u010dastnil boj\u016f proti bol\u0161evick\u00fdm jednotk\u00e1m pod\u00e9l Transsibi\u0159sk\u00e9 magistr\u00e1ly. Velel rot\u011b, pot\u00e9 praporu, proto\u017ee Trockij, spl\u0148uj\u00edc\u00ed slib, kter\u00fd dal N\u011bmc\u016fm v Brestlitovsku, na\u0159\u00eddil odzbrojen\u00ed legion\u00e1\u0159\u016f a jejich vyd\u00e1n\u00ed N\u011bmc\u016fm. Pr\u00e1v\u011b proti tomu, a tak\u00e9 ve prosp\u011bch toho, aby se kone\u010dn\u011b dostali do Vladivostoku a odtud m\u011bli mo\u017enost vr\u00e1tit se dom\u016f, se ozvali \u010deskosloven\u0161t\u00ed legion\u00e1\u0159i. Svoboda ale nikdy nepat\u0159il k t\u011bm legion\u00e1\u0159\u016fm, kte\u0159\u00ed za\u010dali boj proti sov\u011btsk\u00e9 vl\u00e1d\u011b z politick\u00fdch d\u016fvod\u016f, jako nap\u0159\u00edklad gener\u00e1l Radola Gajda, kter\u00fd p\u0159e\u0161el slou\u017eit do Kol\u010dakovy arm\u00e1dy, nebo k t\u011bm, kte\u0159\u00ed bojovali proti Rud\u00e9 arm\u00e1d\u011b pod velen\u00edm carsk\u00e9ho gener\u00e1la Dietrichse.<\/p>\n<p>M\u016fj otec m\u011bl velk\u00e9 obavy z toho, \u017ee v sov\u011btsk\u00e9 historiografii, stejn\u011b jako v komunistick\u00e9m \u010ceskoslovensku, bylo legion\u00e1\u0159sk\u00e9 hnut\u00ed hodnoceno negativn\u011b. Proto tomuto t\u00e9matu v\u011bnoval ve sv\u00fdch pam\u011btech \u201eCesty \u017eivota\u201c zna\u010dn\u00e9 mno\u017estv\u00ed prostoru. \u010ceskosloven\u0161t\u00ed legion\u00e1\u0159i si s sebou dom\u016f p\u0159inesli p\u0159\u00e1telsk\u00fd postoj k rusk\u00e9mu lidu. Koneckonc\u016f, mnoho z nich dokonce konvertovalo k pravoslav\u00ed.<\/p>\n<ul>\n<li><strong><em>Leonid \u0160inkarev v prvn\u00edm rusk\u00e9m vyd\u00e1n\u00ed sv\u00e9 knihy o vstupu sov\u011btsk\u00fdch vojsk do \u010ceskoslovenska \u201eNa to jsem m\u00e1lem zapomn\u011bl\u201c rozeb\u00edral, pro\u010d se Ludv\u00edk Svoboda b\u011bhem invaze vojsk Var\u0161avsk\u00e9 smlouvy v roce 1968 choval tak, jak se choval, a nevyzval voj\u00e1ky \u010deskoslovensk\u00e9 arm\u00e1dy k boji proti \u201eokupant\u016fm\u201c. A uv\u00e1d\u00ed n\u00e1sleduj\u00edc\u00ed argument: \u201eKambulov byl jedn\u00edm z m\u00e1la, kdo byl na konci 30. let obezn\u00e1men s tajn\u00fdm spisem o Svobodovi v NKVD a mohl zn\u00e1t zraniteln\u00fd okam\u017eik v jeho vojensk\u00e9 minulosti: Svoboda byl po t\u0159i m\u011bs\u00edce osobn\u00edm asistentem carsk\u00e9ho gener\u00e1la Dieterixe, nejhor\u0161\u00edho nep\u0159\u00edtele Sov\u011bt\u016f, co\u017e mohlo vzbudit z\u00e1jem bol\u0161evik\u016f a jejich kontrarozv\u011bdky.\u201c Z t\u00e9to pr\u00e1ce \u0160inkarev vyvozuje odv\u00e1\u017en\u00fd z\u00e1v\u011br: d\u00edky plukovn\u00edkovi NKVD Kambulovovi, kter\u00fd po celou dobu v\u00e1lky slou\u017eil jako spojka pro v\u0161echny \u010deskoslovensk\u00e9 vojensk\u00e9 jednotky v SSSR a kter\u00fd n\u00e1m svou p\u0159\u00edtomnost\u00ed v Praze v roce 1968 jakoby p\u0159ipomn\u011bl \u201eh\u0159\u00edchy\u201c legion\u00e1\u0159sk\u00e9 \u00e9ry, podepsal Ludv\u00edk Svoboda Moskevsk\u00fd protokol.<\/em><\/strong><\/li>\n<\/ul>\n<p>To je jedna z t\u011bch spekulac\u00ed, kter\u00e9 vznikly z nev\u011bdomosti. V \u010deskoslovensk\u00fdch legi\u00edch bylo 627 lid\u00ed s p\u0159\u00edjmen\u00edm Svoboda, z nich\u017e osm m\u011blo jm\u00e9na za\u010d\u00ednaj\u00edc\u00ed p\u00edsmenem \u201eL\u201c a t\u0159i z nich m\u011bli stejn\u00e9 jm\u00e9no jako jejich otec &#8211; Ludv\u00edk Svoboda. Ale Dieterixov\u00fdm adjutantem byl jist\u00fd Viktor Svoboda, co\u017e se mi poda\u0159ilo zjistit b\u011bhem archivn\u00edch re\u0161er\u0161\u00ed. Nav\u00edc ve vojensk\u00e9 knize m\u00e9ho otce, Ludv\u00edka Svobody, jsou doslova den po dni vyps\u00e1ny v\u0161echny \u00fakoly a p\u0159id\u011blen\u00ed, kter\u00e9 dostal. Krom\u011b toho, kdy\u017e se pod\u00edv\u00e1te na fotografii Svobody, o kter\u00e9m se v knize p\u00ed\u0161e, uvid\u00edte, \u017ee je to \u00fapln\u011b jin\u00fd \u010dlov\u011bk; sta\u010d\u00ed porovnat jeho obraz s fotografiemi m\u00e9ho otce z doby ob\u010dansk\u00e9 v\u00e1lky v Rusku. \u0158\u00edk\u00e1m to v\u0161echno jako p\u0159\u00edklad, aby bylo jasn\u00e9, jak z v\u016fle autor\u016f idej\u00ed vznikaj\u00ed r\u016fzn\u00e9 dohady s dalekos\u00e1hl\u00fdmi z\u00e1v\u011bry.<\/p>\n<p>Mnoho lid\u00ed v \u010ceskoslovensku v\u011b\u0159ilo a v\u011b\u0159\u00ed i dnes (kdy\u017e u\u017e existuj\u00ed dva nez\u00e1visl\u00e9 st\u00e1ty \u2013 \u010cesk\u00e1 republika a Slovensko): bylo velmi dob\u0159e, \u017ee Ludv\u00edk Svoboda byl v roce 1968 prezidentem. Ud\u011blal v\u0161e pro to, aby se zabr\u00e1nilo ob\u010dansk\u00e9 v\u00e1lce a nesmysln\u00e9mu konfliktu s t\u00e9m\u011b\u0159 p\u016flmilionovou arm\u00e1dou, kter\u00e1 vstoupila na na\u0161e \u00fazem\u00ed. Z\u00e1rove\u0148 pova\u017eoval rozhodnut\u00ed o invazi vojsk Var\u0161avsk\u00e9 smlouvy za tragickou chybu a sv\u016fj n\u00e1zor otev\u0159en\u011b vyj\u00e1d\u0159il sov\u011btsk\u00fdm politik\u016fm, jak o tom psal tehdej\u0161\u00ed sov\u011btsk\u00fd premi\u00e9r Alexej Kosygin. Bohu\u017eel, m\u016fj otec m\u011bl pravdu, kdy\u017e se domn\u00edval, \u017ee tato ud\u00e1lost otr\u00e1v\u00ed vztahy mezi na\u0161imi n\u00e1rody na cel\u00e1 desetilet\u00ed.<\/p>\n<ul>\n<li><em><strong>V b\u0159eznu 1943 hrdinn\u011b bojoval u Sokolova \u010deskoslovensk\u00fd prapor, zformovan\u00fd a velel mu Ludv\u00edk Svoboda. Po tomto souboji se z tv\u00e9ho otce stal t\u00e9m\u011b\u0159 legenda. Prapor byl pot\u00e9 roz\u0161\u00ed\u0159en na brig\u00e1du a pot\u00e9 na sbor. Ale prvn\u00edm velitelem \u010deskoslovensk\u00e9ho sboru nebyl jmenov\u00e1n Svoboda, n\u00fdbr\u017e gener\u00e1l Kratochv\u00edl. Pro\u010d se to stalo? Jak ovlivnil vztah mezi Bene\u0161ovou vl\u00e1dou a Sov\u011btsk\u00fdm svazem kari\u00e9ru va\u0161eho otce b\u011bhem v\u00e1le\u010dn\u00fdch let?<\/strong><\/em><\/li>\n<\/ul>\n<p>Mezi \u0161pi\u010dkou na\u0161\u00ed vojensk\u00e9 emigrace tvo\u0159ili tak\u00e9 v\u011bt\u0161inu b\u00fdval\u00ed legion\u00e1\u0159i. Jejich hlavn\u00edm \u00fato\u010di\u0161t\u011bm ale byla Anglie, kde p\u016fsobil Bene\u0161, prezident v exilu, a \u010deskoslovensk\u00e9 ministerstvo obrany. Podle dohody mezi \u010ceskoslovenskou republikou a Sov\u011btsk\u00fdm svazem o formov\u00e1n\u00ed \u010deskoslovensk\u00fdch vojensk\u00fdch jednotek jmenovalo velitele a d\u016fstojnick\u00fd sbor \u010deskoslovensk\u00e9 ministerstvo obrany. Ale ti, kte\u0159\u00ed tam pracovali, m\u011bli jen m\u00e1lo informac\u00ed o \u017eivot\u011b vojensk\u00fdch jednotek bojuj\u00edc\u00edch v Sov\u011btsk\u00e9m svazu, o \u00farovni jejich v\u00fdcviku, slo\u017eitosti vnit\u0159n\u00edch vztah\u016f a obecn\u011b m\u011bli jen malou p\u0159edstavu o drsn\u00e9 realit\u011b boje na v\u00fdchodn\u00ed front\u011b.<\/p>\n<p>P\u0159i jmenov\u00e1n\u00ed velitele sboru \u010deskoslovensk\u00e9 ministerstvo obrany v Lond\u00fdn\u011b p\u0159ihl\u00e9dlo k tomu, co se v dob\u011b m\u00edru obvykle cen\u00ed &#8211; v\u011bk a slu\u017eebn\u00ed historii, a proto volba padla na gener\u00e1la Kratochv\u00edla. Praktick\u00e9 bojov\u00e9 zku\u0161enosti a dovednosti vojensk\u00e9ho v\u016fdce nebyly br\u00e1ny v \u00favahu. P\u0159esn\u011bji \u0159e\u010deno, gener\u00e1l Kratochvil m\u011bl ur\u010dit\u00e9 bojov\u00e9 zku\u0161enosti z\u00edskan\u00e9 v podm\u00ednk\u00e1ch druh\u00e9 sv\u011btov\u00e9 v\u00e1lky, ale ty se omezovaly na ud\u00e1losti roku 1940, kdy jednotky, kter\u00e9 mu byly sv\u011b\u0159eny, ustupovaly ve Francii pod n\u00e1porem jednotek Wehrmachtu.<\/p>\n<p>V d\u016fsledku toho bylo veden\u00ed Rud\u00e9 arm\u00e1dy po prvn\u00ed bitv\u011b Karpatsko-dukelsk\u00e9 operace nuceno vym\u011bnit velitele sboru. Na m\u00edsto Kratochv\u00edla byl tedy jmenov\u00e1n gener\u00e1l Ludv\u00edk Svoboda. M\u011bl zku\u0161enosti s boji u Sokolova, Kyjeva a na z\u00e1padn\u00ed Ukrajin\u011b, kde jak \u010deskoslovensk\u00fd prapor, tak i \u010deskoslovensk\u00e1 brig\u00e1da \u00fasp\u011b\u0161n\u011b plnily p\u0159id\u011blen\u00e9 bojov\u00e9 \u00fakoly.<\/p>\n<p>Velk\u00fd v\u00fdznam m\u011bl postoj jeho pod\u0159\u00edzen\u00fdch k mu\u017ei, kter\u00fd \u201est\u00e1l u kol\u00e9bky a \u017eivil sbor jako d\u00edt\u011b\u201c, jak napsal jeden z voj\u00e1k\u016f. Bojovn\u00edci sboru vn\u00edmali svobodu jinak ne\u017e od gener\u00e1la dosazen\u00e9ho shora, kter\u00e9ho v\u016fbec neznali a v kter\u00e9ho nev\u011b\u0159ili. N\u00e1\u010deln\u00edk \u0161t\u00e1bu v Lond\u00fdn\u011b, gener\u00e1l Bed\u0159ich Neumann, n\u00e1sledn\u011b takovou n\u00e1hradu jednozna\u010dn\u011b podpo\u0159il. Takto napsal, kdy\u017e hodnotil katastrof\u00e1ln\u00ed \u010diny gener\u00e1la Kratochv\u00edla v prvn\u00ed bitv\u011b, a tato jeho slova dokazuj\u00ed, \u017ee nahrazen\u00ed Svobodova jmenov\u00e1n\u00ed nem\u011blo \u017e\u00e1dn\u00e9 politick\u00e9 pozad\u00ed a nebylo vysv\u011btleno tlakem sov\u011btsk\u00e9ho velen\u00ed, jak se n\u011bkte\u0159\u00ed \u010de\u0161t\u00ed historici sna\u017eili vykreslit. Citovat:<\/p>\n<p>\u201e1. \u00dapln\u011b prvn\u00ed rozkazy k p\u0159esunu sboru na prvn\u00ed m\u00edsto nasazen\u00ed byly vyd\u00e1ny bez zohledn\u011bn\u00ed nebo pochopen\u00ed situace, akc\u00ed Rus\u016f a nep\u0159\u00edtele. Velitel neud\u011blal nic pro to, aby se spojil s rusk\u00fdmi jednotkami v t\u00e9 \u010d\u00e1sti fronty, ze kter\u00e9 m\u011bl sbor p\u0159ej\u00edt do \u00fatoku. Uk\u00e1zalo se, \u017ee sbor se pohyboval naslepo.\u201c<\/p>\n<p>2. \u00dato\u010dn\u00e1 linie byla v\u00fdrazn\u011b prodlou\u017eena, ale nebyla pos\u00edlena dostate\u010dn\u00fdmi silami, nebyly pou\u017eity podp\u016frn\u00e9 s\u00edly a nebyla nav\u00e1z\u00e1na komunikace s veliteli jednotek, kter\u00e9 m\u011bly tuto podporu poskytovat, \u00fatok nebyl \u0159\u00e1dn\u011b p\u0159ipraven, byl jednodu\u0161e p\u0159ed\u010dasn\u00fd. S\u00edly byly rozpt\u00fdleny.<\/p>\n<p>3. Velitel zjevn\u011b ne\u0159\u00eddil pr\u016fb\u011bh \u00fatoku a neovliv\u0148oval jeho pr\u016fb\u011bh. Je skute\u010dn\u011b chybou velitele, \u017ee ofenz\u00edva a velen\u00ed bitvy byly provedeny bez podp\u016frn\u00fdch sil a velitelsk\u00fdm zp\u016fsobem, kter\u00fd byl bezmocn\u00fd. Proto je nutn\u00e9 vyvodit z\u00e1v\u011bry ohledn\u011b gener\u00e1la Kratochv\u00edla. \u201e20.02.1945\u201c.<\/p>\n<ul>\n<li><em><strong>Na jak\u00e9 str\u00e1nky sv\u00e9ho \u017eivotopisu v\u00e1\u0161 otec nej\u010dast\u011bji vzpom\u00ednal?<\/strong><\/em><\/li>\n<\/ul>\n<p>Nev\u00edm, kter\u00e9 str\u00e1nky jeho \u017eivotopisu mu byly obzvl\u00e1\u0161t\u011b drah\u00e9, ale ka\u017ed\u00fd rok podnikal v\u00fdlety do Dukelsk\u00e9ho pr\u016fsmyku, kde v letech 1944 \u2013 1945 byly boje obzvl\u00e1\u0161t\u011b zu\u0159iv\u00e9 a mnoho jeho spolubojovn\u00edk\u016f zem\u0159elo.<\/p>\n<p>Pozd\u011bji na tuto ka\u017edoro\u010dn\u00ed \u201epou\u0165\u201c bral i sv\u00e1 vnou\u010data. V druh\u00e9 polovin\u011b 50. a na za\u010d\u00e1tku 60. let m\u016fj otec podnikal mnoho cest po cel\u00e9 zemi a hovo\u0159il hlavn\u011b s mlad\u00fdmi lidmi s p\u0159\u00edb\u011bhy o boji proti fa\u0161ist\u016fm, osvobozen\u00ed zem\u011b a odvaze na\u0161ich i sov\u011btsk\u00fdch voj\u00e1k\u016f.<\/p>\n<p>Tyto p\u0159\u00edb\u011bhy byly obvykle zaps\u00e1ny a pozd\u011bji na jejich z\u00e1klad\u011b vydal svou prvn\u00ed knihu pam\u011bt\u00ed \u201eZ Buzuluku do Prahy\u201c, kter\u00e1 byla p\u0159elo\u017eena do n\u011bkolika jazyk\u016f, v\u010detn\u011b ru\u0161tiny. Byl ur\u010den p\u0159edev\u0161\u00edm pro mlad\u00e9 lidi. Motto generace, ke kter\u00e9 m\u016fj otec pat\u0159il, bylo: \u201eNikdy nezapome\u0148!\u201c<\/p>\n<ul>\n<li><em><strong>Po v\u00e1lce byl ministrem obrany \u010ceskoslovenska. Jak\u00e9 m\u00edsto v jeho aktivit\u00e1ch na tomto postu zauj\u00edmal boj proti ukrajinsk\u00fdm nacionalist\u016fm? Byl to pro \u010ceskoslovensko v\u00e1\u017en\u00fd probl\u00e9m?<\/strong><\/em><\/li>\n<\/ul>\n<p>Skupiny banderovsk\u00fdch p\u0159\u00edznivc\u016f za\u010daly na \u00fazem\u00ed Slovenska pronikat z jihov\u00fdchodn\u00edho Polska v l\u00e9t\u011b 1945 v nad\u011bji, \u017ee se p\u0159es na\u0161e \u00fazem\u00ed probij\u00ed do americk\u00e9 z\u00f3ny v Rakousku. Zpo\u010d\u00e1tku se chovali pokojn\u011b, nedot\u00fdkali se m\u00edstn\u00edho obyvatelstva, a\u010dkoli si potravu z\u00edsk\u00e1vali vykl\u00edzen\u00edm pol\u00ed a zahrad obyvatel. Po\u010det t\u011bchto skupin se postupn\u011b zvy\u0161oval v d\u016fsledku odd\u00edl\u016f p\u0159ij\u00ed\u017ed\u011bj\u00edc\u00edch z Polska. K boji proti nim bylo nutn\u00e9 nasadit arm\u00e1dn\u00ed a policejn\u00ed jednotky, stejn\u011b jako partyz\u00e1nsk\u00e9 odd\u00edly.<\/p>\n<p>Postupn\u011b se boj proti banderovc\u016fm p\u0159esunul ze Slovenska na Moravu. Boje pokra\u010dovaly a\u017e do listopadu 1947, co\u017e se po tolika letech v\u00e1lky samoz\u0159ejm\u011b stalo pro na\u0161i zemi v\u00e1\u017en\u00fdm probl\u00e9mem.<\/p>\n<p>Operac\u00ed proti banderovc\u016fm se z\u00fa\u010dastnilo asi 6 tis\u00edc voj\u00e1k\u016f, p\u0159ibli\u017en\u011b 5,5 tis\u00edce zam\u011bstnanc\u016f ministerstva vnitra a asi 3,7 tis\u00edce bojovn\u00edk\u016f, kte\u0159\u00ed se d\u0159\u00edve \u00fa\u010dastnili partyz\u00e1nsk\u00e9ho hnut\u00ed a Slovensk\u00e9ho n\u00e1rodn\u00edho povst\u00e1n\u00ed. Na na\u0161\u00ed stran\u011b zem\u0159elo 25 lid\u00ed. Na stran\u011b banderovc\u016f byli mrtv\u00ed, zran\u011bn\u00ed a zajat\u00ed.<\/p>\n<p>\u010ceskoslovensk\u00fd arm\u00e1dn\u00ed sbor, kter\u00fd b\u011bhem v\u00e1lky bojoval po boku Rud\u00e9 arm\u00e1dy, \u010d\u00edtal v\u00edce ne\u017e 10 000 krajan\u016f \u2013 \u010cech\u016f z Volyn\u011b. M\u011bli velmi bohat\u00e9 zku\u0161enosti s t\u00edm, co bylo banderovsk\u00e9 hnut\u00ed a jak se projevovalo v letech n\u011bmeck\u00e9 okupace z\u00e1padn\u00ed Ukrajiny. To, co \u0159\u00edkali, bylo hrozn\u00e9. Banderovci sv\u00fdmi no\u010dn\u00edmi \u201en\u00e1v\u0161t\u011bvami\u201c, p\u0159i kter\u00fdch odeb\u00edrali j\u00eddlo a v\u0161e, co pova\u017eovali za nezbytn\u00e9, nah\u00e1n\u011bli strach. Pokud zjistili, \u017ee vesni\u010dan\u00e9 z\u00e1sobuj\u00ed Rudou arm\u00e1du nebo jednotky \u010ceskoslovensk\u00e9ho sboru, krut\u011b nalo\u017eili se star\u0161\u00edmi obce a v\u0161emi mu\u017ei, kte\u0159\u00ed zast\u00e1vali jak\u00e9koli funkce.<\/p>\n<p>Mezi b\u00fdval\u00fdmi partyz\u00e1ny, kte\u0159\u00ed bojovali proti odd\u00edlu ukrajinsk\u00fdch nacionalist\u016f pod velen\u00edm nechvaln\u011b zn\u00e1m\u00e9ho odd\u00edlu UPA Burlaki, byl i m\u016fj b\u00fdval\u00fd spolu\u017e\u00e1k Vladimir Vykydal, kter\u00fd se bez dokon\u010den\u00ed \u0161koly v roce 1944 p\u0159ipojil k hnut\u00ed odboje na Slovensku. Na na\u0161\u00ed t\u0159\u00eddn\u00ed sch\u016fzce uk\u00e1zal fotografii, kde je vyfocen\u00fd s banderovci Burlaki. Vladim\u00edr byl mezi t\u011bmi, kte\u0159\u00ed ho zajali, a tato partyz\u00e1nsk\u00e1 zku\u0161enost m\u00e9ho spolu\u017e\u00e1ka nasm\u011brovala k dal\u0161\u00ed vojensk\u00e9 kari\u00e9\u0159e.<\/p>\n<p>&nbsp;<\/p>\n<ul>\n<li><em>Dmitrij Mitjurin: \u041b\u044e\u0434\u0432\u0438\u043a \u0421\u0432\u043e\u0431\u043e\u0434\u0430. \u0418\u0437 \u043b\u0435\u0433\u0438\u043e\u043d\u0435\u0440\u043e\u0432 \u0432 \u043f\u0440\u0435\u0437\u0438\u0434\u0435\u043d\u0442\u044b. \u0421\u0435\u043a\u0440\u0435\u0442\u043d\u044b\u0435 \u043c\u0430\u0442\u0435\u0440\u0438\u0430\u043b\u044b 20 \u0432\u0435\u043a\u0430, 1999-2025, 21.05.2015, In: <a href=\"https:\/\/xfile.ru\/x-files\/life_of_great_people\/lyudvik_svoboda_iz_legionerov_v_prezidenty\/\" target=\"_blank\" rel=\"noopener\">https:\/\/xfile.ru\/x-files\/life_of_great_people\/lyudvik_svoboda_iz_legionerov_v_prezidenty\/<\/a>\u00a0<\/em><\/li>\n<\/ul>\n","protected":false},"excerpt":{"rendered":"<p>Slovo \u201esvoboda\u201c se v \u010de\u0161tin\u011b vyslovuje s d\u016frazem na prvn\u00ed slabiku, ale znamen\u00e1 svobodu, stejn\u011b jako v ru\u0161tin\u011b. Velmi p\u0159\u00edhodn\u00e9<\/p>\n","protected":false},"author":2,"featured_media":3548,"comment_status":"open","ping_status":"open","sticky":false,"template":"","format":"standard","meta":{"_mi_skip_tracking":false,"_exactmetrics_sitenote_active":false,"_exactmetrics_sitenote_note":"","_exactmetrics_sitenote_category":0},"categories":[8,435],"tags":[36,37,40],"_links":{"self":[{"href":"http:\/\/novysmer.cz\/index.php\/wp-json\/wp\/v2\/posts\/3545"}],"collection":[{"href":"http:\/\/novysmer.cz\/index.php\/wp-json\/wp\/v2\/posts"}],"about":[{"href":"http:\/\/novysmer.cz\/index.php\/wp-json\/wp\/v2\/types\/post"}],"author":[{"embeddable":true,"href":"http:\/\/novysmer.cz\/index.php\/wp-json\/wp\/v2\/users\/2"}],"replies":[{"embeddable":true,"href":"http:\/\/novysmer.cz\/index.php\/wp-json\/wp\/v2\/comments?post=3545"}],"version-history":[{"count":4,"href":"http:\/\/novysmer.cz\/index.php\/wp-json\/wp\/v2\/posts\/3545\/revisions"}],"predecessor-version":[{"id":3550,"href":"http:\/\/novysmer.cz\/index.php\/wp-json\/wp\/v2\/posts\/3545\/revisions\/3550"}],"wp:featuredmedia":[{"embeddable":true,"href":"http:\/\/novysmer.cz\/index.php\/wp-json\/wp\/v2\/media\/3548"}],"wp:attachment":[{"href":"http:\/\/novysmer.cz\/index.php\/wp-json\/wp\/v2\/media?parent=3545"}],"wp:term":[{"taxonomy":"category","embeddable":true,"href":"http:\/\/novysmer.cz\/index.php\/wp-json\/wp\/v2\/categories?post=3545"},{"taxonomy":"post_tag","embeddable":true,"href":"http:\/\/novysmer.cz\/index.php\/wp-json\/wp\/v2\/tags?post=3545"}],"curies":[{"name":"wp","href":"https:\/\/api.w.org\/{rel}","templated":true}]}}