{"id":507,"date":"2006-11-14T15:18:50","date_gmt":"2006-11-14T14:18:50","guid":{"rendered":"http:\/\/novysmer.cz\/index.php\/2006\/11\/14\/stalinovy-dti\/"},"modified":"2006-11-14T15:18:50","modified_gmt":"2006-11-14T14:18:50","slug":"stalinovy-dti","status":"publish","type":"post","link":"http:\/\/novysmer.cz\/index.php\/2006\/11\/14\/stalinovy-dti\/","title":{"rendered":"STALINOVY D\u011aTI"},"content":{"rendered":"<p> <em><img loading=\"lazy\" class=\" alignleft size-full wp-image-3\" src=\"http:\/\/novysmer.cz\/wp-content\/uploads\/2007\/10\/logo.jpg\" border=\"0\" alt=\"logo\" title=\"logo\" hspace=\"5\" vspace=\"5\" width=\"100\" height=\"65\" align=\"left\" \/>Josif Vissarionovi\u010d Stalin (D\u017euga\u0161vili)<\/em> m\u011bl t\u0159i d\u011bti: dceru Sv\u011btlanu a syny Jakova a Vasilije.  <\/p>\n<p> <!--more--> <\/p>\n<p> \u00a0 <\/p>\n<p> <strong>Sv\u011btlana Allilujevov\u00e1<\/strong> \u017eila v\u00a0emigraci a v roce 1985 se vr\u00e1tila zp\u011bt do Sov\u011btsk\u00e9ho svazu. O Jakovovi a Vasiliji v\u0161ak koluje mnoho legend a pov\u011bst\u00ed. Osudy obou jsou smutn\u00e9 a tragick\u00e9, i kdy\u017e ka\u017ed\u00fd jinak. Jsou neodlucn\u011b spjaty s jevy, je\u017e sov\u011btsk\u00e1 zem\u011b pro\u017e\u00edvala za Stalinovy vl\u00e1dy.  <\/p>\n<p> <strong>Vasilij D\u017euga\u0161vili-Stalin<\/strong> (1921 \u2014 1962) \u2014 Stalin\u016fv syn z jeho druh\u00e9ho man\u017eelstv\u00ed s Nad\u011b\u017edou Allilujevovou. Absolvoval st\u0159edn\u00ed \u0161kolu a leteck\u00e9 u\u010dili\u0161t\u011b. M\u011bl hodnost gener\u00e1lporu\u010dika. Jeho vrstevnici se shoduji v n\u00e1zoru, \u017ee byl mil\u00e1\u010dkem sv\u00e9ho otce. Zem\u0159el v Kazani, kde je tak\u00e9 pochov\u00e1n.  <\/p>\n<p> <strong>Jakov D\u017euga\u0161vili<\/strong> (1907\u20141943) &#8211; syn J. V. Stalina z jeho prvn\u00edho man\u017eelstv\u00ed s Jekat\u011brinou Svanidzovou, kter\u00e1 zem\u0159ela na tyfus roku 1908. Vychov\u00e1vala ho mat\u010dina sestra Alexandra Svanidzov\u00e1. Jakov vystudoval Vysokou \u0161kolu \u017eelezni\u010dn\u00edho in\u017een\u00fdrstv\u00ed a Vojenskou d\u011blost\u0159eleckou akademii. Hned prvn\u00ed den Velk\u00e9 vlasteneck\u00e9 v\u00e1lky ode\u0161el na frontu jako dobrovoln\u00edk. Prakticky cel\u00fd \u017eivot \u017eil stranou Stalinovy rodiny.  <\/p>\n<p> <strong>Jakov<\/strong>  <\/p>\n<p> Dne 6. \u010dervence 1941 si t\u0159et\u00ed n\u011bmeck\u00e1 tankov\u00e1 skupina vytvo\u0159ila p\u0159edmost\u00ed na v\u00fdchodn\u00edm b\u0159ehu Z\u00e1padn\u00ed Dviny v oblasti Vitebska. Zna\u010dn\u00fd po\u010det sov\u011btsk\u00fdch v\u00e1le\u010dn\u00fdch zajatc\u016f byl dopraven do takzvan\u00e9ho sb\u011brn\u00e9ho t\u00e1bora na \u0159ece Berezin\u011b, pobl\u00ed\u017e b\u011blorusk\u00e9ho m\u011bsta Borisovo. T\u00e1bor tvo\u0159ila obrovsk\u00e1 planina v lese obehnan\u00e1 ostnat\u00fdm dr\u00e1tem, za n\u00edm\u017e patrolovaly fa\u0161istick\u00e9 hl\u00eddky s vl\u010d\u00e1ky. Na t\u00e9 planin\u011b u\u017e nez\u016fstala jedin\u00e1 travi\u010dka, jen sem tam p\u00e1r strom\u016f, ale ani na nich u\u017e nezbyl jedin\u00fd list; dokonce i k\u016fra byla ohlodan\u00e1. A na hol\u00e9 zemi se v\u00e1lely tis\u00edce lid\u00ed.  <\/p>\n<p> Nov\u00fd transport nahnali do \u0159ad a eses\u00e1ck\u00fd d\u016fstojn\u00edk zavelel: <em>\u201eKomunist\u00e9 a \u017did\u00e9 t\u0159i kroky vp\u0159ed!&quot;<\/em> N\u011bkolik osob pokro\u010dilo kup\u0159edu. D\u016fstojn\u00edk za\u010dal obch\u00e1zet \u0159ady. U jednoho zajatce se zastavil, samopalem ho r\u00fdpl do boku: <em>\u201ePro\u010d taky nevyleze\u0161? Jsi p\u0159ece \u017did!&quot;<\/em> vyk\u0159ikl. <em>\u201eNe, j\u00e1 nejsem \u017did,&quot;<\/em> zn\u011bla odpov\u011b\u010f. <em>\u201eJen sebou hni dop\u0159edu!&quot;<\/em> Ale vtom kdosi ze zajatc\u016f zavolal: <em>\u201eTo je Gruz\u00ednec, Stalin\u016fv syn&#8230;&quot; <\/em> <\/p>\n<p> Z protokolu v\u00fdslechu Jakova D\u017euga\u0161viliho na velitelsk\u00e9m stanovi\u0161ti gener\u00e1la von Bocka. (jednoho z velitel\u016f skupiny arm\u00e1d St\u0159ed). Prvn\u00ed v\u00fdslech, k n\u011bmu\u017e do\u0161lo 18. \u010dervence 1941, \u0159\u00eddil major n\u011bmeck\u00e9 arm\u00e1dn\u00ed zpravodajsk\u00e9 slu\u017eby <em>Watter Holters.<\/em>  <\/p>\n<p> <em>\u201eVzdal jste se dobrovoln\u011b, nebo v\u00e1s k tomu donutili n\u00e1sil\u00edm?&quot;<br \/> \u201eZajali m\u011b n\u00e1sil\u00edm.&quot; \u201eJak k tomu do\u0161lo?&quot;<br \/> \u201eDvan\u00e1ct\u00e9ho \u010dervence byla na\u0161e jednotka obkl\u00ed\u010dena. Za\u010dalo siln\u00e9 bombardov\u00e1n\u00ed. Cht\u011bl jsem se probojovat ke sv\u00fdm, ale omr\u00e1\u010dil m\u011b v\u00fdbuch. Zast\u0159elil bych se, kdybych m\u011bl tu mo\u017enost.&quot;<br \/> \u201eMysl\u00edte, \u017ee sov\u011btsk\u00e1 vojska maj\u00ed je\u0161t\u011b \u0161anci dos\u00e1hnout ve v\u00e1lce obratu?&quot;<br \/> \u201eV\u00e1lka je\u0161t\u011b zdaleka neskon\u010dila.&quot;<br \/> \u201eA co se stane, jestli co nevid\u011bt obsad\u00edme Moskvu?&quot;<br \/> \u201eMoskvu nedobudete nikdy!&quot;<br \/> \u201ePro\u010d jsou v Rud\u00e9 arm\u00e1d\u011b komisa\u0159i?&quot;<br \/> \u201eAby pozvedli bojov\u00e9ho ducha a politicky vedli voj\u00e1ky.&quot;<br \/> \u201eMysl\u00edte, \u017ee nov\u00e1 moc v Rusku vyhovuje z\u00e1jm\u016fm d\u011bln\u00edk\u016f a roln\u00edk\u016f v\u00edc ne\u017e<br \/> carsk\u00e1 vl\u00e1da?&quot; \u201eO tom nem\u016f\u017ee b\u00fdt pochyb.&quot; \u201eKdy jste naposledy mluvil s\u00a0otcem?\u201c<br \/> \u201eDvaadvac\u00e1t\u00e9ho \u010dervna. Kdy\u017e sly\u0161el, \u017ee odch\u00e1z\u00edm na frontu, \u0159ekl ,Jdi a bojuj!&#8217;&quot;<\/em>  <\/p>\n<p> Odm\u00edtl n\u00e1vrh fa\u0161ist\u016f, aby napsal sv\u00e9 rodin\u011b. Vyb\u00eddli ho, aby u\u010dinil prohl\u00e1\u0161en\u00ed dom\u016f po rozhlasov\u00fdch vln\u00e1ch, ale odm\u00edtl i to.  <\/p>\n<p> Potom ho vyfotografovali p\u0159i rozhovoru se dv\u011bma n\u011bmeck\u00fdmi d\u016fstojn\u00edky a fotografii opat\u0159enou zfal\u0161ovan\u00fdm textem vyu\u017eili jako agita\u010dn\u00ed let\u00e1k. St\u00e1lo na n\u011bm:  <\/p>\n<p> V \u010dervenci roku 1941 napsal velitel baterie nadporu\u010d\u00edk Jakov D\u017euga\u0161vili sv\u00e9mu otci Josifu Stalinovi: <em>\u201eDrah\u00fd ot\u010de, nach\u00e1z\u00edm se v zajet\u00ed. Jsem zdr\u00e1v. Brzy m\u011b ode\u0161lou do t\u00e1bora pro d\u016fstojn\u00edky v N\u011bmecku. Zach\u00e1zej\u00ed se mnou dob\u0159e. P\u0159eju ti hodn\u011b zdrav\u00ed. Pozdrav v\u0161em. Ja\u0161a.&#8216;<\/em>  <\/p>\n<p> N\u00e1sledujte p\u0159\u00edkladu Stalinova syna! Vzdal se do zajet\u00ed. Je \u017eiv a c\u00edt\u00ed se b\u00e1je\u010dn\u011b. Pro\u010d chcete j\u00edt na smrt, kdy\u017e dokonce syn va\u0161eho hlavn\u00edho velitele se nechal zajmout? M\u00edr zmu\u010den\u011b vlasti! Odho\u010fte zbran\u011b!&quot;  <\/p>\n<p> Dal\u0161\u00ed v\u00fdslech Jakova D\u017euga\u0161viliho se odb\u00fdval v hlavn\u00edm stanu velitele skupiny arm\u00e1d St\u0159ed poln\u00edho mar\u0161\u00e1la Guntera von Klugeho. V\u00fdslech vedl zku\u0161en\u00fd p\u0159\u00edslu\u0161n\u00edk zpravodajsk\u00e9 slu\u017eby kapit\u00e1n Wigfried Strick-Strickfeld. Ten ve sv\u00fdch memo\u00e1rech napsan\u00fdch po v\u00e1lce uv\u00e1d\u00ed, jak se v l\u00e9t\u011b 1941 pokusil z\u00edskat Stalinova syna. Marn\u011b.  <\/p>\n<p> <em>\u201eMu\u017e hezk\u00e9, chytr\u00e9 tv\u00e1\u0159e s ostr\u00fdmi gruz\u00ednsk\u00fdmi rysy se choval uk\u00e1zn\u011bn\u011b a korektn\u011b. Se sv\u00fdm otcem hovo\u0159il naposledy telefonicky p\u0159ed odchodem na frontu. Kompromis mezi kapitalismem a komunismem kategoricky odm\u00edtl. Nev\u011b\u0159il, \u017ee N\u011bmci dos\u00e1hnou kone\u010dn\u00e9ho v\u00edt\u011bzstv\u00ed. &quot;<\/em>  <\/p>\n<p> P\u0159ivezli ho do Berl\u00edna a dali k dispozici Goebbelsovu ministerstvu. \u017dil v elegantn\u00edm hotelu Adlon. Ani tady se ale nepoda\u0159ilo Jakova p\u0159im\u011bt, aby slou\u017eil Reichu. Proto se brzy z Goebbelsova \u201ehosta&quot; stal zase oby\u010dejn\u00fdm v\u00e1le\u010dn\u00fdm zajatcem. Koncem prosince byl p\u0159evezen do d\u016fstojnick\u00e9ho t\u00e1bora XIII D v Hammelburgu.  <\/p>\n<p> B\u00fdval\u00fd v\u011bze\u0148 tohoto t\u00e1bora <em>Alexandr U\u017einskij<\/em> vypr\u00e1v\u00ed:  <\/p>\n<p> \u201eByl jsem v Hammelburgu, kdy\u017e tam na za\u010d\u00e1tku roku 1942 dopravili Jakova D\u017euga\u0161viliho. Vypadal prab\u00eddn\u011b. Vyhubl\u00fd, v obli\u010deji cel\u00fd popelav\u00fd; pohled jeho zapadl\u00fdch o\u010d\u00ed byl t\u011b\u017ek\u00fd a zamra\u010den\u00fd. M\u011bl na sob\u011b siln\u011b om\u0161el\u00fd pl\u00e1\u0161\u0165 od uniformy, potrhanou vojenskou bl\u016fzu a na hlav\u011b lodi\u010dku. Vzpom\u00edn\u00e1m si, jak k n\u011bmu p\u0159istoupil jeden z t\u00e1borov\u00fdch str\u00e1\u017en\u00fdch, namo\u010dil \u0161t\u011btec do k\u00fdblu s \u010dervenou barvou a namaloval mu na prsa, na z\u00e1da, na ramena a dokonce i na kalhoty velk\u00e1 p\u00edsmena SU. D\u017euga\u0161vili se obr\u00e1til k d\u016fstojn\u00edk\u016fm, kte\u0159\u00ed p\u0159ihl\u00ed\u017eeli opod\u00e1l, a hlasit\u011b \u0159ekl: <em>,Jen a\u0165 si maluj\u00ed! Sov\u011btsk\u00fd svaz je moje vlast!&#8216;<\/em> Ta slova na v\u0161echny, kdo je sly\u0161eli, siln\u011b zap\u016fsobila: v t\u00e1bo\u0159e za n\u011bco podobn\u00e9ho hrozila smrt.&quot;  <\/p>\n<p> Potom n\u00e1sledoval t\u00e1bor v Norimberku, odkud ho p\u0159evedli do Lubecku. Tam, v t\u00e1bo\u0159e XZ, bylo zav\u0159eno t\u00e9m\u011b\u0159 dva tis\u00edce polsk\u00fdch d\u016fstojn\u00edk\u016f a asi dv\u011b stovky ordonan\u010dn\u00edch voj\u00edn\u016f.  <\/p>\n<p> B\u00fdval\u00fd v\u011bze\u0148 tohoto t\u00e1bora <em>Marian Wenclewicz<\/em> si z t\u00e9 doby uchoval jako cennou pam\u00e1tku dva l\u00edstky popsan\u00e9 rukou Jakova D\u017euga\u0161viliho. Vypr\u00e1v\u00ed:  <\/p>\n<p> \u201eZpr\u00e1va o p\u0159\u00edchodu syna mar\u0161\u00e1la Stalina do t\u00e1bora vzbudila mezi polsk\u00fdmi d\u016fstojn\u00edky velk\u00fd z\u00e1jem. \u010ctvrt\u00e9ho kv\u011btna 1942 p\u0159ivedli do na\u0161eho bar\u00e1ku zajatce v sov\u011btsk\u00e9 uniform\u011b. Hned jsme ho poznali: byl to prostovlas\u00fd brunet, p\u0159esn\u011b takov\u00fd jako na fotografii uve\u0159ejn\u011bn\u00e9 ve fa\u0161istick\u00fdch novin\u00e1ch, kter\u00e9 jsme p\u0159ed \u010dasem \u010detli.  <\/p>\n<p> N\u011bmci pro Jakova D\u017euga\u0161viliho p\u0159ipravili zvl\u00e1\u0161tn\u00ed k\u00f3ji. Na\u0159\u00eddili postavit v bar\u00e1ku vy\u0161\u0161\u00edch polsk\u00fdch d\u016fstojn\u00edk\u016f p\u0159\u00ed\u010dku, je\u017e odd\u011blovala dv\u011b mal\u00e9 m\u00edstn\u016fstky s chodbi\u010dkou uprost\u0159ed. Do dve\u0159\u00ed byly vsazeny spolehliv\u00e9 z\u00e1mky a rovn\u011b\u017e ,\u0161peh\u00fdrky&#8216;. Sousedem Jakova byl kapit\u00e1n Blum, syn n\u011bkdej\u0161\u00edho francouzsk\u00e9ho ministersk\u00e9ho p\u0159edsedy Leona Bluma.  <\/p>\n<p> Sov\u011btsk\u00fdm d\u016fstojn\u00edk\u016fm nen\u00e1le\u017eely v\u00fdhody v zach\u00e1zeni s v\u00e1le\u010dn\u00fdmi zajatci, je\u017e stanovila \u017eenevsk\u00e1 konvence. Proto se pol\u0161t\u00ed d\u016fstojn\u00edci na porad\u011b dozorc\u016f bar\u00e1k\u016f dohodli, \u017ee Jakov D\u017euga\u0161vili bude ka\u017ed\u00fd m\u011bs\u00edc dost\u00e1vat jednu ze z\u00e1silek Mezin\u00e1rodn\u00edho \u010derven\u00e9ho k\u0159\u00ed\u017ee, je\u017e byly ur\u010deny pro n\u00e1s, a tak\u00e9 bal\u00edk potravin, na n\u011bj\u017e se Pol\u00e1ci slo\u017e\u00ed ze sv\u00e9ho. Voj\u00e1ci z ordonan\u010dn\u00ed roty mu u\u0161ili hol\u00ednky a nov\u00fd vojensk\u00fd pl\u00e1\u0161\u0165. Na l\u00edstc\u00edch, kter\u00e9 jsem si schoval na pam\u00e1tku, d\u011bkuje Jakov D\u017euga\u0161vili za tyto slu\u017eby.  <\/p>\n<p> N\u011bkolikr\u00e1t se mi poda\u0159ilo mluvit s n\u00edm osobn\u011b. Jednou mi \u0159ekl, \u017ee nikdy pro N\u011bmce neu\u010dinil \u017e\u00e1dn\u00e9 prohl\u00e1\u0161en\u00ed. A po\u017e\u00e1dal m\u011b, jestli u\u017e neuvid\u00ed svou vlast, abych ozn\u00e1mil jeho otci, Josifu Stalinovi, \u017ee ho nikdy nezradil.  <\/p>\n<p> N\u011bmci byli \u0161patn\u00ed psychologov\u00e9, kdy\u017e po\u010d\u00edtali s t\u00edm, \u017ee se jim poda\u0159\u00ed Jakova D\u017euga\u0161viliho s Pol\u00e1ky znep\u0159\u00e1telit. Dos\u00e1hli prav\u00e9ho opaku. Pol\u0161t\u00ed d\u016fstojn\u00edci ho p\u0159ibrali do skupiny, je\u017e se velice pe\u010dliv\u011b chystala k \u00fat\u011bku. Vykopali pod silnic\u00ed, kter\u00e1 vedla kolem t\u00e1bora, podkop. Hloup\u00e1 n\u00e1hoda v\u0161ak tento pl\u00e1n zhatila.&quot;  <\/p>\n<p> Za p\u00e1r hodin po nezda\u0159en\u00e9m pokusu o \u00fat\u011bk byl Jakov D\u017euga\u0161vili pod zes\u00edlen\u00fdm doprovodem eskortov\u00e1n do t\u00e1bora smrti v Sachsenhausenu.  <\/p>\n<p> Sv\u011bdectv\u00ed o tom, jak tam zahynul, pod\u00e1v\u00e1 star\u00fd n\u011bmeck\u00fd komunista <em>Harry Naujoks<\/em>, b\u00fdval\u00fd v\u011bze\u0148 tohoto t\u00e1bora. Jeho vzpom\u00ednky jsou ulo\u017eeny v arch\u00edvu pam\u00e1tn\u00edku v Sachsenhausenu:  <\/p>\n<p> \u201e<em>Jakov D\u017euga\u0161vili poci\u0165oval bezv\u00fdchodnost sv\u00e9ho postaven\u00ed. \u010casto upadal do depres\u00ed, odm\u00edtal j\u00eddlo. Zvl\u00e1\u0161\u0165 krut\u011b na n\u011bj zap\u016fsobilo Stalinovo prohl\u00e1\u0161en\u00ed, \u017ee \u00b4nejsou v\u00e1le\u010dn\u00ed zajatci, jsou jen zr\u00e1dci vlasti&#8216;, kter\u00e9 v\u00edcekr\u00e1t opakovan\u011b vys\u00edlal t\u00e1borov\u00fd rozhlas. Mo\u017en\u00e1, \u017ee pr\u00e1v\u011b to ho dohnalo k onomu \u0161\u00edlen\u00e9mu kroku. Za\u010dal vyhled\u00e1vat smrt a brzy j\u00ed tak\u00e9 na\u0161el. Dne \u010dtrn\u00e1ct\u00e9ho dubna 1943 ve\u010der odm\u00edtl vej\u00edt do bar\u00e1ku a vrhl se do \u00b4mrtv\u00e9 z\u00f3ny&#8216;. Str\u00e1\u017en\u00fd po n\u011bm vyst\u0159elil (p\u00e1lil bez v\u00fdstrahy). Smrt nastala okam\u017eit\u011b. Potom jeho t\u011blo hodili na dr\u00e1t\u011bn\u00fd plot, kter\u00fd byl pod vysok\u00fdm nap\u011bt\u00edm. Pokus o \u00fat\u011bk&#8230; Poz\u016fstatky Jakova D\u017euga\u0161viliho byly sp\u00e1leny v t\u00e1borov\u00e9m krematoriu.&quot;<\/em>  <\/p>\n<p> V arch\u00edvech bohu\u017eel nen\u00ed kopie dopisu fa\u0161istick\u00e9ho velen\u00ed Stalinovi s n\u00e1vrhem na v\u00fdm\u011bnu jeho syna za poln\u00edho mar\u0161\u00e1la Pauluse. Av\u0161ak z proslul\u00e9 Stalinovy odpov\u011bdi odeslan\u00e9 p\u0159es p\u0159edsedu \u0161v\u00e9dsk\u00e9ho \u010cerven\u00e9ho k\u0159\u00ed\u017ee hrab\u011bte Bernadotta je jasn\u00e9, v \u010dem spo\u010d\u00edvala podstata n\u00e1vrhu. Stalin ho odm\u00edtl stru\u010dn\u00fdm prohl\u00e1\u0161en\u00edm: \u201eNadporu\u010d\u00edka za mar\u0161\u00e1la nem\u011bn\u00edm.&quot;  <\/p>\n<p> To je v\u0161ak le\u017e. Mar\u0161\u00e1l \u017dukov hovo\u0159\u00ed o n\u011b\u010dem jin\u00e9m \u2013 na tento n\u00e1vrh Stalin \u0159ekl \u2013 <em>\u201eJak bych se mohl pod\u00edvat mili\u00f3n\u016fm sov\u011btsk\u00fdch otc\u016f a matek do tv\u00e1\u0159e, kdybych j\u00e1 sv\u00e9ho syna mohl zachr\u00e1nit a oni nikoli?\u201c\u00a0 <\/em> <\/p>\n","protected":false},"excerpt":{"rendered":"<p>Josif Vissarionovi\u010d Stalin (D\u017euga\u0161vili) m\u011bl t\u0159i d\u011bti: dceru Sv\u011btlanu a syny Jakova a Vasilije.<\/p>\n","protected":false},"author":1,"featured_media":3,"comment_status":"open","ping_status":"open","sticky":false,"template":"","format":"standard","meta":{"_mi_skip_tracking":false,"_exactmetrics_sitenote_active":false,"_exactmetrics_sitenote_note":"","_exactmetrics_sitenote_category":0},"categories":[8],"tags":[],"_links":{"self":[{"href":"http:\/\/novysmer.cz\/index.php\/wp-json\/wp\/v2\/posts\/507"}],"collection":[{"href":"http:\/\/novysmer.cz\/index.php\/wp-json\/wp\/v2\/posts"}],"about":[{"href":"http:\/\/novysmer.cz\/index.php\/wp-json\/wp\/v2\/types\/post"}],"author":[{"embeddable":true,"href":"http:\/\/novysmer.cz\/index.php\/wp-json\/wp\/v2\/users\/1"}],"replies":[{"embeddable":true,"href":"http:\/\/novysmer.cz\/index.php\/wp-json\/wp\/v2\/comments?post=507"}],"version-history":[{"count":0,"href":"http:\/\/novysmer.cz\/index.php\/wp-json\/wp\/v2\/posts\/507\/revisions"}],"wp:featuredmedia":[{"embeddable":true,"href":"http:\/\/novysmer.cz\/index.php\/wp-json\/wp\/v2\/media\/3"}],"wp:attachment":[{"href":"http:\/\/novysmer.cz\/index.php\/wp-json\/wp\/v2\/media?parent=507"}],"wp:term":[{"taxonomy":"category","embeddable":true,"href":"http:\/\/novysmer.cz\/index.php\/wp-json\/wp\/v2\/categories?post=507"},{"taxonomy":"post_tag","embeddable":true,"href":"http:\/\/novysmer.cz\/index.php\/wp-json\/wp\/v2\/tags?post=507"}],"curies":[{"name":"wp","href":"https:\/\/api.w.org\/{rel}","templated":true}]}}