{"id":612,"date":"2007-02-20T08:54:46","date_gmt":"2007-02-20T07:54:46","guid":{"rendered":"http:\/\/novysmer.cz\/index.php\/2007\/02\/20\/dean-reed-zpvak-herec-a-komunista\/"},"modified":"2007-02-20T08:54:46","modified_gmt":"2007-02-20T07:54:46","slug":"dean-reed-zpvak-herec-a-komunista","status":"publish","type":"post","link":"http:\/\/novysmer.cz\/index.php\/2007\/02\/20\/dean-reed-zpvak-herec-a-komunista\/","title":{"rendered":"Dean Reed, zp\u011bv\u00e1k, herec a komunista"},"content":{"rendered":"<p> <img loading=\"lazy\" class=\" alignleft size-full wp-image-3\" src=\"http:\/\/novysmer.cz\/wp-content\/uploads\/2007\/10\/logo.jpg\" border=\"0\" alt=\"logo\" title=\"logo\" hspace=\"5\" vspace=\"5\" width=\"100\" height=\"65\" align=\"left\" \/> &quot;Jsem jako ka\u017ed\u00fd \u010dlov\u011bk. K m\u00e9mu \u017eivotu pat\u0159\u00ed samoz\u0159ejm\u011b i l\u00e1ska a romantika. Jsem si jist, \u017ee v dne\u0161n\u00edch podm\u00ednk\u00e1ch je tak\u00e9 politika \u010d\u00e1st\u00ed na\u0161\u00ed existence. Jen\u017ee, kdo zapom\u00edn\u00e1 na takov\u00e9 v\u011bci, jako je l\u00e1ska, tomu nikdy nem\u016f\u017ee\u0161 v\u011b\u0159it jeho politick\u00fd n\u00e1zor.&quot;, \u0159ekl sv\u00e9ho \u010dasu americk\u00fd zp\u011bv\u00e1k a herec Dean Reed.  <\/p>\n<p> &nbsp; <\/p>\n<p> <!--more--> <\/p>\n<p> <img loading=\"lazy\" class=\" alignleft size-full wp-image-608\" src=\"http:\/\/novysmer.cz\/wp-content\/uploads\/2007\/02\/dean_3.jpg\" border=\"0\" alt=\"dean_3\" title=\"dean_3\" hspace=\"5\" vspace=\"5\" width=\"74\" height=\"100\" align=\"left\" \/> N\u011bkte\u0159\u00ed si na n\u011bj mo\u017en\u00e1 vzpomenou, p\u0159edev\u0161\u00edm mlad\u0161\u00edm pak je jeho jm\u00e9no dnes ji\u017e nezn\u00e1m\u00e9. A p\u0159esto by bylo \u0161koda zapomenout na \u010dlov\u011bka, je\u017e byl nejen velk\u00fdm zp\u011bv\u00e1kem, ale rovn\u011b\u017e bojovn\u00edkem za sv\u011btov\u00fd m\u00edr a spole\u010densk\u00fd pokrok. Kdo tedy byl Dean Reed?<\/p>\n<p> Narodil se roku 1938 v Denveru ve Spojen\u00fdch st\u00e1tech. Jako dvacetilet\u00fd za\u010dal s dr\u00e1hou profesion\u00e1ln\u00edho zp\u011bv\u00e1ka a velmi z\u00e1hy si jeho hity z\u00edskaly p\u0159edn\u00ed m\u00edsta v americk\u00fdch hitpar\u00e1d\u00e1ch, hned vedle Franka Sinatry, Raye Charlese a Elvise Presleyho, podle kter\u00e9ho mu rovn\u011b\u017e za\u010dali \u0159\u00edkat Elvis II. V roce 1961 se jeho deska s titulem \u201eNa\u0161e letn\u00ed romance\u201c stala hitem v USA i Latinsk\u00e9 Americe a tak jej jeho producentsk\u00e1 firma, vyslala na turn\u00e9 do Ji\u017en\u00ed Ameriky.<\/p>\n<p> <img loading=\"lazy\" class=\" alignright size-full wp-image-609\" src=\"http:\/\/novysmer.cz\/wp-content\/uploads\/2007\/02\/dean_2.jpg\" border=\"0\" alt=\"dean_2\" title=\"dean_2\" hspace=\"5\" vspace=\"5\" width=\"120\" height=\"100\" align=\"right\" \/> Pr\u00e1v\u011b v Ji\u017en\u00ed Amercice na n\u011bj hluboce zap\u016fsobily soci\u00e1ln\u00ed rozd\u00edly, se kter\u00fdmi se zde st\u0159etl. Na jedn\u00e9 stran\u011b chudoba, b\u00edda, v\u011bt\u0161iny obyvatelstva a na stran\u011b druh\u00e9 n\u011bkolik boh\u00e1\u010d\u016f, kte\u0159\u00ed \u017eij\u00ed z d\u0159iny ostatn\u00edch. Tyto pr\u016fvodn\u00ed jevy kapitalismu zde vid\u011bl v daleko vyhrocen\u011bj\u0161\u00ed podob\u011b, ne\u017e doma v USA. D\u016fle\u017eit\u00e9 ale bylo, \u017ee jej nenechaly nete\u010dn\u00fdm. Naopak. Uv\u011bdomil si, \u017ee st\u00e1vaj\u00edc\u00ed stav je neudr\u017eiteln\u00fd a mus\u00ed doj\u00edt ke zm\u011bn\u011b. A p\u0159edev\u0161\u00edm v n\u011bm vzniklo pevn\u00e9 p\u0159esv\u011bd\u010den\u00ed, \u017ee pro tuto zm\u011bnu je t\u0159eba rovn\u011b\u017e cosi vykonat. Postupn\u011b se tak vzdal kari\u00e9ry americk\u00e9 hv\u011bzdy a jezdil po koncertech v Argentin\u011b, Chile, kde posl\u00e9ze p\u0159isp\u011bl k v\u00edt\u011bzstv\u00ed Salvadora Allendeho.<\/p>\n<p> V roce 1965 pak jako \u010dlen Sv\u011btov\u00e9 rady m\u00edru p\u0159ij\u00ed\u017ed\u00ed do Sov\u011btsk\u00e9ho svazu a o rok pozd\u011bji se vrac\u00ed na koncertn\u00ed turn\u00e9. V roce 1979 v Santiagu p\u0159ed americk\u00fdm velvyslanectv\u00edm ve\u0159ejn\u011b myje americkou vlajku m\u00fddlem. Dean t\u00edmto \u010dinem cht\u011bl symbolicky vyj\u00e1d\u0159it jej\u00ed pot\u0159\u00edsn\u011bnost prol\u00e9vanou krv\u00ed vietnamsk\u00e9ho n\u00e1roda, obyvatel USA a v\u0161ech l\u00edd\u00ed, kte\u0159\u00ed trp\u00ed pod imperialistickou diktaturou.<\/p>\n<p> <img loading=\"lazy\" class=\" alignleft size-full wp-image-610\" src=\"http:\/\/novysmer.cz\/wp-content\/uploads\/2007\/02\/dean_1.jpg\" border=\"0\" alt=\"dean_1\" title=\"dean_1\" hspace=\"5\" vspace=\"5\" width=\"96\" height=\"100\" align=\"left\" \/> V t\u00e9 dob\u011b se ji\u017e definitivn\u011b se svou man\u017eelkou p\u0159est\u011bhoval do It\u00e1lie. St\u00e1le \u010dast\u011bji se ve\u0159ejn\u011b zapojoval do protiv\u00e1le\u010dn\u00fdch a protikapitalistick\u00fdch akc\u00ed. V dob\u011b kub\u00e1nsk\u00e9 krize kritizoval Kennedyho i Chru\u0161\u010dova, za jejich pohr\u00e1v\u00e1n\u00ed si s osudem sv\u011bta, ve kter\u00e9m oba dr\u017eeli prsty na jadern\u00e9 spou\u0161ti. Odsoudil rovn\u011b\u017e vstup sov\u011btsk\u00fdch vojsk do \u010ceskoslovenska v roce 1968. Jeho n\u00e1zory byly v\u017edy jasn\u00e9 a snadno pochopiteln\u00e9. B\u011bhem sv\u00e9ho italsk\u00e9ho pobytu nato\u010dil rovn\u011b\u017e osm film\u016f.<\/p>\n<p> Dal\u0161\u00ed pom\u011brn\u011b z\u00e1sadn\u00ed zm\u011bna v Reedov\u011b \u017eivot\u011b p\u0159i\u0161la v roce 1972, kdy se rozhodl trvale us\u00eddlit v tehdej\u0161\u00ed NDR. Zde \u017eil a\u017e do sv\u00e9 smrti. V noci ze \u010dtvrtka na p\u00e1tek, dne 13. \u010dervna 1986, utonul Dean Reed v jednom z \u010detn\u00fdch jezer nedaleko Berl\u00edna. Nehoda, vra\u017eda nebo sebevra\u017eda? O tom dodnes panuj\u00ed jen dohady.  <\/p>\n<p> Dean Reed nebyl jenom v\u00fdrazn\u00fd mnohostrann\u00fd zp\u011bv\u00e1k, skladatel, texta\u0159, herec, re\u017eis\u00e9r a spisovatel, ale byl i vzorem pro ml\u00e1de\u017e. Jeho protesty proti bezpr\u00e1v\u00ed, v\u00e1lk\u00e1m a vyko\u0159istov\u00e1n\u00ed byly pob\u00eddkou a z\u00e1vazkem pro v\u0161echny m\u00edrumilovn\u00e9 mlad\u00e9 lidi cel\u00e9ho sv\u011bta.<img loading=\"lazy\" class=\" alignright size-full wp-image-611\" src=\"http:\/\/novysmer.cz\/wp-content\/uploads\/2007\/02\/dean_4.jpg\" border=\"0\" alt=\"dean_4\" title=\"dean_4\" hspace=\"5\" vspace=\"5\" width=\"262\" height=\"366\" align=\"right\" \/>  <\/p>\n<p> &nbsp; <\/p>\n<p> Pokusila jsem se tu p\u0159edstavit alespo\u0148 ve zkratce \u010dlov\u011bka, kter\u00fd by nem\u011bl b\u00fdt zapomenut budouc\u00edmi generacemi, nebo\u0165 jeho osoba je p\u0159\u00edkladem pevn\u00e9ho charakteru, poctiv\u00e9 pr\u00e1ce sm\u011b\u0159uj\u00edc\u00ed k nastolen\u00ed vy\u0161\u0161\u00edho spole\u010densk\u00e9ho syst\u00e9mu, protiv\u00e1le\u010dn\u00e9ho \u00fasil\u00ed.  <\/p>\n<p> A\u010dkoliv se n\u00e1m sou\u010dasn\u00ed vyklada\u010di historie a v\u011brozv\u011bsti kapitalismu sna\u017e\u00ed nalhat, \u017ee snahy o soci\u00e1ln\u011b spravedliv\u011bj\u0161\u00ed cestu jsou nesmysln\u00e9, my jsme pevn\u011b p\u0159esv\u011bd\u010den\u00ed, stejn\u011b jako byl Dean Reed, \u017ee p\u0159ijde den, kdy ji\u017e nebude na sv\u011bt\u011b vyko\u0159is\u0165ovatel\u016f a vyko\u0159is\u0165ovan\u00fdch, kdy \u010dlov\u011bk \u010dlov\u011bku nebude vlkem. <\/p>\n<p> &nbsp; <\/p>\n<p> Jeho hudba:  <\/p>\n<p> <a href=\"http:\/\/download.sovmusic.ru\/sam\/s1553.mp3\" target=\"_blank\" rel=\"noopener noreferrer\">http:\/\/download.sovmusic.ru\/sam\/s1553.mp3<\/a> <\/p>\n<p> <a href=\"http:\/\/download.sovmusic.ru\/sam\/s2584.mp3\" target=\"_blank\" rel=\"noopener noreferrer\">http:\/\/download.sovmusic.ru\/sam\/s2584.mp3<\/a>  <\/p>\n<p> <a href=\"http:\/\/download.sovmusic.ru\/m\/revoluc.mp3\">http:\/\/download.sovmusic.ru\/m\/revoluc.mp3<\/a> <\/p>\n<p> <strong>Odstran\u011bn\u00ed kapitalismu je nutnost\u00ed, m\u00e1-li lidstvo p\u0159e\u017e\u00edt. V tom je asi hlavni my\u0161lenka, kterou k n\u00e1m Dean Reed i bezm\u00e1la dvacet let po sv\u00e9 smrti promlouv\u00e1.<\/strong> <\/p>\n<p> &nbsp; <\/p>\n<p> &nbsp; <\/p>\n<p> &nbsp; <\/p>\n<table border=\"0\" align=\"center\">\n<tbody>\n<tr>\n<td>  <strong style=\"color: #c64934\">{youtube}BQK6NuXqJPU{\/youtube}<\/strong><\/td>\n<\/tr>\n<\/tbody>\n<\/table>\n<table border=\"0\" width=\"172\" height=\"49\">\n<tbody> \t<\/tbody>\n<\/table>\n<p> Autor: <span class=\"storytitle\"><strong><span class=\"storycat\">Kate\u0159ina Bayerov\u00e1<\/span><\/strong><\/span> <br \/> Zdroj: mladalevice.cz (zanikla)  <\/p>\n","protected":false},"excerpt":{"rendered":"<p>&quot;Jsem jako ka\u017ed\u00fd \u010dlov\u011bk. K m\u00e9mu \u017eivotu pat\u0159\u00ed samoz\u0159ejm\u011b i l\u00e1ska a romantika. Jsem si jist, \u017ee v dne\u0161n\u00edch podm\u00ednk\u00e1ch<\/p>\n","protected":false},"author":1,"featured_media":3,"comment_status":"open","ping_status":"open","sticky":false,"template":"","format":"standard","meta":{"_mi_skip_tracking":false,"_exactmetrics_sitenote_active":false,"_exactmetrics_sitenote_note":"","_exactmetrics_sitenote_category":0},"categories":[6],"tags":[99],"_links":{"self":[{"href":"http:\/\/novysmer.cz\/index.php\/wp-json\/wp\/v2\/posts\/612"}],"collection":[{"href":"http:\/\/novysmer.cz\/index.php\/wp-json\/wp\/v2\/posts"}],"about":[{"href":"http:\/\/novysmer.cz\/index.php\/wp-json\/wp\/v2\/types\/post"}],"author":[{"embeddable":true,"href":"http:\/\/novysmer.cz\/index.php\/wp-json\/wp\/v2\/users\/1"}],"replies":[{"embeddable":true,"href":"http:\/\/novysmer.cz\/index.php\/wp-json\/wp\/v2\/comments?post=612"}],"version-history":[{"count":0,"href":"http:\/\/novysmer.cz\/index.php\/wp-json\/wp\/v2\/posts\/612\/revisions"}],"wp:featuredmedia":[{"embeddable":true,"href":"http:\/\/novysmer.cz\/index.php\/wp-json\/wp\/v2\/media\/3"}],"wp:attachment":[{"href":"http:\/\/novysmer.cz\/index.php\/wp-json\/wp\/v2\/media?parent=612"}],"wp:term":[{"taxonomy":"category","embeddable":true,"href":"http:\/\/novysmer.cz\/index.php\/wp-json\/wp\/v2\/categories?post=612"},{"taxonomy":"post_tag","embeddable":true,"href":"http:\/\/novysmer.cz\/index.php\/wp-json\/wp\/v2\/tags?post=612"}],"curies":[{"name":"wp","href":"https:\/\/api.w.org\/{rel}","templated":true}]}}