{"id":776,"date":"2008-01-07T21:45:24","date_gmt":"2008-01-07T20:45:24","guid":{"rendered":"http:\/\/novysmer.cz\/index.php\/2008\/01\/07\/historie-radaru-a-eska-kolonie\/"},"modified":"2008-01-07T21:45:24","modified_gmt":"2008-01-07T20:45:24","slug":"historie-radaru-a-eska-kolonie","status":"publish","type":"post","link":"http:\/\/novysmer.cz\/index.php\/2008\/01\/07\/historie-radaru-a-eska-kolonie\/","title":{"rendered":"Historie radaru a \u010desk\u00e1 kolonie"},"content":{"rendered":"<p><img loading=\"lazy\" class=\" alignleft size-full wp-image-11\" src=\"http:\/\/novysmer.cz\/wp-content\/uploads\/2007\/10\/nezakl.jpg\" border=\"0\" alt=\"nezakl\" title=\"nezakl\" hspace=\"5\" vspace=\"5\" width=\"60\" height=\"53\" align=\"left\" \/>  <\/p>\n<p class=\"MsoNormal\" align=\"justify\"> <strong>Boj za m\u00edr proti radaru a z\u00e1kladn\u00e1m na v\u0161ech front\u00e1ch. Nyn\u00ed koluje po internetu video o radaru, kter\u00e9 je v\u00fdborn\u011b zpracov\u00e1no a ukazuje historii pl\u00e1nu v\u00fdstavby radaru v \u010cR i jeho budoucnost. V prezentaci jsme Ameri\u010dany pokl\u00e1d\u00e1ni ji\u017e dvacet let za americkou kolonii. Je tam uk\u00e1z\u00e1na na faktech l\u017eiv\u00e1 zpravodajstv\u00ed na\u0161ich m\u00e9di\u00ed o demonstrac\u00edch a protestech proti radaru. Jsou tam mezin\u00e1rodn\u00ed l\u017ei o v\u00e1lk\u00e1ch v Ir\u00e1ku a v Jugosl\u00e1vii. Proto nelze v\u011b\u0159it tomu, co \u0159\u00edkaj\u00ed n\u00e1m vl\u00e1dn\u00ed kruhy o radaru, kter\u00fd m\u00e1 b\u00fdt u n\u00e1s.<\/strong>  <\/p>\n<p> <!--more--> <\/p>\n<table border=\"0\" align=\"center\">\n<tbody>\n<tr>\n<td><a href=\"http:\/\/video.google.com\/videoplay?docid=8988743492919612368&amp;%3Bhl=en\" target=\"_blank\" rel=\"noopener noreferrer\"><strong style=\"color: #c64934\">http:\/\/video.google.com\/videoplay?docid=8988743492919612368&amp;%3Bhl=en<\/strong><\/a><\/td>\n<\/tr>\n<\/tbody>\n<\/table>\n<p> \u00a0 <\/p>\n<p> \u00a0 <\/p>\n<p class=\"MsoNormal\"> Doporu\u010dujeme ke shl\u00e9dnut\u00ed.<span> <\/span>Skoro bych \u0159ekla, \u017ee je to povinnost vid\u011bt. Zbrojn\u00ed pr\u016fmysl financuje v\u0161echnu \u0161p\u00ednu n\u00e1sil\u00ed, v\u00e1lky i barevn\u00e9 revoluce v\u0161ude po sv\u011bt\u011b. Je tu i kr\u00e1sn\u011b vysv\u011btleno, kdo je kdo v americk\u00e9m zbrojn\u00edm pr\u016fmyslu. Zbrojn\u00ed pr\u016fmysl podporuje kandid\u00e1ty do Washingtnu, d\u011bl\u00e1 pro n\u011b \u0161kolen\u00ed.  <\/p>\n<p class=\"MsoNormal\"> Zbrojn\u00ed pr\u016fmysl zakl\u00e1d\u00e1 vzd\u011bl\u00e1vac\u00ed st\u0159ediska a NNO \u2013 nest\u00e1tn\u00ed neziskov\u00e9 organizace.  <\/p>\n<p class=\"MsoNormal\"> Jednou z nich je:  <\/p>\n<p class=\"MsoNormal\"> Centrum pro bezpe\u010dnostn\u00ed politiku \u2013(Center for security politic<span> <\/span>)  <\/p>\n<p class=\"MsoNormal\"> \u2013 kter\u00e1 m\u00e1 rozpo\u010det 1,2mld dolar\u016f ro\u010dn\u011b.  <\/p>\n<p class=\"MsoNormal\"> Ve spole\u010dnosti je 8 z\u00e1stupc\u016f pr\u016fmyslu.  <\/p>\n<p class=\"MsoNormal\"> Ze zbrojn\u00ed spole\u010dnosti Lockheed Martin <a href=\"http:\/\/www.lockheedmartin.com\/\" target=\"_blank\" rel=\"noopener noreferrer\">http:\/\/www.lockheedmartin.com<\/a> je v n\u00ed 6 z\u00e1stupc\u016f.  <\/p>\n<p class=\"MsoNormal\"> Dal\u0161\u00edmi zbroja\u0159sk\u00fdmi firmami jsou:  <\/p>\n<p class=\"MsoNormal\"> Boeing<span> <\/span><a href=\"http:\/\/www.boeing.com\/\" target=\"_blank\" rel=\"noopener noreferrer\">http:\/\/www.boeing.com\/<\/a><span> <\/span> <\/p>\n<p class=\"MsoNormal\"> Raytheon<span> <\/span><a href=\"http:\/\/www.raytheon.com\/\" target=\"_blank\" rel=\"noopener noreferrer\">http:\/\/www.raytheon.com\/<\/a><span> <\/span> <\/p>\n<p class=\"MsoNormal\"> Northrop Grumman <a href=\"http:\/\/www.northropgrumman.com\/\" target=\"_blank\" rel=\"noopener noreferrer\">http:\/\/www.northropgrumman.com\/<\/a>  <\/p>\n<p class=\"MsoNormal\"> V\u0161echny jsou zaintersov\u00e1ny do protiraketov\u00e9ho de\u0161tn\u00edku v Evrop\u011b.  <\/p>\n<p class=\"MsoNormal\"> \u00a0 <\/p>\n<p class=\"MsoNormal\"> Spole\u010dnost <strong>AMI communications<span> <\/span>PR<\/strong> \u2013 agentura slou\u017e\u00ed zbroja\u0159sk\u00e9mu pr\u016fmyslu.  <\/p>\n<p class=\"MsoNormal\"> Tato spole\u010dnost dostal netrasparentn\u011b zak\u00e1zku od na\u0161\u00ed vl\u00e1dy na p\u0159esv\u011bd\u010dov\u00e1n\u00ed o spr\u00e1vnosti<span> <\/span>radaru. C\u00edlem PR agentur nen\u00ed poskytovat nestrann\u00e9 informace, ale p\u0159esv\u011bd\u010dovat<span> <\/span>c\u00edlovou skupinu o sv\u00e9m z\u00e1jmu.<span> <\/span><a href=\"http:\/\/www.amic.cz\/\" target=\"_blank\" rel=\"noopener noreferrer\">http:\/\/www.amic.cz\/<\/a><span> <\/span> <\/p>\n<p class=\"MsoNormal\"> Druhou spole\u010dnost\u00ed propaguj\u00edc\u00ed radar u n\u00e1s je Dutko Worldwide.<span> <\/span> <\/p>\n<p class=\"MsoNormal\"> \u00a0 <\/p>\n<p class=\"MsoNormal\"> Spolumajitelka a jednatelka Ami Jana Marcov\u00e1 &#8211; b\u00fdval\u00e1 mluv\u010d\u00ed ODS<span> <\/span>vede \u010deskou pobo\u010dku Dutko Worldwide. Jednatelem a konzultantem Dutko Worldwide do konce roku 2006 byl Alexandr Vondra, kter\u00fd je nejhlasit\u011bj\u0161\u00edm zast\u00e1ncem radaru. Pen\u011bzmi zbroja\u0159sk\u00fdch podnik\u016f se upl\u00e1c\u00ed politici a protestuj\u00edc\u00ed z\u00e1hadn\u011b miz\u00ed.  <\/p>\n<p class=\"MsoNormal\"> C\u00edlem je i proniknou ekonomicky na n\u00e1\u0161 trh. Zbroja\u0159sk\u00e9 firmy tu dostanou zak\u00e1zky a t\u011bmi pen\u011bzmi si n\u00e1s koup\u00ed.  <\/p>\n<p> \u00a0 <\/p>\n","protected":false},"excerpt":{"rendered":"<p>Boj za m\u00edr proti radaru a z\u00e1kladn\u00e1m na v\u0161ech front\u00e1ch. Nyn\u00ed koluje po internetu video o radaru, kter\u00e9 je v\u00fdborn\u011b<\/p>\n","protected":false},"author":1,"featured_media":11,"comment_status":"open","ping_status":"open","sticky":false,"template":"","format":"standard","meta":{"_mi_skip_tracking":false,"_exactmetrics_sitenote_active":false,"_exactmetrics_sitenote_note":"","_exactmetrics_sitenote_category":0},"categories":[8],"tags":[15],"_links":{"self":[{"href":"http:\/\/novysmer.cz\/index.php\/wp-json\/wp\/v2\/posts\/776"}],"collection":[{"href":"http:\/\/novysmer.cz\/index.php\/wp-json\/wp\/v2\/posts"}],"about":[{"href":"http:\/\/novysmer.cz\/index.php\/wp-json\/wp\/v2\/types\/post"}],"author":[{"embeddable":true,"href":"http:\/\/novysmer.cz\/index.php\/wp-json\/wp\/v2\/users\/1"}],"replies":[{"embeddable":true,"href":"http:\/\/novysmer.cz\/index.php\/wp-json\/wp\/v2\/comments?post=776"}],"version-history":[{"count":0,"href":"http:\/\/novysmer.cz\/index.php\/wp-json\/wp\/v2\/posts\/776\/revisions"}],"wp:featuredmedia":[{"embeddable":true,"href":"http:\/\/novysmer.cz\/index.php\/wp-json\/wp\/v2\/media\/11"}],"wp:attachment":[{"href":"http:\/\/novysmer.cz\/index.php\/wp-json\/wp\/v2\/media?parent=776"}],"wp:term":[{"taxonomy":"category","embeddable":true,"href":"http:\/\/novysmer.cz\/index.php\/wp-json\/wp\/v2\/categories?post=776"},{"taxonomy":"post_tag","embeddable":true,"href":"http:\/\/novysmer.cz\/index.php\/wp-json\/wp\/v2\/tags?post=776"}],"curies":[{"name":"wp","href":"https:\/\/api.w.org\/{rel}","templated":true}]}}