{"id":886,"date":"2009-10-12T16:42:44","date_gmt":"2009-10-12T14:42:44","guid":{"rendered":"http:\/\/novysmer.cz\/index.php\/2009\/10\/12\/navtva-papee-benedikta-v-r\/"},"modified":"2009-10-12T16:42:44","modified_gmt":"2009-10-12T14:42:44","slug":"navtva-papee-benedikta-v-r","status":"publish","type":"post","link":"http:\/\/novysmer.cz\/index.php\/2009\/10\/12\/navtva-papee-benedikta-v-r\/","title":{"rendered":"N\u00e1v\u0161t\u011bva pape\u017ee Benedikta v \u010cR"},"content":{"rendered":"<div align=\"center\">\n<div style=\"text-align: center\"> <img loading=\"lazy\" class=\" size-full wp-image-885\" src=\"http:\/\/novysmer.cz\/wp-content\/uploads\/2009\/10\/image002.jpg\" border=\"0\" alt=\"image002\" title=\"image002\" hspace=\"5\" vspace=\"5\" width=\"568\" height=\"420\" \/> <\/div>\n<\/p><\/div>\n<div align=\"center\"> <\/div>\n<div align=\"center\"> <\/div>\n<div align=\"center\"> <\/div>\n<div align=\"center\"> <\/div>\n<div align=\"center\"> <\/div>\n<p> <!--more--> <\/p>\n<div align=\"justify\"> <\/div>\n<div align=\"justify\"> <\/div>\n<div align=\"justify\"> <span style=\"font-size: 10pt\">Foto bylo po\u0159\u00edzeno v Brn\u011b p\u0159i leto\u0161n\u00ed n\u00e1v\u0161t\u011bv\u011b pape\u017ee Benedikta XII. <\/span> <\/div>\n<div align=\"justify\"> \u00a0 <\/div>\n<div align=\"justify\"> <\/div>\n<div align=\"justify\"> <\/div>\n<div align=\"justify\">\n<div align=\"justify\"> <span style=\"font-size: 10pt\">Bylo mi dnes zasl\u00e1no v souvislosti se sou\u010dasn\u00fdmi n\u00e1mitkami prezidenta V\u00e1clava Klause proti Lisabonsk\u00e9 smlouv\u011b, kdy tvrd\u00ed, \u017ee m\u016f\u017ee doj\u00edt k prolomen\u00ed dekret\u016f prezidenta Bene\u0161e a znejist\u011bn\u00ed vlastnick\u00fdch vztah\u016f v na\u0161\u00ed zemi. <\/span> <\/div>\n<div align=\"justify\"> \u00a0 <\/div>\n<\/p><\/div>\n<div align=\"justify\"> <span style=\"font-size: 10pt\">Vzkaz v\u0161em, kte\u0159\u00ed tvrd\u00ed, \u017ee minulost je jen folkl\u00f3r a napadaj\u00ed hlavu st\u00e1tu.<\/span> <\/div>\n<div align=\"justify\"> \u00a0 <\/div>\n<div align=\"justify\"> <span style=\"font-size: 10pt\"><em>(Jana Bobo\u0161\u00edkov\u00e1)<\/em><\/span> <\/div>\n<div align=\"justify\"> <\/div>\n<div align=\"justify\"> \u00a0 <\/div>\n<div align=\"justify\"> \u00a0 <\/div>\n<div align=\"justify\"> Do\u0161lo e-milem do redakce.\u00a0  <\/div>\n<div align=\"justify\"> <\/div>\n<div align=\"justify\"> <\/div>\n<div align=\"justify\"> <\/div>\n<div align=\"justify\"> <\/div>\n","protected":false},"excerpt":{"rendered":"","protected":false},"author":1,"featured_media":885,"comment_status":"open","ping_status":"open","sticky":false,"template":"","format":"standard","meta":{"_mi_skip_tracking":false,"_exactmetrics_sitenote_active":false,"_exactmetrics_sitenote_note":"","_exactmetrics_sitenote_category":0},"categories":[5],"tags":[120],"_links":{"self":[{"href":"http:\/\/novysmer.cz\/index.php\/wp-json\/wp\/v2\/posts\/886"}],"collection":[{"href":"http:\/\/novysmer.cz\/index.php\/wp-json\/wp\/v2\/posts"}],"about":[{"href":"http:\/\/novysmer.cz\/index.php\/wp-json\/wp\/v2\/types\/post"}],"author":[{"embeddable":true,"href":"http:\/\/novysmer.cz\/index.php\/wp-json\/wp\/v2\/users\/1"}],"replies":[{"embeddable":true,"href":"http:\/\/novysmer.cz\/index.php\/wp-json\/wp\/v2\/comments?post=886"}],"version-history":[{"count":0,"href":"http:\/\/novysmer.cz\/index.php\/wp-json\/wp\/v2\/posts\/886\/revisions"}],"wp:featuredmedia":[{"embeddable":true,"href":"http:\/\/novysmer.cz\/index.php\/wp-json\/wp\/v2\/media\/885"}],"wp:attachment":[{"href":"http:\/\/novysmer.cz\/index.php\/wp-json\/wp\/v2\/media?parent=886"}],"wp:term":[{"taxonomy":"category","embeddable":true,"href":"http:\/\/novysmer.cz\/index.php\/wp-json\/wp\/v2\/categories?post=886"},{"taxonomy":"post_tag","embeddable":true,"href":"http:\/\/novysmer.cz\/index.php\/wp-json\/wp\/v2\/tags?post=886"}],"curies":[{"name":"wp","href":"https:\/\/api.w.org\/{rel}","templated":true}]}}