{"id":915,"date":"2010-01-14T23:19:54","date_gmt":"2010-01-14T22:19:54","guid":{"rendered":"http:\/\/novysmer.cz\/index.php\/2010\/01\/14\/agentura-stem-asi-lovila-ve-svem-przkumu-mrtve-due\/"},"modified":"2010-01-14T23:19:54","modified_gmt":"2010-01-14T22:19:54","slug":"agentura-stem-asi-lovila-ve-svem-przkumu-mrtve-due","status":"publish","type":"post","link":"http:\/\/novysmer.cz\/index.php\/2010\/01\/14\/agentura-stem-asi-lovila-ve-svem-przkumu-mrtve-due\/","title":{"rendered":"Agentura STEM asi  lovila  ve sv\u00e9m pr\u016fzkumu  mrtv\u00e9 du\u0161e"},"content":{"rendered":"<p align=\"justify\"> <img loading=\"lazy\" class=\" alignleft size-full wp-image-3\" src=\"http:\/\/novysmer.cz\/wp-content\/uploads\/2007\/10\/logo.jpg\" border=\"0\" alt=\"logo\" title=\"logo\" hspace=\"5\" vspace=\"5\" width=\"100\" height=\"65\" align=\"left\" \/>Je\u00a0 zcela\u00a0 mo\u017en\u00e9, \u017ee\u00a0 pr\u016fzkum STEM, jen\u017e\u00a0 byl\u00a0 zve\u0159ejn\u011bn a\u00a0 jeho\u017e nosn\u00fdm bodem\u00a0 byla informace typu, \u017ee V\u00e1clav Havel\u00a0 je pro naprostou v\u011bt\u0161inu \u010cech\u016f i po 20 letech\u00a0 nejv\u011bt\u0161\u00ed osobnost\u00ed polistopadov\u00e9 \u00e9ry byl prov\u00e1d\u011bn asi v Praze na\u00a0 ministerstvech\u00a0 a\u00a0 podobn\u00fdch instituc\u00edch, kde dodnes sed\u00ed mnoz\u00ed\u00a0 \u00fa\u0159edn\u00edci, jen\u017e se na tato m\u00edsta dostali pr\u00e1v\u011b\u00a0 p\u0159ed on\u011bmi 20 lety .  <\/p>\n<p> <!--more--> <\/p>\n<p align=\"justify\"> Prohl\u00e1sit, \u017ee 70 procent \u010cech\u016f takto hodnot\u00ed\u00a0 V\u00e1clava Havla, je\u00a0 opravdu informace\u00a0 pro\u00a0 chovance\u00a0 Jedli\u010dkova \u00fastavu, ale\u00a0 ne\u00a0 pro\u00a0 tuto ob\u010danskou spole\u010dnost, \u010d\u00edm\u017e samoz\u0159ejm\u011b se\u00a0 nechci nijak\u00fdm zp\u016fsobem\u00a0 dotknout\u00a0 t\u00e9to\u00a0 instituce, pokud je\u0161t\u011b\u00a0 v\u016fbec\u00a0 existuje. A\u017e\u00a0 neuv\u011b\u0159iteln\u011b\u00a0 toto\u00a0 zn\u00ed v zemi, kde\u00a0 pomalu\u00a0 ka\u017ed\u00fd\u00a0 ob\u010dan na\u00a0 vlastn\u00ed\u00a0 k\u016f\u017ei poznal demokraticko-kapitalistick\u00e9 vymo\u017eenost\u00ed posledn\u00edho desetilet\u00ed minul\u00e9ho a deseti\u00a0 let existence on\u00e9 v\u011bhlasn\u00e9 demokracie\u00a0 tohoto stolet\u00ed.\u00a0 Mysl\u00edm si, \u017ee\u00a0 tato informace\u00a0 je\u00a0 opravdu informaci zav\u00e1d\u011bj\u00edc\u00ed a \u017ee \u017eivot\u00a0 v t\u00e9to zem\u00ed\u00a0 po on\u011bch\u00a0 20. letech\u00a0 hovo\u0159\u00ed\u00a0 sp\u00ed\u0161e\u00a0 o\u00a0 jin\u00fdch \u010d\u00edslech\u00a0 \u010di\u00a0 hodnot\u00e1ch.  <\/p>\n<p align=\"justify\"> Tato\u00a0 zem\u011b a\u00a0 jej\u00ed ob\u010dansk\u00e1 spole\u010dnost\u00a0 na\u00a0 vlastn\u00ed k\u016f\u017ei poznala onu lavinu c\u00edlen\u00fdch l\u017e\u00ed a\u00a0 polopravd jen\u017e\u00a0 p\u0159ed\u00a0 dvaceti l\u00e9ty\u00a0 ze sv\u00fdch \u00fast\u00a0 vypou\u0161t\u011bl\u00a0 V\u00e1clav\u00a0 Havel a\u00a0 k nim\u017e\u00a0 se dnes\u00a0 nehl\u00e1s\u00ed anebo\u00a0 se\u00a0 hl\u00e1s\u00ed s pozn\u00e1mkou, \u017ee to\u00a0 ne\u00a0 on, ale\u00a0 Ti\u00a0 druz\u00ed jsou str\u016fjci toho, co je n\u00e1m\u00a0 d\u00e1no \u017eit\u00a0 v t\u00e9to zemi. Mysli si snad\u00a0 v\u0161ichni ti vlezdoprdelkov\u00e9, pravdol\u00e1skovci a\u00a0 havlovci, \u017ee\u00a0 je\u00a0 tady\u00a0\u00a0 m\u00e1lo dokumentu\u00a0 z tohoto\u00a0 obdob\u00ed, \u017ee\u00a0 lid\u00e9\u00a0 jsou jak st\u00e1do vol\u016f a\u00a0 \u017ee si nepamatuji\u00a0 nic, \u017ee\u00a0 je dne\u0161n\u00ed tisk a\u00a0 masmedia\u00a0 do\u010dista vygumovaly\u00a0 mozky. Ne,\u00a0 nikoliv, je se do\u00a0 \u010deho zaposlouchat\u00a0 a tak\u00e9\u00a0 do\u00a0 \u010deho\u00a0 za\u010d\u00edt a fakta nelze jen tak sprovodit\u00a0 z tohoto\u00a0 sv\u011bta i\u00a0 kdy\u017e se zd\u00e1, \u017ee\u00a0 pam\u011b\u0165\u00a0 n\u00e1roda\u00a0 je\u00a0 mnohdy velice\u00a0 kr\u00e1tk\u00e1. Pokud\u00a0 v t\u00e9to zemi\u00a0 zv\u00edt\u011bzila pravda a\u00a0 l\u00e1ska, pak m\u00e1\u00a0 opravdu\u00a0 podivnou formu existence.  <\/p>\n<p align=\"justify\"> Je\u00a0 opravdu dobr\u00e9\u00a0 se\u00a0 ob\u010das\u00a0 za\u010d\u00edst\u00a0 do\u00a0 dobov\u00fdch\u00a0 dokument\u016f a srovn\u00e1vat a ob\u010dan, pokud je soudn\u00fd, pak\u00a0 si mus\u00ed\u00a0 uv\u011bdomit, \u017ee je to\u00a0 jeden velk\u00fd\u00a0 podvod, \u017ee tehdej\u0161\u00ed\u00a0 sliby a slova, jen\u017e tak\u00a0 r\u00e1d vyhla\u0161oval\u00a0 V\u00e1clav\u00a0 Havel\u00a0 byly jen\u00a0 pust\u00fdmi sliby, p\u0159etv\u00e1\u0159kou\u00a0 a\u00a0 tak\u00e9\u00a0 v\u011bt\u0161inou\u00a0 i l\u017e\u00ed. Pt\u00e1m se, kde\u00a0 je\u00a0 soudnost\u00a0 takov\u00e9hoto pr\u016fzkumu, kdy\u00a0 v zem\u00ed je\u00a0 pomalu 750000 nezam\u011bstnan\u00fdch, samoz\u0159ejm\u011b\u00a0 i s t\u011bmi, kter\u00e9 ji\u017e\u00a0 nepojmou \u017e\u00e1dn\u00e9\u00a0 d\u011brav\u00e9 soci\u00e1ln\u00ed\u00a0 s\u00edt\u011b, kde\u00a0 pomalu\u00a0 ka\u017ed\u00e1\u00a0 4\u00a0 rodina se pot\u00fdk\u00e1\u00a0 s \u017eivotn\u00edmi a finan\u010dn\u00edmi probl\u00e9my, v zemi, kde\u00a0 m\u00e1me\u00a0 nejm\u00e9n\u011b 250000 rodin, kter\u00e9\u00a0 \u017eiji na nebo pod\u00a0 hranic\u00ed b\u00eddy a\u00a0 kte\u0159\u00ed\u00a0 nedok\u00e1\u017e\u00ed\u00a0 platit\u00a0 b\u011b\u017en\u00e9\u00a0 \u017eivotn\u00ed\u00a0 n\u00e1klady, to ji\u017e\u00a0 nehovo\u0159\u00edm o t\u011bch, kter\u00e9 tato pseudodemokratick\u00e1\u00a0 spole\u010dnost postavila do zcela ne\u0159e\u0161iteln\u00fdch\u00a0 postaven\u00ed, kdy\u00a0 nev\u011bd\u00ed\u00a0 kudy\u00a0 kam a\u00a0 mnoz\u00ed\u00a0 si\u00a0 nev\u011bd\u00edce\u00a0 rady, rad\u011bji s\u00e1hlo\u00a0 na\u00a0 sv\u016fj\u00a0 \u017eivot a\u00a0 dobrovoln\u011b\u00a0 ode\u0161lo z tohoto sv\u011bta.  <\/p>\n<p align=\"justify\"> Za\u00a0 t\u011bch 20 let, jich\u00a0 bylo\u00a0 na\u00a0 takov\u00e9\u00a0 v\u011bt\u0161\u00ed\u00a0 \u010desk\u00e9\u00a0 m\u011bsto. O tomto se\u00a0 v t\u00e9to spole\u010dnosti\u00a0 nehovo\u0159\u00ed, v mnoh\u00fdch oblastech se\u00a0 n\u00e1m\u00a0 nedost\u00e1v\u00e1\u00a0 ani\u00a0 onoho p\u0159ed\u00a0 l\u00e9ty tolik kritizovan\u00e9ho socialistick\u00e9ho standartu, jen\u017e\u00a0 byl\u00a0 v t\u00e9to zemi\u00a0 v minul\u00e9m stolet\u00ed. \u017del v t\u00e9to zemi\u00a0 dnes\u00a0 \u010dlov\u011bk\u00a0 nem\u00e1\u00a0 \u017e\u00e1dn\u00e9\u00a0 jistoty \u010dehokoliv, ty co\u00a0 byly\u00a0 v minulosti, jsou\u00a0 ty\u00a0 tam.\u00a0 Ano, i pod\u00a0 toto\u00a0 v\u0161e se podepsal\u00a0 V\u00e1clav Havel, to mu\u00a0 nikdo sebe sna\u017eiv\u011bj\u0161\u00ed\u00a0\u00a0 neodp\u00e1r\u00e1 a to\u00a0 bych\u00a0 mohl\u00a0 ve\u00a0 v\u00fd\u010dtu on\u011bch slib\u016f a\u00a0\u00a0 dan\u00fdch slov\u00a0 pokra\u010dovat\u00a0 do nekone\u010dna.  <\/p>\n<p align=\"justify\"> Kdy\u017e\u00a0 jsem se\u00a0 d\u00edval o\u00a0 v\u00e1noc\u00edch\u00a0 na\u00a0 \u201ePy\u0161nou\u00a0 princeznu\u201c a\u00a0 sly\u0161el jsem kr\u00e1le, jak\u00a0 sliboval\u00a0 a\u00a0 op\u011btovn\u011b odvol\u00e1val co sliboval a\u00a0 jak pozd\u011bji\u00a0 bylo\u00a0 hl\u00e1s\u00e1no, co\u00a0 v\u0161e kr\u00e1l\u00a0 slibuje a sly\u0161el jsem\u00a0 ten oslavn\u00fd\u00a0 ch\u00f3r\u00a0 lidu jen\u017e kr\u00e1li za\u00a0 ona dobra\u00a0 blaho\u0159e\u010dil, vzpomn\u011bl jsem\u00a0 si\u00a0 na\u00a0 V\u00e1clava\u00a0 Havla a\u00a0 n\u00e1\u0161\u00a0 n\u00e1rod\u00a0 v roce 1989, kdy\u00a0 byla\u00a0\u00a0 v mnoh\u00fdch m\u011bstech\u00a0 pln\u00e1\u00a0 n\u00e1m\u011bst\u00ed a\u00a0 bylo\u00a0 tak\u00e9\u00a0\u00a0 mnoh\u00e9\u00a0 k sly\u0161en\u00ed i\u00a0 vid\u011bn\u00ed a\u00a0 tak\u00e9\u00a0 mnoh\u00e9\u00a0 k porovn\u00e1n\u00ed s t\u00edmto\u00a0 filmem, jen\u017ee\u00a0 poh\u00e1dky\u00a0 v\u017edy\u00a0 kon\u010d\u00ed\u00a0 dob\u0159e, \u017eel v t\u00e9to zemi to tak dob\u0159e\u00a0 nevypad\u00e1 a\u00a0 asi\u00a0 ani dlouho vypadat\u00a0 nebude, pokud\u00a0 neskon\u010d\u00edme\u00a0 jako onen obchodn\u00edk \u201eu\u00a0 sn\u011bden\u00e9ho\u00a0 kr\u00e1mu&quot; a st\u00e1t\u00a0 nep\u016fjde\u00a0 do\u00a0 bankrotu, ji\u017e\u00a0 te\u010f\u00a0 jsme se stali\u00a0 ban\u00e1novou\u00a0 republikou.  <\/p>\n<p align=\"justify\"> Mysl\u00edm si, \u017ee\u00a0 by bylo dobr\u00e9 p\u0159ipomenout ony sliby a\u00a0 l\u017ei a\u00a0 porovnat je\u00a0 s on\u00fdmi\u00a0 l\u00e9ty i sou\u010dasnosti, nemysl\u00edm si, \u017ee\u00a0 by pak\u00a0 V\u00e1clav Havel vy\u0161el z tohoto\u00a0 kl\u00e1n\u00ed tak\u00a0 v\u00edt\u011bzn\u011b, jak se n\u00e1m sna\u017e\u00ed nahovo\u0159it ti\u00a0 r\u016fzn\u00ed pravol\u00e1skovci a\u00a0 havlovci.\u00a0 V\u00fdvoj jen\u017e lze\u00a0 o\u010dek\u00e1vat a\u00a0 stav v ob\u010dansk\u00e9\u00a0 spole\u010dnosti, ale\u00a0 situace ve\u00a0 kter\u00e9 se\u00a0 nach\u00e1z\u00ed\u00a0 tento st\u00e1t, je toho v\u0161eho p\u0159\u00edkladem. J\u00e1\u00a0 opravdu\u00a0 miluji pravdu a s n\u00ed\u00a0 i l\u00e1sku\u00a0 k \u010dlov\u011bku, proto nesn\u00e1\u0161\u00edm pokrytectv\u00ed a\u00a0 nepreferuji\u00a0 lh\u00e1\u0159e a\u00a0 zaprodance.  <\/p>\n<p align=\"justify\"> \u00a0\u00a0\u00a0\u00a0\u00a0\u00a0\u00a0\u00a0\u00a0\u00a0\u00a0\u00a0\u00a0\u00a0\u00a0\u00a0\u00a0\u00a0\u00a0\u00a0\u00a0\u00a0\u00a0\u00a0\u00a0\u00a0\u00a0\u00a0\u00a0\u00a0\u00a0\u00a0\u00a0\u00a0\u00a0\u00a0\u00a0\u00a0\u00a0\u00a0\u00a0\u00a0\u00a0\u00a0\u00a0\u00a0\u00a0\u00a0\u00a0\u00a0\u00a0\u00a0\u00a0\u00a0\u00a0\u00a0\u00a0\u00a0\u00a0\u00a0\u00a0\u00a0\u00a0\u00a0\u00a0\u00a0\u00a0\u00a0\u00a0\u00a0\u00a0\u00a0\u00a0\u00a0\u00a0\u00a0\u00a0\u00a0\u00a0 Janu\u0161 Adamus  <\/p>\n","protected":false},"excerpt":{"rendered":"<p>Je\u00a0 zcela\u00a0 mo\u017en\u00e9, \u017ee\u00a0 pr\u016fzkum STEM, jen\u017e\u00a0 byl\u00a0 zve\u0159ejn\u011bn a\u00a0 jeho\u017e nosn\u00fdm bodem\u00a0 byla informace typu, \u017ee V\u00e1clav Havel\u00a0 je<\/p>\n","protected":false},"author":1,"featured_media":3,"comment_status":"open","ping_status":"open","sticky":false,"template":"","format":"standard","meta":{"_mi_skip_tracking":false,"_exactmetrics_sitenote_active":false,"_exactmetrics_sitenote_note":"","_exactmetrics_sitenote_category":0},"categories":[5],"tags":[125],"_links":{"self":[{"href":"http:\/\/novysmer.cz\/index.php\/wp-json\/wp\/v2\/posts\/915"}],"collection":[{"href":"http:\/\/novysmer.cz\/index.php\/wp-json\/wp\/v2\/posts"}],"about":[{"href":"http:\/\/novysmer.cz\/index.php\/wp-json\/wp\/v2\/types\/post"}],"author":[{"embeddable":true,"href":"http:\/\/novysmer.cz\/index.php\/wp-json\/wp\/v2\/users\/1"}],"replies":[{"embeddable":true,"href":"http:\/\/novysmer.cz\/index.php\/wp-json\/wp\/v2\/comments?post=915"}],"version-history":[{"count":0,"href":"http:\/\/novysmer.cz\/index.php\/wp-json\/wp\/v2\/posts\/915\/revisions"}],"wp:featuredmedia":[{"embeddable":true,"href":"http:\/\/novysmer.cz\/index.php\/wp-json\/wp\/v2\/media\/3"}],"wp:attachment":[{"href":"http:\/\/novysmer.cz\/index.php\/wp-json\/wp\/v2\/media?parent=915"}],"wp:term":[{"taxonomy":"category","embeddable":true,"href":"http:\/\/novysmer.cz\/index.php\/wp-json\/wp\/v2\/categories?post=915"},{"taxonomy":"post_tag","embeddable":true,"href":"http:\/\/novysmer.cz\/index.php\/wp-json\/wp\/v2\/tags?post=915"}],"curies":[{"name":"wp","href":"https:\/\/api.w.org\/{rel}","templated":true}]}}