{"id":965,"date":"2010-10-03T15:07:23","date_gmt":"2010-10-03T13:07:23","guid":{"rendered":"http:\/\/novysmer.cz\/index.php\/2010\/10\/03\/levice-mezi-minulosti-a-budoucnosti\/"},"modified":"2010-10-03T15:07:23","modified_gmt":"2010-10-03T13:07:23","slug":"levice-mezi-minulosti-a-budoucnosti","status":"publish","type":"post","link":"http:\/\/novysmer.cz\/index.php\/2010\/10\/03\/levice-mezi-minulosti-a-budoucnosti\/","title":{"rendered":"Levice mezi minulost\u00ed a budoucnost\u00ed"},"content":{"rendered":"<p align=\"justify\"> <img loading=\"lazy\" class=\" alignleft size-full wp-image-964\" style=\"width: 98px; height: 131px\" src=\"http:\/\/novysmer.cz\/wp-content\/uploads\/2010\/10\/20101003-dolejs.jpg\" border=\"0\" alt=\"20101003-dolejs\" title=\"20101003-dolejs\" hspace=\"5\" vspace=\"5\" width=\"98\" height=\"131\" align=\"left\" \/>Nakladatelstv\u00ed <em>Svoboda Servis<\/em> po\u0159\u00e1d\u00e1 autogrami\u00e1du a k\u0159est knihy Ji\u0159\u00edho Dolej\u0161e v pond\u011bl\u00ed 4. \u0159\u00edjna 2010 od 17.00 v Galerii Lapid\u00e1rium, R\u00e1mov\u00e1 6, Praha 1  <\/p>\n<p> <!--more--> <\/p>\n<p align=\"justify\"> Z\u00e1klady levicov\u00e9ho my\u0161len\u00ed byly polo\u017een\u00e9 v 19. stolet\u00ed. Ale nastupuj\u00edc\u00ed generace se nebude zaj\u00edmat o levicovou alternativu kv\u016fli sentimentu k minulosti, n\u00fdbr\u017e kv\u016fli budoucnosti. A proto tyto z\u00e1klady mus\u00ed proch\u00e1zet ur\u010ditou transformac\u00ed, aby byly schopny se vypo\u0159\u00e1dat se zm\u011bnami v na\u0161em okol\u00ed.  <\/p>\n<p align=\"justify\"> Degenerativn\u00ed procesy nemus\u00ed postihnout jenom na\u0161e art\u00e9rie. Podobn\u011b je tomu i s duchovn\u00edm \u017eivotem, se schopnost\u00ed okysli\u010dovat n\u00e1\u0161 \u017eivot pot\u0159ebn\u00fdmi idejemi. P\u0159\u00edznaky kornat\u011bn\u00ed ideologi\u00ed je tak\u00e9 zapot\u0159eb\u00ed v\u010das rozpoznat a tak\u00e9 d\u016fsledn\u011b l\u00e9\u010dit. Zbavit je doktrin\u00e1\u0159stv\u00ed, otev\u0159\u00edt v\u00edce horizonty na\u0161eho my\u0161len\u00ed budoucnosti.  <\/p>\n<p align=\"justify\"> Velk\u00e9 nad\u011bje na modernizaci levicov\u00e9ho my\u0161len\u00ed byly spojen\u00e9 s ud\u00e1lostmi p\u0159ed dv\u011bmi desetilet\u00edmi. Tok soci\u00e1ln\u00edho \u010dasu se tehdy zrychlil, ne\u017eivotnost dogmat byla nemilosrdn\u011b obna\u017eena. Levice se mohla otev\u0159\u00edt, dokonce i netradi\u010dn\u00edm inspirac\u00edm soci\u00e1ln\u00edho liberalizmu. V t\u0159\u00ed\u0161ti nesourod\u00fdch teori\u00ed je ale t\u0159eba prov\u00e9st \u00faklid, nejen je eklekticky pospojovat. A nejv\u011bt\u0161\u00ed hrozbou by bylo uv\u00edznut v sekt\u00e1\u0159sk\u00e9 izolaci r\u016fzn\u00fdch skupinek \u201evlastn\u00edk\u016f pravdy\u201c.  <\/p>\n<p align=\"justify\"> Konzervativn\u00ed levice p\u0159itom tak\u00e9 bojuje o ztracenou d\u016fv\u011bru, ov\u0161em hlavn\u011b symbolikou a ritu\u00e1ly a na z\u00e1klad\u011b iluze velk\u00e9ho n\u00e1vratu k ji\u017e dan\u00fdm p\u0159edstav\u00e1m. Toto my\u0161len\u00ed m\u00e1 tak\u00e9 svou soci\u00e1ln\u00ed b\u00e1zi, ale obran\u00e1\u0159sk\u00e1 mentalita j\u00ed br\u00e1n\u00ed vid\u011bt slabost vlastn\u00edch pozitivn\u00edch \u0159e\u0161en\u00ed. O\u017eivuje riziko \u00fastupu od racionality k inkvizitorsky str\u00e1\u017een\u00fdm utopi\u00edm a k iluzi pokrok\u00e1\u0159sk\u00e9ho chiliasmu.  <\/p>\n<p align=\"justify\"> Ve sporu modernizace a konzervace levice je d\u016fle\u017eit\u00fd jej\u00ed vlastn\u00ed proces vyrovn\u00e1v\u00e1n\u00ed s minulost\u00ed, V n\u011bm m\u00e1 kl\u00ed\u010dov\u00e9 postaven\u00ed pojem \u201estalinismu\u201c jako cel\u00e9ho syst\u00e9mu zneu\u017eit\u00ed moci umo\u017e\u0148uj\u00edc\u00ed r\u016fzn\u00e9 deformace i zlo\u010diny minul\u00e9ho re\u017eimu. Chyb\u011bt nesm\u00ed ani anal\u00fdza marn\u00fdch hospod\u00e1\u0159sk\u00fdch reforem minul\u00e9ho re\u017eimu jako odrazov\u00fd m\u016fstek k nov\u00e9mu ekonomick\u00e9ho my\u0161len\u00ed v r\u00e1mci levice. Spojen\u00ed trhu a ekonomick\u00e9 demokracie m\u016f\u017ee b\u00fdt po minul\u00fdch zku\u0161enostech vhodnou inspirac\u00ed.  <\/p>\n<p align=\"justify\"> V\u00fdzvou pro levici je uchopen\u00ed enviroment\u00e1ln\u00ed problematiky. U jej\u00ed \u0161pi\u010dkov\u00e9 reprezentace by ov\u0161em m\u011bly b\u00fdt nahrazeny pouh\u00e9 pon\u011bkud \u00fa\u010delov\u00e9 zelen\u00e9 mimikry skute\u010dn\u00fdm z\u00e1jmem o ekologickou odpov\u011bdnost. A ujasnit si vz\u00e1jemn\u00fd vztah sv\u00fdch soci\u00e1ln\u00edch, ekonomick\u00fdch a ekologick\u00fdch c\u00edl\u016f. Nejsou p\u0159eci tajemstv\u00edm vnit\u0159n\u00ed rozpory v n\u00e1zorech levice na ot\u00e1zky ekologick\u00e9 energetiky, obrany konkurenceschopnosti dom\u00e1c\u00edho pr\u016fmyslu \u010di vztahu byrokracie zastupuj\u00edc\u00ed ve\u0159ejn\u00fd z\u00e1jem a ob\u010dansk\u00fdch ekologick\u00fdch iniciativ.  <\/p>\n<p align=\"justify\"> Obdobn\u011b rozpolcen\u011b p\u016fsob\u00ed levice pokud jde o evropsk\u00fd rozm\u011br jej\u00edho p\u016fsoben\u00ed. Potvrzuj\u00ed to debaty p\u0159i vstupu do EU \u010di p\u0159i schvalov\u00e1n\u00ed Lisabonsk\u00e9 smlouvy. Pro \u010desk\u00e9 komunisty st\u00e1le z\u016fst\u00e1v\u00e1 nedo\u0159e\u0161enou ot\u00e1zkou projekt Strany evropsk\u00e9 levice. Proevropsky uva\u017euj\u00edc\u00ed \u010dlov\u011bk ale p\u0159eci nevysta\u010d\u00ed s pouhou kritikou nedostatk\u016f evropsk\u00e9 integrace, zaj\u00edm\u00e1 se o to, jak objektivn\u00ed p\u0159\u00ednosy tohoto procesu rozvinout, pop\u0159, jak\u00e9 levice navrhuje pou\u017eiteln\u00e9 alternativy.  <\/p>\n<p align=\"justify\"> Pro d\u011bdice my\u0161lenky historick\u00e9ho pokroku je d\u016fle\u017eit\u00e9 naj\u00edt konkr\u00e9tn\u011bj\u0161\u00ed vyj\u00e1d\u0159en\u00ed teze \u201eJin\u00fd sv\u011bt je mo\u017en\u00fd\u201c. Z\u00e1jem o budoucnost m\u00e1 sv\u00e9 f\u00e1ze vzestupu a poklesu. Nyn\u00ed z\u00e1jem o budoucnost znovu o\u017e\u00edv\u00e1. Neust\u00e1l\u00fd tlak operativn\u00edch \u00fakol\u016f zat\u00edm levici znesnad\u0148uje pohled za horizont nejbli\u017e\u0161\u00edch ud\u00e1lost\u00ed. Schopnost strategick\u00e9ho vhledu do vzd\u00e1len\u011bj\u0161\u00ed budoucnosti a sout\u011b\u017e skute\u010dn\u011b moderniza\u010dn\u00edch koncepc\u00ed ale zv\u00fd\u0161\u00ed spole\u010dn\u00e9 \u0161ance v nejbli\u017e\u0161\u00edm desetilet\u00ed.  <\/p>\n<p align=\"justify\"> Naps\u00e1no ke knize Ji\u0159\u00edho Dolej\u0161e \u201eLevice mezi minulost\u00ed a budoucnost\u00ed\u201c, kter\u00e1 pr\u00e1v\u011b vy\u0161la v nakladatelstv\u00ed Svoboda Servis (ISBN 978-80-96330-67-0)  <\/p>\n<p align=\"justify\"> Z blogu autora: <a href=\"http:\/\/blog.aktualne.centrum.cz\/blogy\/jiri-dolejs.php?itemid=10920\" target=\"_blank\" rel=\"noopener noreferrer\">http:\/\/blog.aktualne.centrum.cz\/blogy\/jiri-dolejs.php?itemid=10920<\/a>\u00a0  <\/p>\n","protected":false},"excerpt":{"rendered":"<p>Nakladatelstv\u00ed Svoboda Servis po\u0159\u00e1d\u00e1 autogrami\u00e1du a k\u0159est knihy Ji\u0159\u00edho Dolej\u0161e v pond\u011bl\u00ed 4. \u0159\u00edjna 2010 od 17.00 v Galerii Lapid\u00e1rium,<\/p>\n","protected":false},"author":1,"featured_media":964,"comment_status":"open","ping_status":"open","sticky":false,"template":"","format":"standard","meta":{"_mi_skip_tracking":false,"_exactmetrics_sitenote_active":false,"_exactmetrics_sitenote_note":"","_exactmetrics_sitenote_category":0},"categories":[6],"tags":[],"_links":{"self":[{"href":"http:\/\/novysmer.cz\/index.php\/wp-json\/wp\/v2\/posts\/965"}],"collection":[{"href":"http:\/\/novysmer.cz\/index.php\/wp-json\/wp\/v2\/posts"}],"about":[{"href":"http:\/\/novysmer.cz\/index.php\/wp-json\/wp\/v2\/types\/post"}],"author":[{"embeddable":true,"href":"http:\/\/novysmer.cz\/index.php\/wp-json\/wp\/v2\/users\/1"}],"replies":[{"embeddable":true,"href":"http:\/\/novysmer.cz\/index.php\/wp-json\/wp\/v2\/comments?post=965"}],"version-history":[{"count":0,"href":"http:\/\/novysmer.cz\/index.php\/wp-json\/wp\/v2\/posts\/965\/revisions"}],"wp:featuredmedia":[{"embeddable":true,"href":"http:\/\/novysmer.cz\/index.php\/wp-json\/wp\/v2\/media\/964"}],"wp:attachment":[{"href":"http:\/\/novysmer.cz\/index.php\/wp-json\/wp\/v2\/media?parent=965"}],"wp:term":[{"taxonomy":"category","embeddable":true,"href":"http:\/\/novysmer.cz\/index.php\/wp-json\/wp\/v2\/categories?post=965"},{"taxonomy":"post_tag","embeddable":true,"href":"http:\/\/novysmer.cz\/index.php\/wp-json\/wp\/v2\/tags?post=965"}],"curies":[{"name":"wp","href":"https:\/\/api.w.org\/{rel}","templated":true}]}}